{"id":43766,"date":"2026-04-30T17:06:53","date_gmt":"2026-04-30T20:06:53","guid":{"rendered":"https:\/\/diariodocomercio.com.br\/mix\/?p=43766"},"modified":"2026-04-30T17:06:56","modified_gmt":"2026-04-30T20:06:56","slug":"reducao-e-confirmada-no-brasil-e-nova-realidade-ja-esta-sendo-sentida-nos-quatro-cantos-do-pais","status":"publish","type":"post","link":"https:\/\/diariodocomercio.com.br\/mix\/reducao-e-confirmada-no-brasil-e-nova-realidade-ja-esta-sendo-sentida-nos-quatro-cantos-do-pais\/","title":{"rendered":"Redu\u00e7\u00e3o \u00e9 confirmada no Brasil e nova realidade j\u00e1 est\u00e1 sendo sentida nos quatro cantos do pa\u00eds"},"content":{"rendered":"\n<p>O <strong>Banco Central do Brasil <\/strong>decidiu, em 29 de abril de 2026, reduzir a taxa Selic para <strong>14,5% ao ano. <\/strong>O corte de 0,25 ponto percentual foi decidido por unanimidade pelo Comit\u00ea de Pol\u00edtica Monet\u00e1ria (Copom). A decis\u00e3o gera um impacto nacional nos pre\u00e7os de combust\u00edveis e alimentos, evidenciando a interdepend\u00eancia econ\u00f4mica.<\/p>\n\n\n\n<p>O BC reduziu de 14,75% para 14,5%. O atual corte faz parte de uma tentativa cont\u00ednua do BC de ajustar o crescimento econ\u00f4mico brasileiro, com uma previs\u00e3o de aumento de 1,6% para 2026, apesar das proje\u00e7\u00f5es de infla\u00e7\u00e3o ainda distantes da meta.<\/p>\n\n\n\n<h2 class=\"wp-block-heading\">Desafios internos no Banco Central<\/h2>\n\n\n\n<p>Internamente, o Banco Central enfrenta mudan\u00e7as em sua administra\u00e7\u00e3o. Dois diretores deixaram seus cargos recentemente, e as substitui\u00e7\u00f5es ainda aguardam indica\u00e7\u00f5es do presidente Lula e a aprova\u00e7\u00e3o pelo Congresso. Al\u00e9m disso, o diretor de Administra\u00e7\u00e3o se ausentou devido a um falecimento familiar.&nbsp;<\/p>\n\n\n\n<p>O \u00faltimo relat\u00f3rio do Copom destacou que as expectativas inflacion\u00e1rias est\u00e3o acima da meta, com a infla\u00e7\u00e3o oficial, medida pelo IPCA, acumulando 4,37% nos 12 meses at\u00e9 abril de 2026.<\/p>\n\n\n\n<p>Essa alta deve-se em parte \u00e0s incertezas geradas pelo conflito no Oriente M\u00e9dio. A meta de infla\u00e7\u00e3o continua em 3%, com uma margem de varia\u00e7\u00e3o de 1,5 ponto percentual.<\/p>\n\n\n\n<h2 class=\"wp-block-heading\">Impacto da decis\u00e3o&nbsp;<\/h2>\n\n\n\n<p>A Selic, sendo uma ferramenta chave para o controle da infla\u00e7\u00e3o, permanece vital para o equil\u00edbrio do mercado financeiro brasileiro. Ainda assim, a recente redu\u00e7\u00e3o busca promover crescimento econ\u00f4mico diante do cen\u00e1rio global desafiador.<\/p>\n\n\n\n<p>O Banco Central pretende continuar regulando a economia sem desconsiderar a necessidade de manter a estabilidade monet\u00e1ria.<\/p>\n\n\n\n<p>As decis\u00f5es futuras do BC ser\u00e3o cruciais para ajustar os impactos internos dos desafios econ\u00f4micos globais. Espera-se que o Comit\u00ea de Pol\u00edtica Monet\u00e1ria continue monitorando de perto os \u00edndices inflacion\u00e1rios e o crescimento.<\/p>\n","protected":false},"excerpt":{"rendered":"<p>A decis\u00e3o gera um impacto nacional. Confira detalhes.<\/p>\n","protected":false},"author":12,"featured_media":10069,"comment_status":"closed","ping_status":"closed","sticky":false,"template":"","format":"standard","meta":{"jnews-multi-image_gallery":[],"jnews_single_post":{"format":"standard"},"jnews_primary_category":[],"jnews_social_meta":[],"jnews_override_counter":[],"jnews_post_split":[],"footnotes":""},"categories":[1],"tags":[],"class_list":["post-43766","post","type-post","status-publish","format-standard","has-post-thumbnail","hentry","category-geral"],"_referencia":"","_links":{"self":[{"href":"https:\/\/diariodocomercio.com.br\/mix\/wp-json\/wp\/v2\/posts\/43766","targetHints":{"allow":["GET"]}}],"collection":[{"href":"https:\/\/diariodocomercio.com.br\/mix\/wp-json\/wp\/v2\/posts"}],"about":[{"href":"https:\/\/diariodocomercio.com.br\/mix\/wp-json\/wp\/v2\/types\/post"}],"author":[{"embeddable":true,"href":"https:\/\/diariodocomercio.com.br\/mix\/wp-json\/wp\/v2\/users\/12"}],"replies":[{"embeddable":true,"href":"https:\/\/diariodocomercio.com.br\/mix\/wp-json\/wp\/v2\/comments?post=43766"}],"version-history":[{"count":2,"href":"https:\/\/diariodocomercio.com.br\/mix\/wp-json\/wp\/v2\/posts\/43766\/revisions"}],"predecessor-version":[{"id":43770,"href":"https:\/\/diariodocomercio.com.br\/mix\/wp-json\/wp\/v2\/posts\/43766\/revisions\/43770"}],"wp:featuredmedia":[{"embeddable":true,"href":"https:\/\/diariodocomercio.com.br\/mix\/wp-json\/wp\/v2\/media\/10069"}],"wp:attachment":[{"href":"https:\/\/diariodocomercio.com.br\/mix\/wp-json\/wp\/v2\/media?parent=43766"}],"wp:term":[{"taxonomy":"category","embeddable":true,"href":"https:\/\/diariodocomercio.com.br\/mix\/wp-json\/wp\/v2\/categories?post=43766"},{"taxonomy":"post_tag","embeddable":true,"href":"https:\/\/diariodocomercio.com.br\/mix\/wp-json\/wp\/v2\/tags?post=43766"}],"curies":[{"name":"wp","href":"https:\/\/api.w.org\/{rel}","templated":true}]}}