{"id":43769,"date":"2026-04-30T17:22:00","date_gmt":"2026-04-30T20:22:00","guid":{"rendered":"https:\/\/diariodocomercio.com.br\/mix\/?p=43769"},"modified":"2026-04-30T17:08:32","modified_gmt":"2026-04-30T20:08:32","slug":"beneficio-sera-cancelado-para-quem-nao-agir-ate-as-23h-e-59-minutos-desta-quinta-feira-30","status":"publish","type":"post","link":"https:\/\/diariodocomercio.com.br\/mix\/beneficio-sera-cancelado-para-quem-nao-agir-ate-as-23h-e-59-minutos-desta-quinta-feira-30\/","title":{"rendered":"Benef\u00edcio ser\u00e1 cancelado para quem n\u00e3o agir at\u00e9 as 23h e 59 minutos desta quinta-feira (30)"},"content":{"rendered":"\n<p>O prazo para solicitar a isen\u00e7\u00e3o da taxa de inscri\u00e7\u00e3o do Exame Nacional do Ensino M\u00e9dio (Enem) 2026 termina \u00e0s 23h59 desta quinta-feira (30), e candidatos que n\u00e3o fizerem o procedimento dentro do per\u00edodo podem perder o direito ao benef\u00edcio. A solicita\u00e7\u00e3o deve ser feita exclusivamente pela P\u00e1gina do Participante, com acesso via portal Gov.br.<\/p>\n\n\n\n<p>Al\u00e9m de novos pedidos, o prazo tamb\u00e9m vale para quem conseguiu a isen\u00e7\u00e3o no Enem 2025, mas n\u00e3o compareceu \u00e0s provas e precisa justificar a aus\u00eancia para ter novamente a gratuidade neste ano.<\/p>\n\n\n\n<p>O benef\u00edcio \u00e9 destinado a candidatos que se enquadram em crit\u00e9rios socioecon\u00f4micos espec\u00edficos. Entre os principais grupos com direito \u00e0 gratuidade est\u00e3o:<\/p>\n\n\n\n<ul class=\"wp-block-list\">\n<li>Estudantes matriculados no \u00faltimo ano do ensino m\u00e9dio em escola p\u00fablica em 2026;<\/li>\n\n\n\n<li>Quem cursou todo o ensino m\u00e9dio em escola p\u00fablica ou como bolsista integral em escola privada, com renda familiar de at\u00e9 um sal\u00e1rio m\u00ednimo e meio por pessoa;<\/li>\n\n\n\n<li>Inscritos no Cadastro \u00danico para Programas Sociais do governo federal (Cad\u00danico);<\/li>\n\n\n\n<li>Participantes do programa P\u00e9-de-Meia.<\/li>\n<\/ul>\n\n\n\n<p>No caso dos candidatos que faltaram ao Enem 2025, \u00e9 obrigat\u00f3rio apresentar documenta\u00e7\u00e3o que comprove o motivo da aus\u00eancia, conforme regras previstas no edital.<\/p>\n\n\n\n<h2 class=\"wp-block-heading\"><strong>O que acontece ap\u00f3s o pedido<\/strong><\/h2>\n\n\n\n<p>O Instituto Nacional de Estudos e Pesquisas Educacionais An\u00edsio Teixeira (Inep) informou que os resultados das solicita\u00e7\u00f5es ser\u00e3o divulgados no dia 13 de maio. Haver\u00e1 prazo para recursos entre 13 e 19 de maio, com resultado final previsto para o dia 25.<\/p>\n\n\n\n<p>Mesmo com a isen\u00e7\u00e3o aprovada, os candidatos precisar\u00e3o realizar a inscri\u00e7\u00e3o no exame posteriormente, em data que ainda ser\u00e1 definida em edital pr\u00f3prio. J\u00e1 aqueles que tiverem o pedido negado em definitivo precisar\u00e3o pagar a taxa para garantir participa\u00e7\u00e3o no exame.<\/p>\n\n\n\n<h2 class=\"wp-block-heading\"><strong>Mobiliza\u00e7\u00e3o nas escolas e alerta aos estudantes<\/strong><\/h2>\n\n\n\n<p>Redes estaduais de ensino t\u00eam registrado alta ades\u00e3o ao pedido de isen\u00e7\u00e3o, com escolas chegando a 100% de participa\u00e7\u00e3o entre alunos concluintes. A mobiliza\u00e7\u00e3o envolve orienta\u00e7\u00e3o direta de professores e gestores para evitar que estudantes percam o prazo.<\/p>\n\n\n\n<p>O Enem \u00e9 a principal porta de entrada para o ensino superior no Brasil, sendo utilizado em programas como Sisu e ProUni, al\u00e9m de servir como crit\u00e9rio para acesso ao Fies.<\/p>\n","protected":false},"excerpt":{"rendered":"<p>O prazo para solicitar a isen\u00e7\u00e3o da taxa de inscri\u00e7\u00e3o do Exame Nacional do Ensino M\u00e9dio (Enem) 2026 termina \u00e0s 23h59 desta quinta-feira (30), e candidatos que n\u00e3o fizerem o procedimento dentro do per\u00edodo podem perder o direito ao benef\u00edcio. A solicita\u00e7\u00e3o deve ser feita exclusivamente pela P\u00e1gina do Participante, com acesso via portal Gov.br. [&hellip;]<\/p>\n","protected":false},"author":9,"featured_media":9848,"comment_status":"closed","ping_status":"closed","sticky":false,"template":"","format":"standard","meta":{"jnews-multi-image_gallery":[],"jnews_single_post":{"format":"standard"},"jnews_primary_category":[],"jnews_social_meta":[],"jnews_override_counter":[],"jnews_post_split":[],"footnotes":""},"categories":[1],"tags":[],"class_list":["post-43769","post","type-post","status-publish","format-standard","has-post-thumbnail","hentry","category-geral"],"_referencia":"","_links":{"self":[{"href":"https:\/\/diariodocomercio.com.br\/mix\/wp-json\/wp\/v2\/posts\/43769","targetHints":{"allow":["GET"]}}],"collection":[{"href":"https:\/\/diariodocomercio.com.br\/mix\/wp-json\/wp\/v2\/posts"}],"about":[{"href":"https:\/\/diariodocomercio.com.br\/mix\/wp-json\/wp\/v2\/types\/post"}],"author":[{"embeddable":true,"href":"https:\/\/diariodocomercio.com.br\/mix\/wp-json\/wp\/v2\/users\/9"}],"replies":[{"embeddable":true,"href":"https:\/\/diariodocomercio.com.br\/mix\/wp-json\/wp\/v2\/comments?post=43769"}],"version-history":[{"count":1,"href":"https:\/\/diariodocomercio.com.br\/mix\/wp-json\/wp\/v2\/posts\/43769\/revisions"}],"predecessor-version":[{"id":43772,"href":"https:\/\/diariodocomercio.com.br\/mix\/wp-json\/wp\/v2\/posts\/43769\/revisions\/43772"}],"wp:featuredmedia":[{"embeddable":true,"href":"https:\/\/diariodocomercio.com.br\/mix\/wp-json\/wp\/v2\/media\/9848"}],"wp:attachment":[{"href":"https:\/\/diariodocomercio.com.br\/mix\/wp-json\/wp\/v2\/media?parent=43769"}],"wp:term":[{"taxonomy":"category","embeddable":true,"href":"https:\/\/diariodocomercio.com.br\/mix\/wp-json\/wp\/v2\/categories?post=43769"},{"taxonomy":"post_tag","embeddable":true,"href":"https:\/\/diariodocomercio.com.br\/mix\/wp-json\/wp\/v2\/tags?post=43769"}],"curies":[{"name":"wp","href":"https:\/\/api.w.org\/{rel}","templated":true}]}}