{"id":43773,"date":"2026-04-30T18:58:00","date_gmt":"2026-04-30T21:58:00","guid":{"rendered":"https:\/\/diariodocomercio.com.br\/mix\/?p=43773"},"modified":"2026-04-30T17:12:55","modified_gmt":"2026-04-30T20:12:55","slug":"reducao-e-confirmada-pelo-inss-e-26-milhoes-de-pessoas-sao-avisadas","status":"publish","type":"post","link":"https:\/\/diariodocomercio.com.br\/mix\/reducao-e-confirmada-pelo-inss-e-26-milhoes-de-pessoas-sao-avisadas\/","title":{"rendered":"Redu\u00e7\u00e3o \u00e9 confirmada pelo INSS e 2,6 milh\u00f5es de pessoas s\u00e3o avisadas"},"content":{"rendered":"\n<p>A fila de requerimentos do Instituto Nacional do Seguro Social (INSS) apresentou queda nos \u00faltimos meses, passando de 3,1 milh\u00f5es de pedidos em fevereiro para 2,6 milh\u00f5es em abril de 2026. A redu\u00e7\u00e3o de cerca de 500 mil solicita\u00e7\u00f5es foi divulgada durante a 324\u00aa reuni\u00e3o do Conselho Nacional de Previd\u00eancia Social (CNPS), em Bras\u00edlia, e indica um recuo de aproximadamente 16% no per\u00edodo.<\/p>\n\n\n\n<p>Apesar do avan\u00e7o, o volume de processos ainda \u00e9 considerado elevado e evidencia um desafio estrutural enfrentado pelo sistema previdenci\u00e1rio brasileiro, que h\u00e1 anos lida com dificuldades para atender \u00e0 demanda dentro dos prazos legais.<\/p>\n\n\n\n<p>Na tentativa de reduzir ainda mais o tempo de espera, o governo federal anunciou o programa \u201cAcelera INSS\u201d, com dura\u00e7\u00e3o prevista de 90 dias. A iniciativa tem como foco principal agilizar a an\u00e1lise de benef\u00edcios que est\u00e3o parados h\u00e1 mais de 45 dias, prazo considerado legal para resposta ao cidad\u00e3o.<\/p>\n\n\n\n<p>A meta \u00e9 reduzir o estoque desses pedidos para menos de 400 mil at\u00e9 o fim do per\u00edodo. Para isso, o plano inclui medidas como mutir\u00f5es de atendimento em todo o pa\u00eds, refor\u00e7o no quadro de funcion\u00e1rios e ajustes operacionais nos sistemas internos.<\/p>\n\n\n\n<p>Entre as a\u00e7\u00f5es previstas est\u00e3o a nomea\u00e7\u00e3o de 300 assistentes sociais, a solicita\u00e7\u00e3o de mais 300 servidores e a abertura de um novo concurso p\u00fablico com at\u00e9 2 mil vagas. Segundo a presid\u00eancia do INSS, a proposta busca n\u00e3o apenas diminuir a fila, mas reorganizar o fluxo de atendimento e tornar o sistema mais eficiente.<\/p>\n\n\n\n<h2 class=\"wp-block-heading\"><strong>Mudan\u00e7as nas regras buscam conter novos atrasos<\/strong><\/h2>\n\n\n\n<p>Al\u00e9m do refor\u00e7o operacional, o INSS tamb\u00e9m adotou mudan\u00e7as para evitar o aumento da fila. Uma nova norma limita a realiza\u00e7\u00e3o de m\u00faltiplos pedidos para o mesmo tipo de benef\u00edcio enquanto ainda houver prazo para recurso da solicita\u00e7\u00e3o anterior.<\/p>\n\n\n\n<p>Na pr\u00e1tica, o segurado dever\u00e1 aguardar at\u00e9 30 dias ap\u00f3s a resposta do \u00f3rg\u00e3o antes de fazer um novo pedido. A medida foi adotada ap\u00f3s o instituto identificar que uma parcela significativa das solicita\u00e7\u00f5es era duplicada, o que contribu\u00eda para o congestionamento do sistema.<\/p>\n\n\n\n<p>Dados internos apontam que mais de 40% dos pedidos reaparecem em at\u00e9 30 dias ap\u00f3s a conclus\u00e3o do processo inicial, o que gera sobrecarga e dificulta o andamento das an\u00e1lises.<\/p>\n\n\n\n<p>A redu\u00e7\u00e3o da fila representa um al\u00edvio parcial para milh\u00f5es de brasileiros que aguardam respostas sobre aposentadorias, pens\u00f5es e outros benef\u00edcios. No entanto, o n\u00famero ainda elevado de processos mostra que o desafio est\u00e1 longe de ser resolvido.<\/p>\n","protected":false},"excerpt":{"rendered":"<p>A fila de requerimentos do Instituto Nacional do Seguro Social (INSS) apresentou queda nos \u00faltimos meses, passando de 3,1 milh\u00f5es de pedidos em fevereiro para 2,6 milh\u00f5es em abril de 2026. A redu\u00e7\u00e3o de cerca de 500 mil solicita\u00e7\u00f5es foi divulgada durante a 324\u00aa reuni\u00e3o do Conselho Nacional de Previd\u00eancia Social (CNPS), em Bras\u00edlia, e [&hellip;]<\/p>\n","protected":false},"author":9,"featured_media":23191,"comment_status":"closed","ping_status":"closed","sticky":false,"template":"","format":"standard","meta":{"jnews-multi-image_gallery":[],"jnews_single_post":{"format":"standard"},"jnews_primary_category":[],"jnews_social_meta":[],"jnews_override_counter":[],"jnews_post_split":[],"footnotes":""},"categories":[1],"tags":[],"class_list":["post-43773","post","type-post","status-publish","format-standard","has-post-thumbnail","hentry","category-geral"],"_referencia":"","_links":{"self":[{"href":"https:\/\/diariodocomercio.com.br\/mix\/wp-json\/wp\/v2\/posts\/43773","targetHints":{"allow":["GET"]}}],"collection":[{"href":"https:\/\/diariodocomercio.com.br\/mix\/wp-json\/wp\/v2\/posts"}],"about":[{"href":"https:\/\/diariodocomercio.com.br\/mix\/wp-json\/wp\/v2\/types\/post"}],"author":[{"embeddable":true,"href":"https:\/\/diariodocomercio.com.br\/mix\/wp-json\/wp\/v2\/users\/9"}],"replies":[{"embeddable":true,"href":"https:\/\/diariodocomercio.com.br\/mix\/wp-json\/wp\/v2\/comments?post=43773"}],"version-history":[{"count":1,"href":"https:\/\/diariodocomercio.com.br\/mix\/wp-json\/wp\/v2\/posts\/43773\/revisions"}],"predecessor-version":[{"id":43776,"href":"https:\/\/diariodocomercio.com.br\/mix\/wp-json\/wp\/v2\/posts\/43773\/revisions\/43776"}],"wp:featuredmedia":[{"embeddable":true,"href":"https:\/\/diariodocomercio.com.br\/mix\/wp-json\/wp\/v2\/media\/23191"}],"wp:attachment":[{"href":"https:\/\/diariodocomercio.com.br\/mix\/wp-json\/wp\/v2\/media?parent=43773"}],"wp:term":[{"taxonomy":"category","embeddable":true,"href":"https:\/\/diariodocomercio.com.br\/mix\/wp-json\/wp\/v2\/categories?post=43773"},{"taxonomy":"post_tag","embeddable":true,"href":"https:\/\/diariodocomercio.com.br\/mix\/wp-json\/wp\/v2\/tags?post=43773"}],"curies":[{"name":"wp","href":"https:\/\/api.w.org\/{rel}","templated":true}]}}