{"id":43783,"date":"2026-04-30T17:54:00","date_gmt":"2026-04-30T20:54:00","guid":{"rendered":"https:\/\/diariodocomercio.com.br\/mix\/?p=43783"},"modified":"2026-04-30T17:33:34","modified_gmt":"2026-04-30T20:33:34","slug":"lula-sofre-derrota-antes-das-eleicoes-e-bolsonaro-pode-voltar-antes-do-previsto","status":"publish","type":"post","link":"https:\/\/diariodocomercio.com.br\/mix\/lula-sofre-derrota-antes-das-eleicoes-e-bolsonaro-pode-voltar-antes-do-previsto\/","title":{"rendered":"Lula sofre derrota antes das elei\u00e7\u00f5es e Bolsonaro pode voltar antes do previsto"},"content":{"rendered":"\n<p>O Congresso Nacional do Brasil <strong>derrubou<\/strong>, nesta quinta-feira, 30 de abril, o <strong>veto do presidente<\/strong> Luiz In\u00e1cio Lula da Silva ao <strong>Projeto de Lei da Dosimetria<\/strong>, representando uma derrota pol\u00edtica para o mandat\u00e1rio, que \u00e9 contra a medida. Com isso, surgem implica\u00e7\u00f5es significativas para o cen\u00e1rio pol\u00edtico, especialmente para o ex-presidente Jair Bolsonaro.<\/p>\n\n\n\n<p>A derrubada do veto, aprovada por 318 votos na C\u00e2mara e 49 no Senado, oferece a possibilidade de Bolsonaro retornar \u00e0 pol\u00edtica ativa antes do esperado.&nbsp;<\/p>\n\n\n\n<p>A nova legisla\u00e7\u00e3o impede a soma de penas por dois crimes, permitindo que a pena mais grave seja aplicada com acr\u00e9scimo de at\u00e9 metade da sua dura\u00e7\u00e3o. A medida alcan\u00e7a cerca de 190 pessoas condenadas por atos antidemocr\u00e1ticos, incluindo Bolsonaro, atualmente em pris\u00e3o domiciliar ap\u00f3s condena\u00e7\u00e3o por tentativa de golpe.<\/p>\n\n\n\n<h2 class=\"wp-block-heading\">Repercuss\u00f5es para Bolsonaro<\/h2>\n\n\n\n<p>Essa mudan\u00e7a legislativa pode <strong>diminuir a pena de Bolsonaro<\/strong>, encurtando o tempo para sua elegibilidade a cargos p\u00fablicos. Com a derrubada do veto, alguns condenados podem ver suas penas reduzidas, desde que n\u00e3o tenham liderado ou financiado os eventos violentos.<\/p>\n\n\n\n<p>Segundo informa\u00e7\u00f5es da Vara de Execu\u00e7\u00f5es Penais do Distrito Federal, a mudan\u00e7a do regime do ex-presidente para o semiaberto s\u00f3 poderia ocorrer a partir do ano de 2033. No entanto, especialistas na \u00e1rea jur\u00eddica avaliam que, uma vez que o novo projeto de lei entre em vigor, esse prazo pode ser reduzido significativamente.<\/p>\n\n\n\n<p>As proje\u00e7\u00f5es indicam que, com a aplica\u00e7\u00e3o das novas regras, a migra\u00e7\u00e3o para o regime semiaberto poderia acontecer em um intervalo de dois a quatro anos.<\/p>\n\n\n\n<h2 class=\"wp-block-heading\">Tens\u00f5es pol\u00edticas<\/h2>\n\n\n\n<p>A decis\u00e3o do Congresso veio em um momento de tens\u00e3o entre o governo Lula e o Congresso, intensificado pela rejei\u00e7\u00e3o do Senado \u00e0 indica\u00e7\u00e3o de um novo membro do Supremo Tribunal Federal. Esse ambiente de instabilidade pol\u00edtica aprofunda as diverg\u00eancias entre os poderes.<\/p>\n\n\n\n<h2 class=\"wp-block-heading\">Cen\u00e1rio para 2026<\/h2>\n\n\n\n<p>A derrubada do veto \u00e9 apenas o primeiro passo para uma reviravolta pol\u00edtica. Mesmo com a promulga\u00e7\u00e3o, o STF pode ser acionado para revisar a constitucionalidade das mudan\u00e7as.<\/p>\n\n\n\n<p>A possibilidade de uma candidatura de Bolsonaro depender\u00e1 de vari\u00e1veis jur\u00eddicas e pol\u00edticas que ainda est\u00e3o por se definir.<\/p>\n","protected":false},"excerpt":{"rendered":"<p>Com isso, surgem implica\u00e7\u00f5es significativas para o cen\u00e1rio pol\u00edtico.<\/p>\n","protected":false},"author":12,"featured_media":15729,"comment_status":"closed","ping_status":"closed","sticky":false,"template":"","format":"standard","meta":{"jnews-multi-image_gallery":[],"jnews_single_post":{"format":"standard"},"jnews_primary_category":[],"jnews_social_meta":[],"jnews_override_counter":[],"jnews_post_split":[],"footnotes":""},"categories":[1],"tags":[],"class_list":["post-43783","post","type-post","status-publish","format-standard","has-post-thumbnail","hentry","category-geral"],"_referencia":"","_links":{"self":[{"href":"https:\/\/diariodocomercio.com.br\/mix\/wp-json\/wp\/v2\/posts\/43783","targetHints":{"allow":["GET"]}}],"collection":[{"href":"https:\/\/diariodocomercio.com.br\/mix\/wp-json\/wp\/v2\/posts"}],"about":[{"href":"https:\/\/diariodocomercio.com.br\/mix\/wp-json\/wp\/v2\/types\/post"}],"author":[{"embeddable":true,"href":"https:\/\/diariodocomercio.com.br\/mix\/wp-json\/wp\/v2\/users\/12"}],"replies":[{"embeddable":true,"href":"https:\/\/diariodocomercio.com.br\/mix\/wp-json\/wp\/v2\/comments?post=43783"}],"version-history":[{"count":2,"href":"https:\/\/diariodocomercio.com.br\/mix\/wp-json\/wp\/v2\/posts\/43783\/revisions"}],"predecessor-version":[{"id":43787,"href":"https:\/\/diariodocomercio.com.br\/mix\/wp-json\/wp\/v2\/posts\/43783\/revisions\/43787"}],"wp:featuredmedia":[{"embeddable":true,"href":"https:\/\/diariodocomercio.com.br\/mix\/wp-json\/wp\/v2\/media\/15729"}],"wp:attachment":[{"href":"https:\/\/diariodocomercio.com.br\/mix\/wp-json\/wp\/v2\/media?parent=43783"}],"wp:term":[{"taxonomy":"category","embeddable":true,"href":"https:\/\/diariodocomercio.com.br\/mix\/wp-json\/wp\/v2\/categories?post=43783"},{"taxonomy":"post_tag","embeddable":true,"href":"https:\/\/diariodocomercio.com.br\/mix\/wp-json\/wp\/v2\/tags?post=43783"}],"curies":[{"name":"wp","href":"https:\/\/api.w.org\/{rel}","templated":true}]}}