{"id":43789,"date":"2026-05-01T07:04:00","date_gmt":"2026-05-01T10:04:00","guid":{"rendered":"https:\/\/diariodocomercio.com.br\/mix\/?p=43789"},"modified":"2026-04-30T17:39:11","modified_gmt":"2026-04-30T20:39:11","slug":"alerta-geral-para-todos-os-brasileiros-que-sao-mei","status":"publish","type":"post","link":"https:\/\/diariodocomercio.com.br\/mix\/alerta-geral-para-todos-os-brasileiros-que-sao-mei\/","title":{"rendered":"Alerta geral para todos os brasileiros que s\u00e3o MEI"},"content":{"rendered":"\n<p>O prazo final para os Microempreendedores Individuais (MEIs) entregarem a <strong>Declara\u00e7\u00e3o Anual do Simples Nacional <\/strong>(DASN-SIMEI) de 2025 se encerra no dia <strong>31 de maio de 2026<\/strong>. Esta obriga\u00e7\u00e3o legal \u00e9 essencial para evitar penalidades significativas, que podem atingir 20% sobre os tributos devidos.&nbsp;<\/p>\n\n\n\n<p>A Receita Federal exige a declara\u00e7\u00e3o para garantir a regularidade fiscal do empreendedor, mesmo que ele n\u00e3o tenha faturado no ano anterior.<\/p>\n\n\n\n<p>Todos os MEIs devem acessar o Portal do Empreendedor e preencher a declara\u00e7\u00e3o. O processo \u00e9 simples: depois de entrar no portal, basta selecionar &#8220;J\u00e1 sou MEI&#8221; e optar por &#8220;Declara\u00e7\u00e3o Anual de Faturamento&#8221;. Mesmo aqueles que n\u00e3o tiveram receita em 2025 s\u00e3o obrigados a declarar um faturamento de R$ 0,00, evitando assim complica\u00e7\u00f5es fiscais futuras.<\/p>\n\n\n\n<h2 class=\"wp-block-heading\">Consequ\u00eancias do n\u00e3o cumprimento<\/h2>\n\n\n\n<p>A falta de entrega da DASN-SIMEI pode resultar em multas consider\u00e1veis, calculadas em 2% ao m\u00eas sobre os tributos n\u00e3o declarados, limitadas a 20% do total, ou no m\u00ednimo R$ 50,00.<\/p>\n\n\n\n<p>Al\u00e9m disso, o MEI ficar\u00e1 impossibilitado de emitir o Documento de Arrecada\u00e7\u00e3o do Simples Nacional (DAS), o que compromete o pagamento de tributos e benef\u00edcios previdenci\u00e1rios. A n\u00e3o regulariza\u00e7\u00e3o tamb\u00e9m impede o parcelamento de d\u00e9bitos.<\/p>\n\n\n\n<h2 class=\"wp-block-heading\">Solu\u00e7\u00f5es para erros na declara\u00e7\u00e3o<\/h2>\n\n\n\n<p>Erros nas informa\u00e7\u00f5es fornecidas podem ser corrigidos, evitando consequ\u00eancias adicionais. O MEI deve acessar novamente o sistema e optar por uma retifica\u00e7\u00e3o da declara\u00e7\u00e3o.<\/p>\n\n\n\n<p>Esta alternativa est\u00e1 dispon\u00edvel no portal da Receita, e \u00e9 essencial imprimir ou salvar o recibo atualizado para assegurar o registro da retifica\u00e7\u00e3o.<\/p>\n\n\n\n<h2 class=\"wp-block-heading\">Import\u00e2ncia da declara\u00e7\u00e3o anual<\/h2>\n\n\n\n<p>Manter a regularidade fiscal \u00e9 crucial para a continuidade dos neg\u00f3cios de microempreendedores. A entrega correta da DASN-SIMEI assegura que o MEI n\u00e3o enfrentar\u00e1 barreiras no acesso a benef\u00edcios governamentais e previdenci\u00e1rios.<\/p>\n\n\n\n<p>Com a proximidade do fim do prazo em 31 de maio de 2026, tornar-se ciente desta obriga\u00e7\u00e3o \u00e9 fundamental para evitar qualquer impacto financeiro adverso.<\/p>\n","protected":false},"excerpt":{"rendered":"<p>Obriga\u00e7\u00e3o legal \u00e9 essencial para evitar penalidades significativas para MEIs. Veja do que se trata.<\/p>\n","protected":false},"author":12,"featured_media":13825,"comment_status":"closed","ping_status":"closed","sticky":false,"template":"","format":"standard","meta":{"jnews-multi-image_gallery":[],"jnews_single_post":{"format":"standard"},"jnews_primary_category":[],"jnews_social_meta":[],"jnews_override_counter":[],"jnews_post_split":[],"footnotes":""},"categories":[1],"tags":[],"class_list":["post-43789","post","type-post","status-publish","format-standard","has-post-thumbnail","hentry","category-geral"],"_referencia":"","_links":{"self":[{"href":"https:\/\/diariodocomercio.com.br\/mix\/wp-json\/wp\/v2\/posts\/43789","targetHints":{"allow":["GET"]}}],"collection":[{"href":"https:\/\/diariodocomercio.com.br\/mix\/wp-json\/wp\/v2\/posts"}],"about":[{"href":"https:\/\/diariodocomercio.com.br\/mix\/wp-json\/wp\/v2\/types\/post"}],"author":[{"embeddable":true,"href":"https:\/\/diariodocomercio.com.br\/mix\/wp-json\/wp\/v2\/users\/12"}],"replies":[{"embeddable":true,"href":"https:\/\/diariodocomercio.com.br\/mix\/wp-json\/wp\/v2\/comments?post=43789"}],"version-history":[{"count":2,"href":"https:\/\/diariodocomercio.com.br\/mix\/wp-json\/wp\/v2\/posts\/43789\/revisions"}],"predecessor-version":[{"id":43791,"href":"https:\/\/diariodocomercio.com.br\/mix\/wp-json\/wp\/v2\/posts\/43789\/revisions\/43791"}],"wp:featuredmedia":[{"embeddable":true,"href":"https:\/\/diariodocomercio.com.br\/mix\/wp-json\/wp\/v2\/media\/13825"}],"wp:attachment":[{"href":"https:\/\/diariodocomercio.com.br\/mix\/wp-json\/wp\/v2\/media?parent=43789"}],"wp:term":[{"taxonomy":"category","embeddable":true,"href":"https:\/\/diariodocomercio.com.br\/mix\/wp-json\/wp\/v2\/categories?post=43789"},{"taxonomy":"post_tag","embeddable":true,"href":"https:\/\/diariodocomercio.com.br\/mix\/wp-json\/wp\/v2\/tags?post=43789"}],"curies":[{"name":"wp","href":"https:\/\/api.w.org\/{rel}","templated":true}]}}