{"id":43792,"date":"2026-04-30T18:15:00","date_gmt":"2026-04-30T21:15:00","guid":{"rendered":"https:\/\/diariodocomercio.com.br\/mix\/?p=43792"},"modified":"2026-04-30T17:46:40","modified_gmt":"2026-04-30T20:46:40","slug":"aumento-de-mais-de-r-10000-foi-confirmado-no-salario-minimo-ainda-para-2026","status":"publish","type":"post","link":"https:\/\/diariodocomercio.com.br\/mix\/aumento-de-mais-de-r-10000-foi-confirmado-no-salario-minimo-ainda-para-2026\/","title":{"rendered":"Aumento de mais de R$ 100,00 foi confirmado no sal\u00e1rio m\u00ednimo ainda para 2026"},"content":{"rendered":"\n<p>Desde janeiro de 2026, o <strong>sal\u00e1rio m\u00ednimo <\/strong>no Brasil tem um novo valor. Determinado pelo Minist\u00e9rio do Planejamento e Or\u00e7amento, o reajuste passou de R$ 1.518 para R$ 1.621, um acr\u00e9scimo de <strong>R$ 103<\/strong>.<\/p>\n\n\n\n<p>A mudan\u00e7a visa preservar o poder de compra dos trabalhadores. O principal fator para este ajuste foi o \u00cdndice Nacional de Pre\u00e7os ao Consumidor (INPC), que acumulou 4,18% ao longo dos \u00faltimos 12 meses, e o crescimento do PIB em 2024, que foi de 3,4%.<\/p>\n\n\n\n<p>O \u00edndice foi calculado para garantir que a infla\u00e7\u00e3o n\u00e3o corroa o sal\u00e1rio dos brasileiros. O objetivo do governo \u00e9 equilibrar a economia e garantir um al\u00edvio para as fam\u00edlias em tempos econ\u00f4micos dif\u00edceis.&nbsp;<\/p>\n\n\n\n<h2 class=\"wp-block-heading\">C\u00e1lculo<\/h2>\n\n\n\n<p>Os reajustes do sal\u00e1rio no Brasil baseiam-se em dois elementos fundamentais: a infla\u00e7\u00e3o, medida pelo INPC, e o crescimento econ\u00f4mico, refletido pelo PIB.<\/p>\n\n\n\n<p>Embora o INPC tenha acumulado 4,18% nos 12 meses de 2025, foi o desempenho positivo do PIB em 2024 que permitiu tal aumento.&nbsp;<\/p>\n\n\n\n<h2 class=\"wp-block-heading\">Reflexos na economia<\/h2>\n\n\n\n<p>Um incremento de R$ 103 parece modesto, mas pode influenciar diretamente a capacidade de consumo de milh\u00f5es de fam\u00edlias brasileiras. De bens essenciais \u00e0s despesas cotidianas, esse ajuste no sal\u00e1rio m\u00ednimo representa uma melhora no or\u00e7amento familiar.<\/p>\n\n\n\n<p>A extens\u00e3o do impacto econ\u00f4mico real deste aumento s\u00f3 ser\u00e1 observada com precis\u00e3o nos pr\u00f3ximos meses, enquanto o pa\u00eds ajusta suas expectativas de crescimento.<\/p>\n\n\n\n<h2 class=\"wp-block-heading\">Futuro<\/h2>\n\n\n\n<p>O reajuste do sal\u00e1rio m\u00ednimo \u00e9 visto por alguns analistas como um poss\u00edvel est\u00edmulo para o consumo interno e uma forma de dar f\u00f4lego \u00e0 economia. Contudo, h\u00e1 a preocupa\u00e7\u00e3o com as press\u00f5es inflacion\u00e1rias e fiscais emergentes desse cen\u00e1rio.<\/p>\n\n\n\n<p>O governo busca, com esta medida, sustentar um caminho de crescimento enquanto lida com desafios or\u00e7ament\u00e1rios.<\/p>\n","protected":false},"excerpt":{"rendered":"<p>Mudan\u00e7a visa preservar o poder de compra dos trabalhadores.<\/p>\n","protected":false},"author":12,"featured_media":10834,"comment_status":"closed","ping_status":"closed","sticky":false,"template":"","format":"standard","meta":{"jnews-multi-image_gallery":[],"jnews_single_post":{"format":"standard"},"jnews_primary_category":[],"jnews_social_meta":[],"jnews_override_counter":[],"jnews_post_split":[],"footnotes":""},"categories":[1],"tags":[],"class_list":["post-43792","post","type-post","status-publish","format-standard","has-post-thumbnail","hentry","category-geral"],"_referencia":"","_links":{"self":[{"href":"https:\/\/diariodocomercio.com.br\/mix\/wp-json\/wp\/v2\/posts\/43792","targetHints":{"allow":["GET"]}}],"collection":[{"href":"https:\/\/diariodocomercio.com.br\/mix\/wp-json\/wp\/v2\/posts"}],"about":[{"href":"https:\/\/diariodocomercio.com.br\/mix\/wp-json\/wp\/v2\/types\/post"}],"author":[{"embeddable":true,"href":"https:\/\/diariodocomercio.com.br\/mix\/wp-json\/wp\/v2\/users\/12"}],"replies":[{"embeddable":true,"href":"https:\/\/diariodocomercio.com.br\/mix\/wp-json\/wp\/v2\/comments?post=43792"}],"version-history":[{"count":2,"href":"https:\/\/diariodocomercio.com.br\/mix\/wp-json\/wp\/v2\/posts\/43792\/revisions"}],"predecessor-version":[{"id":43794,"href":"https:\/\/diariodocomercio.com.br\/mix\/wp-json\/wp\/v2\/posts\/43792\/revisions\/43794"}],"wp:featuredmedia":[{"embeddable":true,"href":"https:\/\/diariodocomercio.com.br\/mix\/wp-json\/wp\/v2\/media\/10834"}],"wp:attachment":[{"href":"https:\/\/diariodocomercio.com.br\/mix\/wp-json\/wp\/v2\/media?parent=43792"}],"wp:term":[{"taxonomy":"category","embeddable":true,"href":"https:\/\/diariodocomercio.com.br\/mix\/wp-json\/wp\/v2\/categories?post=43792"},{"taxonomy":"post_tag","embeddable":true,"href":"https:\/\/diariodocomercio.com.br\/mix\/wp-json\/wp\/v2\/tags?post=43792"}],"curies":[{"name":"wp","href":"https:\/\/api.w.org\/{rel}","templated":true}]}}