{"id":43796,"date":"2026-04-30T18:36:00","date_gmt":"2026-04-30T21:36:00","guid":{"rendered":"https:\/\/diariodocomercio.com.br\/mix\/?p=43796"},"modified":"2026-04-30T17:58:12","modified_gmt":"2026-04-30T20:58:12","slug":"fifa-confirma-selecao-na-copa-do-mundo-e-brasil-e-avisado-sobre-adversario","status":"publish","type":"post","link":"https:\/\/diariodocomercio.com.br\/mix\/fifa-confirma-selecao-na-copa-do-mundo-e-brasil-e-avisado-sobre-adversario\/","title":{"rendered":"FIFA confirma sele\u00e7\u00e3o na Copa do Mundo e Brasil \u00e9 avisado sobre advers\u00e1rio"},"content":{"rendered":"\n<p>A confirma\u00e7\u00e3o da <strong>participa\u00e7\u00e3o do Ir\u00e3 na Copa do Mundo de 2026 <\/strong>nos Estados Unidos marca uma etapa importante no cen\u00e1rio esportivo. O an\u00fancio foi feito pelo presidente da FIFA, Gianni Infantino, durante o congresso da entidade em Vancouver.<\/p>\n\n\n\n<p>A sele\u00e7\u00e3o iraniana competir\u00e1 em solo americano, apesar das tens\u00f5es diplom\u00e1ticas e quest\u00f5es migrat\u00f3rias, ao lado de outras equipes no torneio organizado por Estados Unidos, Canad\u00e1 e M\u00e9xico.<\/p>\n\n\n\n<h2 class=\"wp-block-heading\">Novos desafios<\/h2>\n\n\n\n<p>Com 48 sele\u00e7\u00f5es participantes, a presen\u00e7a do Ir\u00e3 adiciona diversidade \u00e0 competi\u00e7\u00e3o, mas tamb\u00e9m complexidades log\u00edsticas e pol\u00edticas. A escolha dos Estados Unidos como uma das sedes aumenta a expectativa sobre os impactos das rela\u00e7\u00f5es bilaterais no evento.<\/p>\n\n\n\n<p>O compromisso da FIFA em utilizar o esporte como meio de unir diferentes culturas permanece intacto.<\/p>\n\n\n\n<h2 class=\"wp-block-heading\">Pol\u00edtica&nbsp;<\/h2>\n\n\n\n<p>A autoriza\u00e7\u00e3o da presen\u00e7a iraniana nos EUA envolve desafios pol\u00edticos significativos. Diferentes \u00f3rg\u00e3os americanos se ajustaram para garantir que jogadores e t\u00e9cnicos do Ir\u00e3 participem do evento, desde que n\u00e3o estejam ligados a organiza\u00e7\u00f5es consideradas problem\u00e1ticas pelas autoridades locais.&nbsp;<\/p>\n\n\n\n<h2 class=\"wp-block-heading\">Expectativa<\/h2>\n\n\n\n<p>Enquanto a data do torneio se aproxima, cresce a expectativa entre f\u00e3s e participantes. A participa\u00e7\u00e3o do Ir\u00e3 n\u00e3o apenas agrega novas camadas de emo\u00e7\u00e3o aos jogos, mas tamb\u00e9m promete ser um ponto de converg\u00eancia cultural.<\/p>\n\n\n\n<p>Os jogos marcados para acontecer em junho e julho proporcionar\u00e3o um espet\u00e1culo de estilos de jogo e culturas, reafirmando o papel do futebol como for\u00e7a global.<\/p>\n","protected":false},"excerpt":{"rendered":"<p>Enquanto a data do torneio se aproxima, cresce a expectativa entre f\u00e3s e participantes. <\/p>\n","protected":false},"author":12,"featured_media":38054,"comment_status":"closed","ping_status":"closed","sticky":false,"template":"","format":"standard","meta":{"jnews-multi-image_gallery":[],"jnews_single_post":{"format":"standard"},"jnews_primary_category":[],"jnews_social_meta":[],"jnews_override_counter":[],"jnews_post_split":[],"footnotes":""},"categories":[1],"tags":[],"class_list":["post-43796","post","type-post","status-publish","format-standard","has-post-thumbnail","hentry","category-geral"],"_referencia":"","_links":{"self":[{"href":"https:\/\/diariodocomercio.com.br\/mix\/wp-json\/wp\/v2\/posts\/43796","targetHints":{"allow":["GET"]}}],"collection":[{"href":"https:\/\/diariodocomercio.com.br\/mix\/wp-json\/wp\/v2\/posts"}],"about":[{"href":"https:\/\/diariodocomercio.com.br\/mix\/wp-json\/wp\/v2\/types\/post"}],"author":[{"embeddable":true,"href":"https:\/\/diariodocomercio.com.br\/mix\/wp-json\/wp\/v2\/users\/12"}],"replies":[{"embeddable":true,"href":"https:\/\/diariodocomercio.com.br\/mix\/wp-json\/wp\/v2\/comments?post=43796"}],"version-history":[{"count":2,"href":"https:\/\/diariodocomercio.com.br\/mix\/wp-json\/wp\/v2\/posts\/43796\/revisions"}],"predecessor-version":[{"id":43798,"href":"https:\/\/diariodocomercio.com.br\/mix\/wp-json\/wp\/v2\/posts\/43796\/revisions\/43798"}],"wp:featuredmedia":[{"embeddable":true,"href":"https:\/\/diariodocomercio.com.br\/mix\/wp-json\/wp\/v2\/media\/38054"}],"wp:attachment":[{"href":"https:\/\/diariodocomercio.com.br\/mix\/wp-json\/wp\/v2\/media?parent=43796"}],"wp:term":[{"taxonomy":"category","embeddable":true,"href":"https:\/\/diariodocomercio.com.br\/mix\/wp-json\/wp\/v2\/categories?post=43796"},{"taxonomy":"post_tag","embeddable":true,"href":"https:\/\/diariodocomercio.com.br\/mix\/wp-json\/wp\/v2\/tags?post=43796"}],"curies":[{"name":"wp","href":"https:\/\/api.w.org\/{rel}","templated":true}]}}