{"id":43799,"date":"2026-04-30T18:56:00","date_gmt":"2026-04-30T21:56:00","guid":{"rendered":"https:\/\/diariodocomercio.com.br\/mix\/?p=43799"},"modified":"2026-04-30T18:03:52","modified_gmt":"2026-04-30T21:03:52","slug":"governo-anuncia-beneficios-para-autonomos-no-brasil","status":"publish","type":"post","link":"https:\/\/diariodocomercio.com.br\/mix\/governo-anuncia-beneficios-para-autonomos-no-brasil\/","title":{"rendered":"Governo anuncia benef\u00edcios para aut\u00f4nomos no Brasil"},"content":{"rendered":"\n<p>O governo brasileiro surpreendeu ao liberar <strong>R$ 21,2 bilh\u00f5es para renovar a frota de caminh\u00f5es e \u00f4nibus<\/strong>, visando fortalecer o transporte no pa\u00eds. Anunciado em 30 de abril, o cr\u00e9dito recorde integra o programa MOV Brasil, com o objetivo de revitalizar o setor automotivo.<\/p>\n\n\n\n<p>Com recursos provenientes do Tesouro Nacional (R$ 14,5 bilh\u00f5es) e do BNDES (R$ 6,7 bilh\u00f5es), a iniciativa busca facilitar a compra de novos ve\u00edculos.<\/p>\n\n\n\n<p>A distribui\u00e7\u00e3o do montante reserva <strong>R$ 2 bilh\u00f5es <\/strong>exclusivamente para <strong>caminhoneiros aut\u00f4nomos<\/strong> e <strong>cooperados<\/strong>, enquanto parte consider\u00e1vel visa a renova\u00e7\u00e3o das frotas de \u00f4nibus. O foco est\u00e1 em prazos longos e juros mais baixos, tornando os ve\u00edculos mais acess\u00edveis. Com taxas de juros agora variando entre 13% e 14%, o financiamento se torna mais atrativo.<\/p>\n\n\n\n<h2 class=\"wp-block-heading\">Jornada financeira promissora<\/h2>\n\n\n\n<p>As redu\u00e7\u00f5es nas taxas de juros representam uma revolu\u00e7\u00e3o no acesso ao cr\u00e9dito para motoristas. O programa, com prazo de pagamento estendido para at\u00e9 10 anos, visa aliviar a carga financeira sobre os transportadores.<\/p>\n\n\n\n<p>Al\u00e9m de facilitar o financiamento, o MOV Brasil incentiva a sustentabilidade. Motoristas que optarem por reciclar ve\u00edculos antigos t\u00eam acesso a condi\u00e7\u00f5es ainda melhores, promovendo pr\u00e1ticas ambientalmente respons\u00e1veis.<\/p>\n\n\n\n<h2 class=\"wp-block-heading\">Revitaliza\u00e7\u00e3o&nbsp;<\/h2>\n\n\n\n<p>O programa n\u00e3o se limita \u00e0 concess\u00e3o de cr\u00e9dito, mas simboliza uma estrat\u00e9gia econ\u00f4mica robusta. A expectativa \u00e9 de um impacto positivo na economia. A renova\u00e7\u00e3o da frota impulsionar\u00e1 a produ\u00e7\u00e3o local e os empregos, melhorando o transporte e contribuindo para o crescimento econ\u00f4mico.<\/p>\n\n\n\n<p>Diante das facilidades e benef\u00edcios apresentados, o MOV Brasil \u00e9 uma pol\u00edtica p\u00fablica voltada para o desenvolvimento sustent\u00e1vel e econ\u00f4mico.&nbsp;<\/p>\n","protected":false},"excerpt":{"rendered":"<p>O governo brasileiro surpreendeu ao liberar benef\u00edcio. Confira detalhes.<\/p>\n","protected":false},"author":12,"featured_media":28673,"comment_status":"closed","ping_status":"closed","sticky":false,"template":"","format":"standard","meta":{"jnews-multi-image_gallery":[],"jnews_single_post":{"format":"standard"},"jnews_primary_category":[],"jnews_social_meta":[],"jnews_override_counter":[],"jnews_post_split":[],"footnotes":""},"categories":[1],"tags":[],"class_list":["post-43799","post","type-post","status-publish","format-standard","has-post-thumbnail","hentry","category-geral"],"_referencia":"","_links":{"self":[{"href":"https:\/\/diariodocomercio.com.br\/mix\/wp-json\/wp\/v2\/posts\/43799","targetHints":{"allow":["GET"]}}],"collection":[{"href":"https:\/\/diariodocomercio.com.br\/mix\/wp-json\/wp\/v2\/posts"}],"about":[{"href":"https:\/\/diariodocomercio.com.br\/mix\/wp-json\/wp\/v2\/types\/post"}],"author":[{"embeddable":true,"href":"https:\/\/diariodocomercio.com.br\/mix\/wp-json\/wp\/v2\/users\/12"}],"replies":[{"embeddable":true,"href":"https:\/\/diariodocomercio.com.br\/mix\/wp-json\/wp\/v2\/comments?post=43799"}],"version-history":[{"count":2,"href":"https:\/\/diariodocomercio.com.br\/mix\/wp-json\/wp\/v2\/posts\/43799\/revisions"}],"predecessor-version":[{"id":43801,"href":"https:\/\/diariodocomercio.com.br\/mix\/wp-json\/wp\/v2\/posts\/43799\/revisions\/43801"}],"wp:featuredmedia":[{"embeddable":true,"href":"https:\/\/diariodocomercio.com.br\/mix\/wp-json\/wp\/v2\/media\/28673"}],"wp:attachment":[{"href":"https:\/\/diariodocomercio.com.br\/mix\/wp-json\/wp\/v2\/media?parent=43799"}],"wp:term":[{"taxonomy":"category","embeddable":true,"href":"https:\/\/diariodocomercio.com.br\/mix\/wp-json\/wp\/v2\/categories?post=43799"},{"taxonomy":"post_tag","embeddable":true,"href":"https:\/\/diariodocomercio.com.br\/mix\/wp-json\/wp\/v2\/tags?post=43799"}],"curies":[{"name":"wp","href":"https:\/\/api.w.org\/{rel}","templated":true}]}}