{"id":43805,"date":"2026-05-02T07:14:00","date_gmt":"2026-05-02T10:14:00","guid":{"rendered":"https:\/\/diariodocomercio.com.br\/mix\/?p=43805"},"modified":"2026-04-30T18:18:21","modified_gmt":"2026-04-30T21:18:21","slug":"e-por-este-motivo-que-jogar-cafe-usado-na-pia-da-cozinha-pode-ser-uma-boa-ideia","status":"publish","type":"post","link":"https:\/\/diariodocomercio.com.br\/mix\/e-por-este-motivo-que-jogar-cafe-usado-na-pia-da-cozinha-pode-ser-uma-boa-ideia\/","title":{"rendered":"\u00c9 por este motivo que jogar caf\u00e9 usado na pia da cozinha pode ser uma boa ideia"},"content":{"rendered":"\n<p>A <strong>borra de caf\u00e9<\/strong>, frequentemente descartada ap\u00f3s o preparo da bebida, pode ser reutilizada para <strong>neutralizar odores<\/strong> e <strong>ajudar na limpeza leve da pia <\/strong>da cozinha. Este m\u00e9todo simples e sustent\u00e1vel utiliza a borra para absorver cheiros indesejados e limpar o encanamento.&nbsp;<\/p>\n\n\n\n<p>Quando a borra de caf\u00e9 entra em contato com a \u00e1gua no ralo, sua estrutura porosa e componentes como \u00f3leos essenciais ajudam a remover sujeiras leves, enquanto absorvem odores. Assim, ela oferece uma alternativa ecol\u00f3gica ao evitar a necessidade de produtos qu\u00edmicos agressivos. Entretanto, \u00e9 essencial <strong>aplic\u00e1-la com cuidado para evitar problemas.<\/strong><\/p>\n\n\n\n<h2 class=\"wp-block-heading\">Benef\u00edcios&nbsp;<\/h2>\n\n\n\n<p>Aproveitar a borra de caf\u00e9 como desodorizante depende de suas propriedades absorventes. A estrutura granulada da borra captura mol\u00e9culas de odor, enquanto compostos na borra ajudam a neutralizar cheiros fortes.&nbsp;<\/p>\n\n\n\n<p>Assim, seu uso se alinha ao estilo de vida sustent\u00e1vel cada vez mais adotado em 2026, que inclui a reutiliza\u00e7\u00e3o de res\u00edduos.<\/p>\n\n\n\n<p>Para aplicar este m\u00e9todo, basta reservar a borra de caf\u00e9 ap\u00f3s o preparo di\u00e1rio, deixar esfriar e depositar no ralo junto com \u00e1gua quente. Essa t\u00e9cnica \u00e9 simples, mas eficaz na manuten\u00e7\u00e3o rotineira.<\/p>\n\n\n\n<h2 class=\"wp-block-heading\">Cuidados para evitar problemas de encanamento<\/h2>\n\n\n\n<p>Apesar dos benef\u00edcios, \u00e9 preciso <strong>modera\u00e7\u00e3o <\/strong>no uso da borra de caf\u00e9 na pia, priorizando pequenas quantidades e bastante \u00e1gua. Em excesso, a borra pode acumular-se nas tubula\u00e7\u00f5es, criando massas densas que resultam em <strong>entupimentos<\/strong>. Especialistas alertam que, ao n\u00e3o se dissolver na \u00e1gua, a borra pode provocar problemas no encanamento.<\/p>\n\n\n\n<p>Para evitar esses riscos, recomenda-se alternar o uso do caf\u00e9 com outros m\u00e9todos de limpeza tradicionais, garantindo a seguran\u00e7a e efic\u00e1cia do sistema de encanamento dom\u00e9stico.<\/p>\n\n\n\n<p>O reaproveitamento da borra de caf\u00e9 como um m\u00e9todo ecol\u00f3gico de limpeza representa um progresso nas pr\u00e1ticas dom\u00e9sticas sustent\u00e1veis em 2026. A pr\u00e1tica continua a ganhar adeptos pelo apelo ambiental e econ\u00f4mico.<\/p>\n","protected":false},"excerpt":{"rendered":"<p>A borra de caf\u00e9, frequentemente descartada ap\u00f3s o preparo da bebida, pode ser reutilizada.<\/p>\n","protected":false},"author":12,"featured_media":16783,"comment_status":"closed","ping_status":"closed","sticky":false,"template":"","format":"standard","meta":{"jnews-multi-image_gallery":[],"jnews_single_post":{"format":"standard"},"jnews_primary_category":[],"jnews_social_meta":[],"jnews_override_counter":[],"jnews_post_split":[],"footnotes":""},"categories":[1],"tags":[],"class_list":["post-43805","post","type-post","status-publish","format-standard","has-post-thumbnail","hentry","category-geral"],"_referencia":"","_links":{"self":[{"href":"https:\/\/diariodocomercio.com.br\/mix\/wp-json\/wp\/v2\/posts\/43805","targetHints":{"allow":["GET"]}}],"collection":[{"href":"https:\/\/diariodocomercio.com.br\/mix\/wp-json\/wp\/v2\/posts"}],"about":[{"href":"https:\/\/diariodocomercio.com.br\/mix\/wp-json\/wp\/v2\/types\/post"}],"author":[{"embeddable":true,"href":"https:\/\/diariodocomercio.com.br\/mix\/wp-json\/wp\/v2\/users\/12"}],"replies":[{"embeddable":true,"href":"https:\/\/diariodocomercio.com.br\/mix\/wp-json\/wp\/v2\/comments?post=43805"}],"version-history":[{"count":2,"href":"https:\/\/diariodocomercio.com.br\/mix\/wp-json\/wp\/v2\/posts\/43805\/revisions"}],"predecessor-version":[{"id":43807,"href":"https:\/\/diariodocomercio.com.br\/mix\/wp-json\/wp\/v2\/posts\/43805\/revisions\/43807"}],"wp:featuredmedia":[{"embeddable":true,"href":"https:\/\/diariodocomercio.com.br\/mix\/wp-json\/wp\/v2\/media\/16783"}],"wp:attachment":[{"href":"https:\/\/diariodocomercio.com.br\/mix\/wp-json\/wp\/v2\/media?parent=43805"}],"wp:term":[{"taxonomy":"category","embeddable":true,"href":"https:\/\/diariodocomercio.com.br\/mix\/wp-json\/wp\/v2\/categories?post=43805"},{"taxonomy":"post_tag","embeddable":true,"href":"https:\/\/diariodocomercio.com.br\/mix\/wp-json\/wp\/v2\/tags?post=43805"}],"curies":[{"name":"wp","href":"https:\/\/api.w.org\/{rel}","templated":true}]}}