{"id":43808,"date":"2026-04-30T19:53:00","date_gmt":"2026-04-30T22:53:00","guid":{"rendered":"https:\/\/diariodocomercio.com.br\/mix\/?p=43808"},"modified":"2026-04-30T18:25:40","modified_gmt":"2026-04-30T21:25:40","slug":"enquanto-todos-no-brasil-esperam-o-1o-de-maio-feriado-do-dia-do-trabalhador-sera-comemorado-apenas-em-setembro-neste-pais","status":"publish","type":"post","link":"https:\/\/diariodocomercio.com.br\/mix\/enquanto-todos-no-brasil-esperam-o-1o-de-maio-feriado-do-dia-do-trabalhador-sera-comemorado-apenas-em-setembro-neste-pais\/","title":{"rendered":"Enquanto todos no Brasil esperam o 1\u00ba de maio, feriado do Dia do Trabalhador ser\u00e1 comemorado apenas em setembro neste pa\u00eds"},"content":{"rendered":"\n<p>O <strong>Dia do Trabalhador,<\/strong> celebrado em 1\u00ba de maio, \u00e9 uma data de import\u00e2ncia mundial dedicada \u00e0s conquistas dos trabalhadores. A origem remonta a 1886, em Chicago, onde greves por melhores condi\u00e7\u00f5es de trabalho levaram a confrontos violentos, conhecidos como a Revolta de Haymarket.<\/p>\n\n\n\n<p>Este evento impulsionou a luta por direitos trabalhistas como a redu\u00e7\u00e3o da jornada e o aumento salarial. Em 1889, a data foi institu\u00edda na Fran\u00e7a para lembrar os &#8220;M\u00e1rtires de Maio&#8221;. Hoje, cerca de 80 pa\u00edses, incluindo o <strong>Brasil<\/strong>, reconhecem o feriado.<\/p>\n\n\n\n<h2 class=\"wp-block-heading\">Resili\u00eancia trabalhista<\/h2>\n\n\n\n<p>Em Chicago, a mobiliza\u00e7\u00e3o de 1886 reuniu oper\u00e1rios em busca de uma jornada de trabalho de oito horas. A greve evoluiu para um confronto tr\u00e1gico resultando em mortes e feridos.<\/p>\n\n\n\n<p>Em mem\u00f3ria desses trabalhadores, a data foi estabelecida pela Segunda Internacional Socialista em 1889, reafirmando o compromisso com os direitos laborais.<\/p>\n\n\n\n<h2 class=\"wp-block-heading\">Transforma\u00e7\u00e3o do Dia do Trabalhador no Brasil<\/h2>\n\n\n\n<p>No Brasil, o Dia do Trabalhador foi oficialmente reconhecido em 1925 pelo presidente Artur Bernardes. A data ganhou maior signific\u00e2ncia com a Era Vargas, quando o sal\u00e1rio m\u00ednimo foi institu\u00eddo em 1940 e a Consolida\u00e7\u00e3o das Leis do Trabalho (CLT) surgiu em 1943.<\/p>\n\n\n\n<p>Estes marcos solidificaram as conquistas trabalhistas no pa\u00eds.<\/p>\n\n\n\n<h2 class=\"wp-block-heading\">Comemora\u00e7\u00e3o nos Estados Unidos \u00e9 apenas em setembro<\/h2>\n\n\n\n<p>Nos <strong>Estados Unidos, <\/strong>onde se originaram os eventos de Chicago, o Dia do Trabalhador \u00e9 celebrado na <strong>primeira segunda-feira de setembro. <\/strong>Esta escolha buscou dissociar a data das mem\u00f3rias tr\u00e1gicas dos eventos de 1886.<\/p>\n\n\n\n<p>A decis\u00e3o reflete como fatores culturais e hist\u00f3ricos podem moldar tradi\u00e7\u00f5es coletivas.<\/p>\n\n\n\n<p>Em 2026, o Dia do Trabalhador continua a ser um momento para refletir sobre direitos e condi\u00e7\u00f5es laborais. Globalmente, a data celebra a luta hist\u00f3rica dos trabalhadores.<\/p>\n","protected":false},"excerpt":{"rendered":"<p>O Dia do Trabalhador \u00e9 uma data de import\u00e2ncia mundial.<\/p>\n","protected":false},"author":12,"featured_media":10053,"comment_status":"closed","ping_status":"closed","sticky":false,"template":"","format":"standard","meta":{"jnews-multi-image_gallery":[],"jnews_single_post":{"format":"standard"},"jnews_primary_category":[],"jnews_social_meta":[],"jnews_override_counter":[],"jnews_post_split":[],"footnotes":""},"categories":[1],"tags":[],"class_list":["post-43808","post","type-post","status-publish","format-standard","has-post-thumbnail","hentry","category-geral"],"_referencia":"","_links":{"self":[{"href":"https:\/\/diariodocomercio.com.br\/mix\/wp-json\/wp\/v2\/posts\/43808","targetHints":{"allow":["GET"]}}],"collection":[{"href":"https:\/\/diariodocomercio.com.br\/mix\/wp-json\/wp\/v2\/posts"}],"about":[{"href":"https:\/\/diariodocomercio.com.br\/mix\/wp-json\/wp\/v2\/types\/post"}],"author":[{"embeddable":true,"href":"https:\/\/diariodocomercio.com.br\/mix\/wp-json\/wp\/v2\/users\/12"}],"replies":[{"embeddable":true,"href":"https:\/\/diariodocomercio.com.br\/mix\/wp-json\/wp\/v2\/comments?post=43808"}],"version-history":[{"count":2,"href":"https:\/\/diariodocomercio.com.br\/mix\/wp-json\/wp\/v2\/posts\/43808\/revisions"}],"predecessor-version":[{"id":43810,"href":"https:\/\/diariodocomercio.com.br\/mix\/wp-json\/wp\/v2\/posts\/43808\/revisions\/43810"}],"wp:featuredmedia":[{"embeddable":true,"href":"https:\/\/diariodocomercio.com.br\/mix\/wp-json\/wp\/v2\/media\/10053"}],"wp:attachment":[{"href":"https:\/\/diariodocomercio.com.br\/mix\/wp-json\/wp\/v2\/media?parent=43808"}],"wp:term":[{"taxonomy":"category","embeddable":true,"href":"https:\/\/diariodocomercio.com.br\/mix\/wp-json\/wp\/v2\/categories?post=43808"},{"taxonomy":"post_tag","embeddable":true,"href":"https:\/\/diariodocomercio.com.br\/mix\/wp-json\/wp\/v2\/tags?post=43808"}],"curies":[{"name":"wp","href":"https:\/\/api.w.org\/{rel}","templated":true}]}}