{"id":43811,"date":"2026-04-30T20:14:00","date_gmt":"2026-04-30T23:14:00","guid":{"rendered":"https:\/\/diariodocomercio.com.br\/mix\/?p=43811"},"modified":"2026-04-30T18:55:54","modified_gmt":"2026-04-30T21:55:54","slug":"com-faturamento-de-r-25-bilhoes-dono-do-cruzeiro-negocia-operacao-para-comprar-rival","status":"publish","type":"post","link":"https:\/\/diariodocomercio.com.br\/mix\/com-faturamento-de-r-25-bilhoes-dono-do-cruzeiro-negocia-operacao-para-comprar-rival\/","title":{"rendered":"Com faturamento de R$ 25 bilh\u00f5es, dono do Cruzeiro negocia opera\u00e7\u00e3o para integrar rival"},"content":{"rendered":"\n<p>O <strong>Supermercados BH,<\/strong> sob a lideran\u00e7a de<strong> Pedro Louren\u00e7o<\/strong>, que tamb\u00e9m \u00e9 <strong>propriet\u00e1rio majorit\u00e1rio da SAF do Cruzeiro, <\/strong>anuncia mais um passo em sua expans\u00e3o. No dia 28 de abril, a empresa divulgou um acordo de integra\u00e7\u00e3o de opera\u00e7\u00f5es com a DMA Distribuidora.<\/p>\n\n\n\n<p>A DMA opera as redes Epa e Mineir\u00e3o Atacarejo em Minas Gerais, Esp\u00edrito Santo, Bahia e Pernambuco. Esse movimento estrat\u00e9gico visa aumentar a presen\u00e7a nacional.<\/p>\n\n\n\n<p>Com essa movimenta\u00e7\u00e3o, o Supermercados BH se aproxima da marca de <strong>600 lojas <\/strong>em todo o Brasil. A amplia\u00e7\u00e3o das opera\u00e7\u00f5es reflete a meta da empresa de otimizar a log\u00edstica e atender a demanda crescente. Essa estrat\u00e9gia j\u00e1 havia sido adotada com a integra\u00e7\u00e3o de outras redes estabelecidas, consolidando a posi\u00e7\u00e3o da empresa no mercado.<\/p>\n\n\n\n<h2 class=\"wp-block-heading\">Expans\u00e3o de mercado&nbsp;<\/h2>\n\n\n\n<p>A empresa tamb\u00e9m busca consolidar seu espa\u00e7o como um dos principais varejistas. No entanto, para concluir o neg\u00f3cio com a DMA, a transa\u00e7\u00e3o ainda passar\u00e1 pela an\u00e1lise do Conselho Administrativo de Defesa Econ\u00f4mica (Cade).<\/p>\n\n\n\n<p>Este \u00e9 um passo comum em grandes aquisi\u00e7\u00f5es para assegurar pr\u00e1ticas justas de concorr\u00eancia e mercado.<\/p>\n\n\n\n<h2 class=\"wp-block-heading\">Faturamento&nbsp;<\/h2>\n\n\n\n<p>Em 2025, o Supermercados BH atingiu um faturamento recorde de <strong>R$ 25,7 bilh\u00f5es, <\/strong>segundo informa\u00e7\u00f5es da Revista Exame. Isso mant\u00e9m a empresa como a quarta maior rede de supermercados do Brasil, atr\u00e1s apenas de gigantes como Carrefour, Assa\u00ed Atacadista e Grupo Mateus.<\/p>\n\n\n\n<p>A capacidade de combinar crescimento f\u00edsico com resultados financeiros robustos \u00e9 um ponto crucial na estrat\u00e9gia da rede.<\/p>\n\n\n\n<p>Com a aquisi\u00e7\u00e3o e foco no desempenho operacional, o Supermercados BH continua a fortalecer sua posi\u00e7\u00e3o no mercado em 2026.&nbsp;<\/p>\n","protected":false},"excerpt":{"rendered":"<p>De carregador de caixas a magnata de supermercados, Pedro \u00e9 destaque entre os principais empres\u00e1rios do Brasil.<\/p>\n","protected":false},"author":12,"featured_media":43814,"comment_status":"closed","ping_status":"closed","sticky":false,"template":"","format":"standard","meta":{"jnews-multi-image_gallery":[],"jnews_single_post":{"format":"standard"},"jnews_primary_category":[],"jnews_social_meta":[],"jnews_override_counter":[],"jnews_post_split":[],"footnotes":""},"categories":[1],"tags":[],"class_list":["post-43811","post","type-post","status-publish","format-standard","has-post-thumbnail","hentry","category-geral"],"_referencia":"","_links":{"self":[{"href":"https:\/\/diariodocomercio.com.br\/mix\/wp-json\/wp\/v2\/posts\/43811","targetHints":{"allow":["GET"]}}],"collection":[{"href":"https:\/\/diariodocomercio.com.br\/mix\/wp-json\/wp\/v2\/posts"}],"about":[{"href":"https:\/\/diariodocomercio.com.br\/mix\/wp-json\/wp\/v2\/types\/post"}],"author":[{"embeddable":true,"href":"https:\/\/diariodocomercio.com.br\/mix\/wp-json\/wp\/v2\/users\/12"}],"replies":[{"embeddable":true,"href":"https:\/\/diariodocomercio.com.br\/mix\/wp-json\/wp\/v2\/comments?post=43811"}],"version-history":[{"count":4,"href":"https:\/\/diariodocomercio.com.br\/mix\/wp-json\/wp\/v2\/posts\/43811\/revisions"}],"predecessor-version":[{"id":43823,"href":"https:\/\/diariodocomercio.com.br\/mix\/wp-json\/wp\/v2\/posts\/43811\/revisions\/43823"}],"wp:featuredmedia":[{"embeddable":true,"href":"https:\/\/diariodocomercio.com.br\/mix\/wp-json\/wp\/v2\/media\/43814"}],"wp:attachment":[{"href":"https:\/\/diariodocomercio.com.br\/mix\/wp-json\/wp\/v2\/media?parent=43811"}],"wp:term":[{"taxonomy":"category","embeddable":true,"href":"https:\/\/diariodocomercio.com.br\/mix\/wp-json\/wp\/v2\/categories?post=43811"},{"taxonomy":"post_tag","embeddable":true,"href":"https:\/\/diariodocomercio.com.br\/mix\/wp-json\/wp\/v2\/tags?post=43811"}],"curies":[{"name":"wp","href":"https:\/\/api.w.org\/{rel}","templated":true}]}}