{"id":43830,"date":"2026-04-30T20:05:44","date_gmt":"2026-04-30T23:05:44","guid":{"rendered":"https:\/\/diariodocomercio.com.br\/mix\/?p=43830"},"modified":"2026-04-30T20:05:47","modified_gmt":"2026-04-30T23:05:47","slug":"brasil-deixa-eua-para-tras-em-ranking-e-levanta-debate-sobre-liberdade-no-pais","status":"publish","type":"post","link":"https:\/\/diariodocomercio.com.br\/mix\/brasil-deixa-eua-para-tras-em-ranking-e-levanta-debate-sobre-liberdade-no-pais\/","title":{"rendered":"Brasil deixa EUA para tr\u00e1s em ranking e levanta debate sobre liberdade no pa\u00eds"},"content":{"rendered":"\n<p>Nesta quinta-feira (30), a organiza\u00e7\u00e3o n\u00e3o governamental Rep\u00f3rteres Sem Fronteiras divulgou o seu tradicional ranking de liberdade de imprensa ao redor do mundo. O Brasil subiu 58 posi\u00e7\u00f5es desde 2022, ocupando atualmente o 52\u00ba lugar, superando inclusive os Estados Unidos. Atualmente governado por Donald Trump, o pa\u00eds saiu da 57\u00aa posi\u00e7\u00e3o no ano passado para a 64\u00aa em 2026.<\/p>\n\n\n\n<p><em>&#8220;O novo governo de Luiz In\u00e1cio Lula da Silva traz de volta uma normaliza\u00e7\u00e3o das rela\u00e7\u00f5es entre as organiza\u00e7\u00f5es estatais e a imprensa, ap\u00f3s o mandato de Jair Bolsonaro marcado por uma hostilidade permanente ao jornalismo&#8221;<\/em>, avalia o ranking da organiza\u00e7\u00e3o. <em>&#8220;Mas a viol\u00eancia estrutural contra jornalistas, um cen\u00e1rio midi\u00e1tico marcado pela alta concentra\u00e7\u00e3o privada e o peso da desinforma\u00e7\u00e3o representam desafios significativos para o avan\u00e7o da liberdade de imprensa no pa\u00eds.&#8221;<\/em><\/p>\n\n\n\n<p>A n\u00edvel mundial, a situa\u00e7\u00e3o \u00e9 preocupante. De acordo com a Ag\u00eancia Brasil, a pontua\u00e7\u00e3o m\u00e9dia de todos os pa\u00edses juntos \u00e9 a mais baixa dos \u00faltimos 25 anos e o diretor da entidade para a Am\u00e9rica Latina, Artur Romeu, aponta que a queda da liberdade de imprensa foi expressiva inclusive em Estados Democr\u00e1ticos. <\/p>\n\n\n\n<p>Em entrevista para a ag\u00eancia, o diretor comenta que passamos por uma &#8220;crise das democracias no mundo&#8221; e que a identifica\u00e7\u00e3o do jornalista e dos meios de comunica\u00e7\u00e3o como inimigos p\u00fablicos vai <em>&#8220;fincando ra\u00edzes, contaminando e contagiando um n\u00famero maior de pa\u00edses, inclusive democracias&#8221;<\/em>. <em>&#8220;A gente v\u00ea um cen\u00e1rio de desinforma\u00e7\u00e3o maior. E esse conjunto de fatores vai criando uma percep\u00e7\u00e3o geral de que est\u00e1 mais dif\u00edcil ser jornalista&#8221;<\/em>, aponta Romeu.<\/p>\n\n\n\n<h2 class=\"wp-block-heading\">Liberdade de imprensa: os 10 melhores e 10 piores pa\u00edses no ranking<\/h2>\n\n\n\n<p><strong>Melhores<\/strong><\/p>\n\n\n\n<ol class=\"wp-block-list\">\n<li>Noruega &#8211; 92,72<\/li>\n\n\n\n<li>Pa\u00edses Baixos &#8211; 88,92<\/li>\n\n\n\n<li>Est\u00f4nia &#8211; 88,54<\/li>\n\n\n\n<li>Dinamarca &#8211; 88,47<\/li>\n\n\n\n<li>Su\u00e9cia &#8211; 87,61<\/li>\n\n\n\n<li>Finl\u00e2ndia &#8211; 86,22<\/li>\n\n\n\n<li>Irlanda &#8211; 85,93<\/li>\n\n\n\n<li>Su\u00ed\u00e7a &#8211; 84,83<\/li>\n\n\n\n<li>Luxemburgo &#8211; 84,14<\/li>\n\n\n\n<li>Portugal &#8211; 83,71<\/li>\n<\/ol>\n\n\n\n<p><strong>Piores<\/strong><\/p>\n\n\n\n<ol class=\"wp-block-list\">\n<li>Eritreia &#8211; 10,24<\/li>\n\n\n\n<li>Coreia do Norte &#8211; 12,67<\/li>\n\n\n\n<li>China &#8211; 13,85<\/li>\n\n\n\n<li>Ir\u00e3 &#8211; 17,45<\/li>\n\n\n\n<li>Ar\u00e1bia Saudita &#8211; 19,11<\/li>\n\n\n\n<li>Afeganist\u00e3o &#8211; 19,51<\/li>\n\n\n\n<li>Vietn\u00e3 &#8211; 21,15<\/li>\n\n\n\n<li>Turcomenist\u00e3o &#8211; 23,06<\/li>\n\n\n\n<li>R\u00fassia &#8211; 23,15<\/li>\n\n\n\n<li>Azerbaij\u00e3o &#8211; 23,95<\/li>\n<\/ol>\n\n\n\n<style>@media (min-width: 992px) {\n    .recomendadorV2Area1 {\n        width: 280px;\n    }\n    .recomendadorV2Area2 {\n        padding: 0px 20px;\n        width: calc(100% - 280px);\n    }\n}\n\n@media (max-width: 992px) {\n    .recomendadorV2Button {\n        margin: 0 auto;\n    }\n    .recomendadorV2Area {\n        flex-direction: column;\n        text-align: center;\n    }\n    .recomendadorV2Area2 {\n        padding: 0px 20px;\n    }\n}\n\n.recomendadorV2Area {\n    background: #eeeeee3d;\n    border-radius: 10px;\n    padding: 15px;\n    display: flex;\n    margin: 15px auto;\n    border: 1px solid #00000014;\n    max-width: 800px;\n}\n\n.recomendadorV2Area1 img {\n    width: 280px;\n    height: auto;\n    border-radius: 8px;\n}\n\n.linkrecomendadorv2 {\n    text-decoration: none !important;\n}\n\n.recomendadorV2Area2 .recomendadorV2Type {\n    text-transform: uppercase;\n    font-weight: 500;\n    font-size: 11px;\n    letter-spacing: 2px;\n    color: #666;\n    margin: 12px 0;\n    display: block;\n}\n\n.recomendadorV2Title h2 {\n    padding-top: 0px !important;\n    margin: 0px !important;\n    border-left: none !important;\n    padding-left: 0px !important;\n    line-height: 1.3;\n    color: #000 !important;\n    font-size: 24px;\n    margin-bottom: 12px !important;\n}\n\n.recomendadorV2Desc {\n    color: #333;\n    margin: 12px 0px !important;\n    font-size: 15px;\n    line-height: 1.5;\n}\n\n.recomendadorV2Button {\n    width: auto;\n    max-width: 200px;\n    margin: 0;\n    display: inline-flex;\n    align-items: center;\n    background: #1D3557;\n    border-radius: 8px;\n    color: #fff;\n    height: 36px;\n    justify-content: center;\n    text-align: center;\n    font-size: 14px;\n    padding: 0 20px;\n    transition: background-color 0.2s ease;\n}\n\n.recomendadorV2Button:hover {\n    background: #2a4d7a;\n}\n\n.recomendadorV2Button:after {\n    margin-top: -2px;\n    content: \"\u2192\";\n    padding: 0px 0px 0px 8px;\n}\n\n.recomendadorV2Alert {\n    text-align: left;\n    font-size: 11px;\n    margin-top: 8px;\n    color: #666;\n}\n\n.recomendadorFixedArea {\n    width: 100%;\n    display: flex;\n    justify-content: center;\n    align-items: center;\n}\n\n@media (min-width: 992px) {\n    #recomendadorFixed {\n        width: 32% !important;\n        left: 5%;\n    }\n    .recomendadorCloseFixed{\n        right: inherit !important;\n        left: 378px !important;\n    }\n}\n\n#recomendadorFixed {\n    width: 90%;\n    box-shadow: 0 10px 20px 0px #00000057;\n    display: none;\n    height: 90px;\n    background: #F6F6F6;\n    position: fixed;\n    flex-direction: row;\n    bottom: 10px;\n    z-index: 9999;\n    border-radius: 16px;\n    padding: 7px 10px;\n}\n\n.recomendadorLeftArea {\n    width: 160px;\n}\n\n.recomendadorRightArea h2 {\n    padding-top: 0px;\n    margin: 2px 0px 4px 0px !important;\n    font-weight: 400;\n    text-align: center;\n    padding-left: 0px !important;\n    color: #000 !important;\n    border-left: none !important;\n    line-height: 20px;\n    font-size: 12px !important;\n}\n\n.recomendadorImgFixed {\n    overflow: hidden;\n    padding: 8px 6px;\n    height: 100%;\n}\n\n.recomendadorImgFixed img {\n    height: 100% !important;\n    border-radius: 16px;\n}\n\n.recomendadorRightArea {\n    padding-top: 6px;\n    display: flex;\n    width: calc(100% - 130px);\n    justify-content: space-between;\n    align-items: center;\n    flex-direction: column;\n}\n\n.recomendadorButtonFixed {\n    margin: 0 auto;\n    background: #1D3557;\n    width: 80%;\n    text-align: center;\n    font-size: 10px;\n    color: #FFF;\n    padding: 2px 10px;\n    border-radius: 3px;\n}\n\n.recomendadorButtonFixed:after {\n    margin-top: -3px;\n    content: \"\u2192\";\n    padding: 0px 0px 0px 10px;\n}\n\n.recomendadorAlertFixed {\n    font-weight: 400;\n    text-align: center;\n    color: #484848;\n    font-size: 8px;\n}\n\n.recomendadorCloseFixed {\n    z-index: 99999;\n    display: none;\n    right: 0px;\n    left: inherit;\n    bottom: 99px;\n    position: fixed;\n    justify-content: center;\n    background: #F6F6F6;\n    width: 25px;\n    align-items: center;\n    height: 25px;\n    font-weight: 800;\n    border-radius: 50%;\n    border: 1px solid #EBEBEB;\n}\n\n.recomendadorV2Desc{\n    color: #000000;\n    margin: 20px 0px;\n}\n\n@media (max-width: 576px) {\n    .recomendadorV2Area {\n      padding: 10px;\n      max-width: 100%;\n    }\n  \n    .recomendadorV2Area1 img {\n      width: 100%;\n      border-radius: 6px;\n    }\n  \n    .recomendadorV2Area2 .recomendadorV2Type {\n      font-size: 9px;\n      letter-spacing: 1px;\n      margin: 8px 0;\n    }\n  \n    .recomendadorV2Title h2 {\n      font-size: 18px !important;\n      margin-bottom: 8px !important;\n      line-height: 1.2;\n    }\n  \n    .recomendadorV2Desc {\n      font-size: 14px;\n      margin: 8px 0 !important;\n      line-height: 1.4;\n    }\n  \n    .recomendadorV2Button {\n      font-size: 14px;\n      height: 40px;\n      padding: 0 12px;\n      max-width: 100%;\n      width: 100%;\n    }\n  \n    .recomendadorV2Button:after {\n      padding-left: 6px;\n    }\n  }\n  <\/style>\n        <div class=\"lazyblock-recomendador-v2-2jDGz wp-block-lazyblock-recomendador-v2\">\n        <a class=\"linkrecomendadorv2\" href=\"https:\/\/diariodocomercio.com.br\/mix\/governo-antecipa-decisao-e-vai-proibir-apostas-no-brasil\/\">\n            <div class=\"recomendadorV2Area\">\n            <div class=\"recomendadorV2Area1\">\n                <div class=\"recomendadorV2Img\">\n                <img class=\"lazyloaded\" decoding=\"async\" src=\"https:\/\/diariodocomercio.com.br\/mix\/wp-content\/uploads\/2026\/04\/apostas-online.jpg\" data-src=\"https:\/\/diariodocomercio.com.br\/mix\/wp-content\/uploads\/2026\/04\/apostas-online.jpg\" alt=\"\">\n                <\/div>\n            <\/div>\n            <div class=\"recomendadorV2Area2\">\n                <div class=\"recomendadorV2Type\">\n                    <span>APOSTAS<\/span>\n                <\/div>\n                <div class=\"recomendadorV2Title\">\n                <h2><span>Governo antecipa decis\u00e3o e vai proibir apostas no Brasil<\/span><\/h2>\n                <\/div>\n                <div class=\"recomendadorV2Desc\">\n                <span>A crescente popularidade das plataformas de apostas online, a chamada &quot;epidemia das bets&quot;, tem sido uma das principais preocupa\u00e7\u00f5es do \u2026<\/span>\n                <\/div>\n                <div class=\"recomendadorV2Button\">Leia mais<\/div>\n                <div class=\"recomendadorV2Alert\"><\/div>\n            <\/div>\n            <\/div>\n        <\/a>\n        <div>\n            <div style=\"z-index:99999;\" id=\"buttonClose\" onclick=\"closeRecomendadorFixed()\">\n            <div class=\"recomendadorCloseFixed\">X<\/div>\n            <\/div>\n            <a href=\"https:\/\/diariodocomercio.com.br\/mix\/governo-antecipa-decisao-e-vai-proibir-apostas-no-brasil\/\">\n            <div class=\"recomendadorFixedArea\">\n                <div id=\"recomendadorFixed\">\n                <div class=\"recomendadorLeftArea\">\n                    <div class=\"recomendadorImgFixed\">\n                    <img class=\"lazyload\" decoding=\"async\" src=\"https:\/\/diariodocomercio.com.br\/mix\/wp-content\/uploads\/2026\/04\/apostas-online.jpg\" alt=\"\">\n                    <\/div>\n                <\/div>\n                <div class=\"recomendadorRightArea\">\n                    <div class=\"recomendadorTitleFixed\">\n                    <h2><span>Governo antecipa decis\u00e3o e vai proibir apostas no Brasil<\/span><\/h2>\n                    <\/div>\n                    <div class=\"recomendadorButtonFixed\">Leia mais<\/div>\n                    <div class=\"recomendadorAlertFixed\"><\/div>\n                <\/div>\n                <\/div>\n            <\/div>\n            <\/a>\n        <\/div>\n        <\/div>\n","protected":false},"excerpt":{"rendered":"<p>Nesta quinta-feira (30), a organiza\u00e7\u00e3o n\u00e3o governamental Rep\u00f3rteres Sem Fronteiras divulgou o seu tradicional ranking de liberdade de imprensa ao redor do mundo. O Brasil subiu 58 posi\u00e7\u00f5es desde 2022, ocupando atualmente o 52\u00ba lugar, superando inclusive os Estados Unidos. Atualmente governado por Donald Trump, o pa\u00eds saiu da 57\u00aa posi\u00e7\u00e3o no ano passado para [&hellip;]<\/p>\n","protected":false},"author":6,"featured_media":14190,"comment_status":"closed","ping_status":"closed","sticky":false,"template":"","format":"standard","meta":{"jnews-multi-image_gallery":[],"jnews_single_post":{"format":"standard"},"jnews_primary_category":[],"jnews_social_meta":[],"jnews_override_counter":[],"jnews_post_split":[],"footnotes":""},"categories":[1],"tags":[],"class_list":["post-43830","post","type-post","status-publish","format-standard","has-post-thumbnail","hentry","category-geral"],"_referencia":"","_links":{"self":[{"href":"https:\/\/diariodocomercio.com.br\/mix\/wp-json\/wp\/v2\/posts\/43830","targetHints":{"allow":["GET"]}}],"collection":[{"href":"https:\/\/diariodocomercio.com.br\/mix\/wp-json\/wp\/v2\/posts"}],"about":[{"href":"https:\/\/diariodocomercio.com.br\/mix\/wp-json\/wp\/v2\/types\/post"}],"author":[{"embeddable":true,"href":"https:\/\/diariodocomercio.com.br\/mix\/wp-json\/wp\/v2\/users\/6"}],"replies":[{"embeddable":true,"href":"https:\/\/diariodocomercio.com.br\/mix\/wp-json\/wp\/v2\/comments?post=43830"}],"version-history":[{"count":1,"href":"https:\/\/diariodocomercio.com.br\/mix\/wp-json\/wp\/v2\/posts\/43830\/revisions"}],"predecessor-version":[{"id":43832,"href":"https:\/\/diariodocomercio.com.br\/mix\/wp-json\/wp\/v2\/posts\/43830\/revisions\/43832"}],"wp:featuredmedia":[{"embeddable":true,"href":"https:\/\/diariodocomercio.com.br\/mix\/wp-json\/wp\/v2\/media\/14190"}],"wp:attachment":[{"href":"https:\/\/diariodocomercio.com.br\/mix\/wp-json\/wp\/v2\/media?parent=43830"}],"wp:term":[{"taxonomy":"category","embeddable":true,"href":"https:\/\/diariodocomercio.com.br\/mix\/wp-json\/wp\/v2\/categories?post=43830"},{"taxonomy":"post_tag","embeddable":true,"href":"https:\/\/diariodocomercio.com.br\/mix\/wp-json\/wp\/v2\/tags?post=43830"}],"curies":[{"name":"wp","href":"https:\/\/api.w.org\/{rel}","templated":true}]}}