{"id":43835,"date":"2026-04-30T21:30:00","date_gmt":"2026-05-01T00:30:00","guid":{"rendered":"https:\/\/diariodocomercio.com.br\/mix\/?p=43835"},"modified":"2026-04-30T20:56:20","modified_gmt":"2026-04-30T23:56:20","slug":"apenas-10-minutos-de-exercicio-deitado-por-dia-podem-fazer-diferenca-revela-estudo","status":"publish","type":"post","link":"https:\/\/diariodocomercio.com.br\/mix\/apenas-10-minutos-de-exercicio-deitado-por-dia-podem-fazer-diferenca-revela-estudo\/","title":{"rendered":"Apenas 10 minutos de exerc\u00edcio deitado por dia podem fazer diferen\u00e7a, revela estudo"},"content":{"rendered":"\n<p>Um dos principais motivos citados pelas pessoas para explicar por que elas n\u00e3o praticam exerc\u00edcio f\u00edsico \u00e9 a falta de tempo. Mas voc\u00ea sabia que at\u00e9 mesmo dez minutos de atividade f\u00edsica, mesmo que voc\u00ea esteja na posi\u00e7\u00e3o deitada, j\u00e1 podem te trazer benef\u00edcios? \u00c9 o que aponta um novo estudo publicado na revista cient\u00edfica PLOS One.<\/p>\n\n\n\n<h2 class=\"wp-block-heading\">Os benef\u00edcios de dez minutos de exerc\u00edcio deitado<\/h2>\n\n\n\n<p>De acordo com o g1, os pesquisadores analisaram os efeitos de um programa curto de exerc\u00edcios em posi\u00e7\u00e3o supina, feito todos os dias, ao longo de duas semanas. Em entrevista ao ve\u00edculo, Yoriko Atomi, uma das autoras principais do estudo, explica que o corpo pode se tornar mais eficiente na organiza\u00e7\u00e3o e coordena\u00e7\u00e3o de movimentos, mesmo que em um curto per\u00edodo de tempo.<\/p>\n\n\n\n<p>O programa de exerc\u00edcios do estudo teve impactos positivos principalmente sobre o controle motor, melhorando quest\u00f5es como a flexibilidade e o equil\u00edbrio. Quando a quest\u00e3o \u00e9 for\u00e7a muscular, o programa n\u00e3o fez tanta diferen\u00e7a, mas os exerc\u00edcios melhoraram <em>&#8220;a forma como o corpo organiza e controla o movimento, especialmente a coordena\u00e7\u00e3o entre o tronco e os membros inferiores&#8221;<\/em>, explicou Atomi ao g1.<\/p>\n\n\n\n<p>Segundo a pesquisadora, eles escolherem a posi\u00e7\u00e3o supina para o estudo (em que a pessoa fica deitada com as costas encostadas no ch\u00e3o) porque ela reduz as &#8220;demandas posturais dos m\u00fasculos antigravitacionais&#8221;, permitindo que a pessoa foque mais em integrar a estabilidade do tronco e a coordena\u00e7\u00e3o dos membros inferiores.<\/p>\n\n\n\n<p>Esse tipo de exerc\u00edcio pode ser particularmente ben\u00e9fico para dois grupos:<\/p>\n\n\n\n<ul class=\"wp-block-list\">\n<li>Atletas, j\u00e1 que ele pode ajudar a refinar o controle do tronco e a efici\u00eancia do movimento;<\/li>\n\n\n\n<li>Idosos ou pessoas em reabilita\u00e7\u00e3o, por serem exerc\u00edcios de baixa carga e seguros.<\/li>\n<\/ul>\n\n\n\n<style>@media (min-width: 992px) {\n    .recomendadorV2Area1 {\n        width: 280px;\n    }\n    .recomendadorV2Area2 {\n        padding: 0px 20px;\n        width: calc(100% - 280px);\n    }\n}\n\n@media (max-width: 992px) {\n    .recomendadorV2Button {\n        margin: 0 auto;\n    }\n    .recomendadorV2Area {\n        flex-direction: column;\n        text-align: center;\n    }\n    .recomendadorV2Area2 {\n        padding: 0px 20px;\n    }\n}\n\n.recomendadorV2Area {\n    background: #eeeeee3d;\n    border-radius: 10px;\n    padding: 15px;\n    display: flex;\n    margin: 15px auto;\n    border: 1px solid #00000014;\n    max-width: 800px;\n}\n\n.recomendadorV2Area1 img {\n    width: 280px;\n    height: auto;\n    border-radius: 8px;\n}\n\n.linkrecomendadorv2 {\n    text-decoration: none !important;\n}\n\n.recomendadorV2Area2 .recomendadorV2Type {\n    text-transform: uppercase;\n    font-weight: 500;\n    font-size: 11px;\n    letter-spacing: 2px;\n    color: #666;\n    margin: 12px 0;\n    display: block;\n}\n\n.recomendadorV2Title h2 {\n    padding-top: 0px !important;\n    margin: 0px !important;\n    border-left: none !important;\n    padding-left: 0px !important;\n    line-height: 1.3;\n    color: #000 !important;\n    font-size: 24px;\n    margin-bottom: 12px !important;\n}\n\n.recomendadorV2Desc {\n    color: #333;\n    margin: 12px 0px !important;\n    font-size: 15px;\n    line-height: 1.5;\n}\n\n.recomendadorV2Button {\n    width: auto;\n    max-width: 200px;\n    margin: 0;\n    display: inline-flex;\n    align-items: center;\n    background: #1D3557;\n    border-radius: 8px;\n    color: #fff;\n    height: 36px;\n    justify-content: center;\n    text-align: center;\n    font-size: 14px;\n    padding: 0 20px;\n    transition: background-color 0.2s ease;\n}\n\n.recomendadorV2Button:hover {\n    background: #2a4d7a;\n}\n\n.recomendadorV2Button:after {\n    margin-top: -2px;\n    content: \"\u2192\";\n    padding: 0px 0px 0px 8px;\n}\n\n.recomendadorV2Alert {\n    text-align: left;\n    font-size: 11px;\n    margin-top: 8px;\n    color: #666;\n}\n\n.recomendadorFixedArea {\n    width: 100%;\n    display: flex;\n    justify-content: center;\n    align-items: center;\n}\n\n@media (min-width: 992px) {\n    #recomendadorFixed {\n        width: 32% !important;\n        left: 5%;\n    }\n    .recomendadorCloseFixed{\n        right: inherit !important;\n        left: 378px !important;\n    }\n}\n\n#recomendadorFixed {\n    width: 90%;\n    box-shadow: 0 10px 20px 0px #00000057;\n    display: none;\n    height: 90px;\n    background: #F6F6F6;\n    position: fixed;\n    flex-direction: row;\n    bottom: 10px;\n    z-index: 9999;\n    border-radius: 16px;\n    padding: 7px 10px;\n}\n\n.recomendadorLeftArea {\n    width: 160px;\n}\n\n.recomendadorRightArea h2 {\n    padding-top: 0px;\n    margin: 2px 0px 4px 0px !important;\n    font-weight: 400;\n    text-align: center;\n    padding-left: 0px !important;\n    color: #000 !important;\n    border-left: none !important;\n    line-height: 20px;\n    font-size: 12px !important;\n}\n\n.recomendadorImgFixed {\n    overflow: hidden;\n    padding: 8px 6px;\n    height: 100%;\n}\n\n.recomendadorImgFixed img {\n    height: 100% !important;\n    border-radius: 16px;\n}\n\n.recomendadorRightArea {\n    padding-top: 6px;\n    display: flex;\n    width: calc(100% - 130px);\n    justify-content: space-between;\n    align-items: center;\n    flex-direction: column;\n}\n\n.recomendadorButtonFixed {\n    margin: 0 auto;\n    background: #1D3557;\n    width: 80%;\n    text-align: center;\n    font-size: 10px;\n    color: #FFF;\n    padding: 2px 10px;\n    border-radius: 3px;\n}\n\n.recomendadorButtonFixed:after {\n    margin-top: -3px;\n    content: \"\u2192\";\n    padding: 0px 0px 0px 10px;\n}\n\n.recomendadorAlertFixed {\n    font-weight: 400;\n    text-align: center;\n    color: #484848;\n    font-size: 8px;\n}\n\n.recomendadorCloseFixed {\n    z-index: 99999;\n    display: none;\n    right: 0px;\n    left: inherit;\n    bottom: 99px;\n    position: fixed;\n    justify-content: center;\n    background: #F6F6F6;\n    width: 25px;\n    align-items: center;\n    height: 25px;\n    font-weight: 800;\n    border-radius: 50%;\n    border: 1px solid #EBEBEB;\n}\n\n.recomendadorV2Desc{\n    color: #000000;\n    margin: 20px 0px;\n}\n\n@media (max-width: 576px) {\n    .recomendadorV2Area {\n      padding: 10px;\n      max-width: 100%;\n    }\n  \n    .recomendadorV2Area1 img {\n      width: 100%;\n      border-radius: 6px;\n    }\n  \n    .recomendadorV2Area2 .recomendadorV2Type {\n      font-size: 9px;\n      letter-spacing: 1px;\n      margin: 8px 0;\n    }\n  \n    .recomendadorV2Title h2 {\n      font-size: 18px !important;\n      margin-bottom: 8px !important;\n      line-height: 1.2;\n    }\n  \n    .recomendadorV2Desc {\n      font-size: 14px;\n      margin: 8px 0 !important;\n      line-height: 1.4;\n    }\n  \n    .recomendadorV2Button {\n      font-size: 14px;\n      height: 40px;\n      padding: 0 12px;\n      max-width: 100%;\n      width: 100%;\n    }\n  \n    .recomendadorV2Button:after {\n      padding-left: 6px;\n    }\n  }\n  <\/style>\n        <div class=\"lazyblock-recomendador-v2-2jDGz wp-block-lazyblock-recomendador-v2\">\n        <a class=\"linkrecomendadorv2\" href=\"https:\/\/diariodocomercio.com.br\/mix\/brasil-deixa-eua-para-tras-em-ranking-e-levanta-debate-sobre-liberdade-no-pais\/\">\n            <div class=\"recomendadorV2Area\">\n            <div class=\"recomendadorV2Area1\">\n                <div class=\"recomendadorV2Img\">\n                <img class=\"lazyloaded\" decoding=\"async\" src=\"https:\/\/diariodocomercio.com.br\/mix\/wp-content\/uploads\/2025\/07\/eua-brasil.jpg\" data-src=\"https:\/\/diariodocomercio.com.br\/mix\/wp-content\/uploads\/2025\/07\/eua-brasil.jpg\" alt=\"\">\n                <\/div>\n            <\/div>\n            <div class=\"recomendadorV2Area2\">\n                <div class=\"recomendadorV2Type\">\n                    <span>MUNDO<\/span>\n                <\/div>\n                <div class=\"recomendadorV2Title\">\n                <h2><span>Brasil deixa EUA para tr\u00e1s em ranking e levanta debate sobre liberdade no pa\u00eds<\/span><\/h2>\n                <\/div>\n                <div class=\"recomendadorV2Desc\">\n                <span>Nesta quinta-feira (30), a organiza\u00e7\u00e3o n\u00e3o governamental Rep\u00f3rteres Sem Fronteiras divulgou o seu tradicional ranking de liberdade de imprensa ao \u2026<\/span>\n                <\/div>\n                <div class=\"recomendadorV2Button\">Leia mais<\/div>\n                <div class=\"recomendadorV2Alert\"><\/div>\n            <\/div>\n            <\/div>\n        <\/a>\n        <div>\n            <div style=\"z-index:99999;\" id=\"buttonClose\" onclick=\"closeRecomendadorFixed()\">\n            <div class=\"recomendadorCloseFixed\">X<\/div>\n            <\/div>\n            <a href=\"https:\/\/diariodocomercio.com.br\/mix\/brasil-deixa-eua-para-tras-em-ranking-e-levanta-debate-sobre-liberdade-no-pais\/\">\n            <div class=\"recomendadorFixedArea\">\n                <div id=\"recomendadorFixed\">\n                <div class=\"recomendadorLeftArea\">\n                    <div class=\"recomendadorImgFixed\">\n                    <img class=\"lazyload\" decoding=\"async\" src=\"https:\/\/diariodocomercio.com.br\/mix\/wp-content\/uploads\/2025\/07\/eua-brasil.jpg\" alt=\"\">\n                    <\/div>\n                <\/div>\n                <div class=\"recomendadorRightArea\">\n                    <div class=\"recomendadorTitleFixed\">\n                    <h2><span>Brasil deixa EUA para tr\u00e1s em ranking e levanta debate sobre liberdade no pa\u00eds<\/span><\/h2>\n                    <\/div>\n                    <div class=\"recomendadorButtonFixed\">Leia mais<\/div>\n                    <div class=\"recomendadorAlertFixed\"><\/div>\n                <\/div>\n                <\/div>\n            <\/div>\n            <\/a>\n        <\/div>\n        <\/div>\n","protected":false},"excerpt":{"rendered":"<p>Um dos principais motivos citados pelas pessoas para explicar por que elas n\u00e3o praticam exerc\u00edcio f\u00edsico \u00e9 a falta de tempo. Mas voc\u00ea sabia que at\u00e9 mesmo dez minutos de atividade f\u00edsica, mesmo que voc\u00ea esteja na posi\u00e7\u00e3o deitada, j\u00e1 podem te trazer benef\u00edcios? \u00c9 o que aponta um novo estudo publicado na revista cient\u00edfica [&hellip;]<\/p>\n","protected":false},"author":6,"featured_media":43836,"comment_status":"closed","ping_status":"closed","sticky":false,"template":"","format":"standard","meta":{"jnews-multi-image_gallery":[],"jnews_single_post":{"format":"standard"},"jnews_primary_category":[],"jnews_social_meta":[],"jnews_override_counter":[],"jnews_post_split":[],"footnotes":""},"categories":[1],"tags":[],"class_list":["post-43835","post","type-post","status-publish","format-standard","has-post-thumbnail","hentry","category-geral"],"_referencia":"","_links":{"self":[{"href":"https:\/\/diariodocomercio.com.br\/mix\/wp-json\/wp\/v2\/posts\/43835","targetHints":{"allow":["GET"]}}],"collection":[{"href":"https:\/\/diariodocomercio.com.br\/mix\/wp-json\/wp\/v2\/posts"}],"about":[{"href":"https:\/\/diariodocomercio.com.br\/mix\/wp-json\/wp\/v2\/types\/post"}],"author":[{"embeddable":true,"href":"https:\/\/diariodocomercio.com.br\/mix\/wp-json\/wp\/v2\/users\/6"}],"replies":[{"embeddable":true,"href":"https:\/\/diariodocomercio.com.br\/mix\/wp-json\/wp\/v2\/comments?post=43835"}],"version-history":[{"count":1,"href":"https:\/\/diariodocomercio.com.br\/mix\/wp-json\/wp\/v2\/posts\/43835\/revisions"}],"predecessor-version":[{"id":43837,"href":"https:\/\/diariodocomercio.com.br\/mix\/wp-json\/wp\/v2\/posts\/43835\/revisions\/43837"}],"wp:featuredmedia":[{"embeddable":true,"href":"https:\/\/diariodocomercio.com.br\/mix\/wp-json\/wp\/v2\/media\/43836"}],"wp:attachment":[{"href":"https:\/\/diariodocomercio.com.br\/mix\/wp-json\/wp\/v2\/media?parent=43835"}],"wp:term":[{"taxonomy":"category","embeddable":true,"href":"https:\/\/diariodocomercio.com.br\/mix\/wp-json\/wp\/v2\/categories?post=43835"},{"taxonomy":"post_tag","embeddable":true,"href":"https:\/\/diariodocomercio.com.br\/mix\/wp-json\/wp\/v2\/tags?post=43835"}],"curies":[{"name":"wp","href":"https:\/\/api.w.org\/{rel}","templated":true}]}}