{"id":56701,"date":"2026-08-30T20:32:00","date_gmt":"2026-08-30T23:32:00","guid":{"rendered":"https:\/\/diariodocomercio.com.br\/mix\/?p=56701"},"modified":"2026-08-25T18:25:44","modified_gmt":"2026-08-25T21:25:44","slug":"tres-meses-apos-criar-nova-exigencia-inss-muda-regra-e-libera-servico-para-grupo-de-aposentados","status":"publish","type":"post","link":"https:\/\/diariodocomercio.com.br\/mix\/tres-meses-apos-criar-nova-exigencia-inss-muda-regra-e-libera-servico-para-grupo-de-aposentados\/","title":{"rendered":"Tr\u00eas meses ap\u00f3s criar nova exig\u00eancia, INSS muda regra e libera servi\u00e7o para grupo de aposentados"},"content":{"rendered":"\n<p class=\"wp-block-paragraph\">O Instituto Nacional do Seguro Social publicou, no dia 17 de agosto, a instru\u00e7\u00e3o normativa que <strong>amplia o acesso ao cr\u00e9dito consignado para aposentados e pensionistas<\/strong> que n\u00e3o possuem biometria cadastrada nas bases governamentais. A medida, prevista na Instru\u00e7\u00e3o Normativa PRES\/INSS n\u00ba 213, passou a permitir, a partir daquela data, que a contrata\u00e7\u00e3o do empr\u00e9stimo seja feita com a valida\u00e7\u00e3o de dados banc\u00e1rios, alternativa \u00e0 exig\u00eancia anterior de biometria. O INSS mudou a regra do empr\u00e9stimo consignado tr\u00eas meses ap\u00f3s tornar a biometria facial obrigat\u00f3ria.<\/p>\n\n\n\n<p class=\"wp-block-paragraph\">A autentica\u00e7\u00e3o biom\u00e9trica continua sendo a primeira op\u00e7\u00e3o para autorizar a opera\u00e7\u00e3o. O sistema da Dataprev verifica a exist\u00eancia do cadastro biom\u00e9trico do benefici\u00e1rio. Caso n\u00e3o seja localizado, o login via Gov.br \u00e9 liberado sem a necessidade de biometria. De acordo com o INSS, a mudan\u00e7a evita que a aus\u00eancia desse dado impe\u00e7a o acesso ao consignado, mantendo a exig\u00eancia de autoriza\u00e7\u00e3o expressa do titular.<\/p>\n\n\n\n<p class=\"wp-block-paragraph\">A contrata\u00e7\u00e3o tamb\u00e9m depende de o cadastro do benefici\u00e1rio estar desbloqueado. Benef\u00edcios rec\u00e9m-concedidos permanecem bloqueados para consignado nos primeiros 90 dias ap\u00f3s a concess\u00e3o. Ap\u00f3s esse per\u00edodo, o aposentado ou pensionista pode solicitar o desbloqueio pelo sistema Meu INSS.<\/p>\n\n\n\n<h2 class=\"wp-block-heading\">INSS refor\u00e7ou seguran\u00e7a<\/h2>\n\n\n\n<p class=\"wp-block-paragraph\">O INSS refor\u00e7ou que todas as opera\u00e7\u00f5es s\u00e3o finalizadas somente ap\u00f3s a <strong>autoriza\u00e7\u00e3o do benefici\u00e1rio pelo aplicativo<\/strong>. As institui\u00e7\u00f5es financeiras s\u00e3o obrigadas a enviar os documentos e informa\u00e7\u00f5es exigidos, incluindo os comprovantes de dep\u00f3sito, em at\u00e9 sete dias \u00fateis a partir da data da contrata\u00e7\u00e3o. Se o prazo for descumprido, o INSS afirmou que vai interromper os descontos e reter o repasse ao banco at\u00e9 a regulariza\u00e7\u00e3o.<\/p>\n\n\n\n<p class=\"wp-block-paragraph\">Os contratos podem ter at\u00e9 108 parcelas mensais. O consignado \u00e9 considerado a linha de cr\u00e9dito mais barata do mercado. Dados do Banco Central mostram que a taxa m\u00e9dia para benefici\u00e1rios do INSS \u00e9 de 24,3% ao ano, superior apenas \u00e0 oferecida a servidores p\u00fablicos, de 23,8%.<\/p>\n\n\n\n<p class=\"wp-block-paragraph\">Para trabalhadores do setor privado, a taxa m\u00e9dia \u00e9 de 54%. A mudan\u00e7a, em vigor desde 17 de agosto, amplia o alcance do cr\u00e9dito e busca facilitar o acesso de quem enfrentava dificuldades operacionais para contratar o empr\u00e9stimo.<\/p>\n","protected":false},"excerpt":{"rendered":"<p>O INSS refor\u00e7ou que todas as opera\u00e7\u00f5es s\u00e3o finalizadas somente ap\u00f3s a autoriza\u00e7\u00e3o do benefici\u00e1rio pelo aplicativo. <\/p>\n","protected":false},"author":12,"featured_media":15469,"comment_status":"closed","ping_status":"closed","sticky":false,"template":"","format":"standard","meta":{"jnews-multi-image_gallery":[],"jnews_single_post":{"format":"standard"},"jnews_primary_category":[],"jnews_social_meta":[],"jnews_post_split":[],"footnotes":""},"categories":[1],"tags":[],"class_list":["post-56701","post","type-post","status-publish","format-standard","has-post-thumbnail","hentry","category-geral"],"_referencia":"","_links":{"self":[{"href":"https:\/\/diariodocomercio.com.br\/mix\/wp-json\/wp\/v2\/posts\/56701","targetHints":{"allow":["GET"]}}],"collection":[{"href":"https:\/\/diariodocomercio.com.br\/mix\/wp-json\/wp\/v2\/posts"}],"about":[{"href":"https:\/\/diariodocomercio.com.br\/mix\/wp-json\/wp\/v2\/types\/post"}],"author":[{"embeddable":true,"href":"https:\/\/diariodocomercio.com.br\/mix\/wp-json\/wp\/v2\/users\/12"}],"replies":[{"embeddable":true,"href":"https:\/\/diariodocomercio.com.br\/mix\/wp-json\/wp\/v2\/comments?post=56701"}],"version-history":[{"count":2,"href":"https:\/\/diariodocomercio.com.br\/mix\/wp-json\/wp\/v2\/posts\/56701\/revisions"}],"predecessor-version":[{"id":56703,"href":"https:\/\/diariodocomercio.com.br\/mix\/wp-json\/wp\/v2\/posts\/56701\/revisions\/56703"}],"wp:featuredmedia":[{"embeddable":true,"href":"https:\/\/diariodocomercio.com.br\/mix\/wp-json\/wp\/v2\/media\/15469"}],"wp:attachment":[{"href":"https:\/\/diariodocomercio.com.br\/mix\/wp-json\/wp\/v2\/media?parent=56701"}],"wp:term":[{"taxonomy":"category","embeddable":true,"href":"https:\/\/diariodocomercio.com.br\/mix\/wp-json\/wp\/v2\/categories?post=56701"},{"taxonomy":"post_tag","embeddable":true,"href":"https:\/\/diariodocomercio.com.br\/mix\/wp-json\/wp\/v2\/tags?post=56701"}],"curies":[{"name":"wp","href":"https:\/\/api.w.org\/{rel}","templated":true}]}}