{"id":56714,"date":"2026-08-30T22:36:00","date_gmt":"2026-08-31T01:36:00","guid":{"rendered":"https:\/\/diariodocomercio.com.br\/mix\/?p=56714"},"modified":"2026-08-25T19:28:24","modified_gmt":"2026-08-25T22:28:24","slug":"vizinho-ignora-pedidos-para-reduzir-barulho-durante-a-noite-e-justica-estabelece-indenizacao-de-r-19-mil","status":"publish","type":"post","link":"https:\/\/diariodocomercio.com.br\/mix\/vizinho-ignora-pedidos-para-reduzir-barulho-durante-a-noite-e-justica-estabelece-indenizacao-de-r-19-mil\/","title":{"rendered":"Vizinho ignora pedidos para reduzir barulho durante a noite e Justi\u00e7a estabelece indeniza\u00e7\u00e3o de R$ 19 mil"},"content":{"rendered":"\n<p class=\"wp-block-paragraph\">Se voc\u00ea nunca se incomodou com algum barulho vindo da casa de um vizinho, talvez voc\u00ea seja o vizinho que incomoda os outros&#8230; Brincadeiras \u00e0 parte, a quest\u00e3o de barulho na vizinhan\u00e7a pode ser um problema bastante inc\u00f4modos, virando at\u00e9 caso de pol\u00edtica e de Justi\u00e7a em algumas situa\u00e7\u00f5es, dependendo do n\u00edvel do barulho e, claro, de como ele est\u00e1 afetando a vida dos vizinhos ao redor. Recentemente, o ru\u00eddo dos vizinhos virou caso de Justi\u00e7a no Distrito Federal. Saiba mais sobre o caso.<\/p>\n\n\n\n<h2 class=\"wp-block-heading\">Vizinho ter\u00e1 que pagar indeniza\u00e7\u00e3o de R$ 19 mil por causa de barulho<\/h2>\n\n\n\n<p class=\"wp-block-paragraph\">O juiz de Direito Edson Lima Costa, da 2\u00aa vara C\u00edvel de Samambaia\/DF, condenou o morador de um condom\u00ednio a pagar uma indeniza\u00e7\u00e3o de R$ 19 mil para uma fam\u00edlia vizinha, al\u00e9m de, \u00e9 claro, parar com os barulhos excessivos. O magistrado concluiu que, al\u00e9m de um simples inc\u00f4modo, os barulhos contribu\u00edram para agravar o quadro cl\u00ednico de um adolescente com Transtorno do Espectro Autista (TEA) da fam\u00edlia.<\/p>\n\n\n\n<p class=\"wp-block-paragraph\">De acordo com o portal Migalhas, a fam\u00edlia morava h\u00e1 mais de nove anos no condom\u00ednio sem problemas at\u00e9 a mudan\u00e7a do vizinho para o apartamento de cima. Ru\u00eddos como o arrasto de m\u00f3veis, descargas de madrugada, batidas de portas e objetos caindo prejudicaram o estado do adolescente autista, causando mais agita\u00e7\u00e3o, ansiedade e irrita\u00e7\u00e3o. A m\u00e3e tamb\u00e9m foi prejudicada, tendo que procurar tratamento psiqui\u00e1trico.<\/p>\n\n\n\n<p class=\"wp-block-paragraph\">A fam\u00edlia afirma que procurou o vizinho para conversar sobre o excesso de barulho, tendo entregue notifica\u00e7\u00f5es sobre os hor\u00e1rios de sil\u00eancio do condom\u00ednio, mas, segundo relatos, os barulhos continuaram.<\/p>\n\n\n\n<p class=\"wp-block-paragraph\">No processo, o vizinho alegou que n\u00e3o era o respons\u00e1vel pelos sons, mas a per\u00edcia, que poderia ter identificado uma outra origem dos ru\u00eddos, n\u00e3o aconteceu porque o morador n\u00e3o fez o pagamento de sua cota dos honor\u00e1rios. Com isso, o juiz condenou o morador a pagar uma indeniza\u00e7\u00e3o R$ 19 mil para a fam\u00edlia afetada. <em>&#8220;Os laudos m\u00e9dicos comprovam que, para &#8212;&#8212;-, os danos sonoros se revestem de verdadeira tortura e desembocam em significativo preju\u00edzo m\u00e9dico&#8221;<\/em>, afirma trecho do processo.<\/p>\n\n\n<style>@media (min-width: 992px) {\n    .recomendadorV2Area1 {\n        width: 280px;\n    }\n    .recomendadorV2Area2 {\n        padding: 0px 20px;\n        width: calc(100% - 280px);\n    }\n}\n\n@media (max-width: 992px) {\n    .recomendadorV2Button {\n        margin: 0 auto;\n    }\n    .recomendadorV2Area {\n        flex-direction: column;\n        text-align: center;\n    }\n    .recomendadorV2Area2 {\n        padding: 0px 20px;\n    }\n}\n\n.recomendadorV2Area {\n    background: #eeeeee3d;\n    border-radius: 10px;\n    padding: 15px;\n    display: flex;\n    margin: 15px auto;\n    border: 1px solid #00000014;\n    max-width: 800px;\n}\n\n.recomendadorV2Area1 img {\n    width: 280px;\n    height: auto;\n    border-radius: 8px;\n}\n\n.linkrecomendadorv2 {\n    text-decoration: none !important;\n}\n\n.recomendadorV2Area2 .recomendadorV2Type {\n    text-transform: uppercase;\n    font-weight: 500;\n    font-size: 11px;\n    letter-spacing: 2px;\n    color: #666;\n    margin: 12px 0;\n    display: block;\n}\n\n.recomendadorV2Title h2 {\n    padding-top: 0px !important;\n    margin: 0px !important;\n    border-left: none !important;\n    padding-left: 0px !important;\n    line-height: 1.3;\n    color: #000 !important;\n    font-size: 24px;\n    margin-bottom: 12px !important;\n}\n\n.recomendadorV2Desc {\n    color: #333;\n    margin: 12px 0px !important;\n    font-size: 15px;\n    line-height: 1.5;\n}\n\n.recomendadorV2Button {\n    width: auto;\n    max-width: 200px;\n    margin: 0;\n    display: inline-flex;\n    align-items: center;\n    background: #1D3557;\n    border-radius: 8px;\n    color: #fff;\n    height: 36px;\n    justify-content: center;\n    text-align: center;\n    font-size: 14px;\n    padding: 0 20px;\n    transition: background-color 0.2s ease;\n}\n\n.recomendadorV2Button:hover {\n    background: #2a4d7a;\n}\n\n.recomendadorV2Button:after {\n    margin-top: -2px;\n    content: \"\u2192\";\n    padding: 0px 0px 0px 8px;\n}\n\n.recomendadorV2Alert {\n    text-align: left;\n    font-size: 11px;\n    margin-top: 8px;\n    color: #666;\n}\n\n.recomendadorFixedArea {\n    width: 100%;\n    display: flex;\n    justify-content: center;\n    align-items: center;\n}\n\n@media (min-width: 992px) {\n    #recomendadorFixed {\n        width: 32% !important;\n        left: 5%;\n    }\n    .recomendadorCloseFixed{\n        right: inherit !important;\n        left: 378px !important;\n    }\n}\n\n#recomendadorFixed {\n    width: 90%;\n    box-shadow: 0 10px 20px 0px #00000057;\n    display: none;\n    height: 90px;\n    background: #F6F6F6;\n    position: fixed;\n    flex-direction: row;\n    bottom: 10px;\n    z-index: 9999;\n    border-radius: 16px;\n    padding: 7px 10px;\n}\n\n.recomendadorLeftArea {\n    width: 160px;\n}\n\n.recomendadorRightArea h2 {\n    padding-top: 0px;\n    margin: 2px 0px 4px 0px !important;\n    font-weight: 400;\n    text-align: center;\n    padding-left: 0px !important;\n    color: #000 !important;\n    border-left: none !important;\n    line-height: 20px;\n    font-size: 12px !important;\n}\n\n.recomendadorImgFixed {\n    overflow: hidden;\n    padding: 8px 6px;\n    height: 100%;\n}\n\n.recomendadorImgFixed img {\n    height: 100% !important;\n    border-radius: 16px;\n}\n\n.recomendadorRightArea {\n    padding-top: 6px;\n    display: flex;\n    width: calc(100% - 130px);\n    justify-content: space-between;\n    align-items: center;\n    flex-direction: column;\n}\n\n.recomendadorButtonFixed {\n    margin: 0 auto;\n    background: #1D3557;\n    width: 80%;\n    text-align: center;\n    font-size: 10px;\n    color: #FFF;\n    padding: 2px 10px;\n    border-radius: 3px;\n}\n\n.recomendadorButtonFixed:after {\n    margin-top: -3px;\n    content: \"\u2192\";\n    padding: 0px 0px 0px 10px;\n}\n\n.recomendadorAlertFixed {\n    font-weight: 400;\n    text-align: center;\n    color: #484848;\n    font-size: 8px;\n}\n\n.recomendadorCloseFixed {\n    z-index: 99999;\n    display: none;\n    right: 0px;\n    left: inherit;\n    bottom: 99px;\n    position: fixed;\n    justify-content: center;\n    background: #F6F6F6;\n    width: 25px;\n    align-items: center;\n    height: 25px;\n    font-weight: 800;\n    border-radius: 50%;\n    border: 1px solid #EBEBEB;\n}\n\n.recomendadorV2Desc{\n    color: #000000;\n    margin: 20px 0px;\n}\n\n@media (max-width: 576px) {\n    .recomendadorV2Area {\n      padding: 10px;\n      max-width: 100%;\n    }\n  \n    .recomendadorV2Area1 img {\n      width: 100%;\n      border-radius: 6px;\n    }\n  \n    .recomendadorV2Area2 .recomendadorV2Type {\n      font-size: 9px;\n      letter-spacing: 1px;\n      margin: 8px 0;\n    }\n  \n    .recomendadorV2Title h2 {\n      font-size: 18px !important;\n      margin-bottom: 8px !important;\n      line-height: 1.2;\n    }\n  \n    .recomendadorV2Desc {\n      font-size: 14px;\n      margin: 8px 0 !important;\n      line-height: 1.4;\n    }\n  \n    .recomendadorV2Button {\n      font-size: 14px;\n      height: 40px;\n      padding: 0 12px;\n      max-width: 100%;\n      width: 100%;\n    }\n  \n    .recomendadorV2Button:after {\n      padding-left: 6px;\n    }\n  }\n  <\/style>\n        <div class=\"lazyblock-recomendador-v2-2jDGz wp-block-lazyblock-recomendador-v2\">\n        <a class=\"linkrecomendadorv2\" href=\"https:\/\/diariodocomercio.com.br\/mix\/trump-prova-do-proprio-veneno-e-eua-recebem-tarifaco-de-50-de-um-dos-principais-paises-do-mundo\/%20\">\n            <div class=\"recomendadorV2Area\">\n            <div class=\"recomendadorV2Area1\">\n                <div class=\"recomendadorV2Img\">\n                <img width=\"768\" height=\"346\" src=\"https:\/\/diariodocomercio.com.br\/mix\/wp-content\/uploads\/2026\/08\/trump-768x346.jpg\" class=\"lazyloaded\" alt=\"\" sizes=\"auto, (min-width: 577px) 280px, calc(100vw - 20px)\" decoding=\"async\" loading=\"lazy\" srcset=\"https:\/\/diariodocomercio.com.br\/mix\/wp-content\/uploads\/2026\/08\/trump-768x346.jpg 768w, https:\/\/diariodocomercio.com.br\/mix\/wp-content\/uploads\/2026\/08\/trump-300x135.jpg 300w, https:\/\/diariodocomercio.com.br\/mix\/wp-content\/uploads\/2026\/08\/trump-150x68.jpg 150w, https:\/\/diariodocomercio.com.br\/mix\/wp-content\/uploads\/2026\/08\/trump-750x338.jpg 750w, https:\/\/diariodocomercio.com.br\/mix\/wp-content\/uploads\/2026\/08\/trump-1140x513.jpg 1140w, https:\/\/diariodocomercio.com.br\/mix\/wp-content\/uploads\/2026\/08\/trump.jpg 1200w\" \/>\n                <\/div>\n            <\/div>\n            <div class=\"recomendadorV2Area2\">\n                <div class=\"recomendadorV2Type\">\n                    <span>TRUMP t\u00edtulo=Trump prova do pr\u00f3prio veneno e EUA recebem tarifa\u00e7o de 50% de um dos principais pa\u00edses do mundo <\/span>\n                <\/div>\n                <div class=\"recomendadorV2Title\">\n                <h2><span><\/span><\/h2>\n                <\/div>\n                <div class=\"recomendadorV2Desc\">\n                <span>O governo de Donald Trump anunciou tarifas sobre produtos de v\u00e1rios pa\u00edses e agora as respostas est\u00e3o chegando. Nesta ter\u00e7a-feira \u2026 <\/span>\n                <\/div>\n                <div class=\"recomendadorV2Button\">Leia mais <\/div>\n                <div class=\"recomendadorV2Alert\"><\/div>\n            <\/div>\n            <\/div>\n        <\/a>\n        <div>\n            <div style=\"z-index:99999;\" id=\"buttonClose\" onclick=\"closeRecomendadorFixed()\">\n            <div class=\"recomendadorCloseFixed\">X<\/div>\n            <\/div>\n            <a href=\"https:\/\/diariodocomercio.com.br\/mix\/trump-prova-do-proprio-veneno-e-eua-recebem-tarifaco-de-50-de-um-dos-principais-paises-do-mundo\/%20\">\n            <div class=\"recomendadorFixedArea\">\n                <div id=\"recomendadorFixed\">\n                <div class=\"recomendadorLeftArea\">\n                    <div class=\"recomendadorImgFixed\">\n                    <img width=\"300\" height=\"135\" src=\"https:\/\/diariodocomercio.com.br\/mix\/wp-content\/uploads\/2026\/08\/trump-300x135.jpg\" class=\"lazyload\" alt=\"\" sizes=\"auto, 160px\" decoding=\"async\" loading=\"lazy\" srcset=\"https:\/\/diariodocomercio.com.br\/mix\/wp-content\/uploads\/2026\/08\/trump-300x135.jpg 300w, https:\/\/diariodocomercio.com.br\/mix\/wp-content\/uploads\/2026\/08\/trump-768x346.jpg 768w, https:\/\/diariodocomercio.com.br\/mix\/wp-content\/uploads\/2026\/08\/trump-150x68.jpg 150w, https:\/\/diariodocomercio.com.br\/mix\/wp-content\/uploads\/2026\/08\/trump-750x338.jpg 750w, https:\/\/diariodocomercio.com.br\/mix\/wp-content\/uploads\/2026\/08\/trump-1140x513.jpg 1140w, https:\/\/diariodocomercio.com.br\/mix\/wp-content\/uploads\/2026\/08\/trump.jpg 1200w\" \/>\n                    <\/div>\n                <\/div>\n                <div class=\"recomendadorRightArea\">\n                    <div class=\"recomendadorTitleFixed\">\n                    <h2><span><\/span><\/h2>\n                    <\/div>\n                    <div class=\"recomendadorButtonFixed\">Leia mais <\/div>\n                    <div class=\"recomendadorAlertFixed\"><\/div>\n                <\/div>\n                <\/div>\n            <\/div>\n            <\/a>\n        <\/div>\n        <\/div>\n","protected":false},"excerpt":{"rendered":"<p>Se voc\u00ea nunca se incomodou com algum barulho vindo da casa de um vizinho, talvez voc\u00ea seja o vizinho que incomoda os outros&#8230; Brincadeiras \u00e0 parte, a quest\u00e3o de barulho na vizinhan\u00e7a pode ser um problema bastante inc\u00f4modos, virando at\u00e9 caso de pol\u00edtica e de Justi\u00e7a em algumas situa\u00e7\u00f5es, dependendo do n\u00edvel do barulho e, [&hellip;]<\/p>\n","protected":false},"author":6,"featured_media":56717,"comment_status":"closed","ping_status":"closed","sticky":false,"template":"","format":"standard","meta":{"jnews-multi-image_gallery":[],"jnews_single_post":{"format":"standard"},"jnews_primary_category":[],"jnews_social_meta":[],"jnews_post_split":[],"footnotes":""},"categories":[1],"tags":[],"class_list":["post-56714","post","type-post","status-publish","format-standard","has-post-thumbnail","hentry","category-geral"],"_referencia":"","_links":{"self":[{"href":"https:\/\/diariodocomercio.com.br\/mix\/wp-json\/wp\/v2\/posts\/56714","targetHints":{"allow":["GET"]}}],"collection":[{"href":"https:\/\/diariodocomercio.com.br\/mix\/wp-json\/wp\/v2\/posts"}],"about":[{"href":"https:\/\/diariodocomercio.com.br\/mix\/wp-json\/wp\/v2\/types\/post"}],"author":[{"embeddable":true,"href":"https:\/\/diariodocomercio.com.br\/mix\/wp-json\/wp\/v2\/users\/6"}],"replies":[{"embeddable":true,"href":"https:\/\/diariodocomercio.com.br\/mix\/wp-json\/wp\/v2\/comments?post=56714"}],"version-history":[{"count":1,"href":"https:\/\/diariodocomercio.com.br\/mix\/wp-json\/wp\/v2\/posts\/56714\/revisions"}],"predecessor-version":[{"id":56719,"href":"https:\/\/diariodocomercio.com.br\/mix\/wp-json\/wp\/v2\/posts\/56714\/revisions\/56719"}],"wp:featuredmedia":[{"embeddable":true,"href":"https:\/\/diariodocomercio.com.br\/mix\/wp-json\/wp\/v2\/media\/56717"}],"wp:attachment":[{"href":"https:\/\/diariodocomercio.com.br\/mix\/wp-json\/wp\/v2\/media?parent=56714"}],"wp:term":[{"taxonomy":"category","embeddable":true,"href":"https:\/\/diariodocomercio.com.br\/mix\/wp-json\/wp\/v2\/categories?post=56714"},{"taxonomy":"post_tag","embeddable":true,"href":"https:\/\/diariodocomercio.com.br\/mix\/wp-json\/wp\/v2\/tags?post=56714"}],"curies":[{"name":"wp","href":"https:\/\/api.w.org\/{rel}","templated":true}]}}