{"id":56720,"date":"2026-08-30T23:34:00","date_gmt":"2026-08-31T02:34:00","guid":{"rendered":"https:\/\/diariodocomercio.com.br\/mix\/?p=56720"},"modified":"2026-08-25T19:57:17","modified_gmt":"2026-08-25T22:57:17","slug":"aposentados-que-receberem-esse-tipo-de-visita-em-casa-podem-estar-diante-de-pratica-proibida-pelo-stj","status":"publish","type":"post","link":"https:\/\/diariodocomercio.com.br\/mix\/aposentados-que-receberem-esse-tipo-de-visita-em-casa-podem-estar-diante-de-pratica-proibida-pelo-stj\/","title":{"rendered":"Aposentados que receberem esse tipo de visita em casa podem estar diante de pr\u00e1tica proibida pelo STJ"},"content":{"rendered":"\n<p class=\"wp-block-paragraph\">Se voc\u00ea \u00e9 aposentado ou pensionista do INSS (Instituto Nacional do Seguro Social), talvez voc\u00ea j\u00e1 tenha recebido uma visita de correspondentes banc\u00e1rios tentando oferecer empr\u00e9stimos consignados, mesmo que voc\u00ea nenhuma tenha procurado nada sobre esse tipo de opera\u00e7\u00e3o. Essa pr\u00e1tica podia at\u00e9 ser relativamente comum, mas, no entendimento do Supremo Tribunal de Justi\u00e7a (STJ), ela pode ser classificada como ass\u00e9dio de consumo.<\/p>\n\n\n\n<p class=\"wp-block-paragraph\">A Terceira Turma do STJ classificou essas visitas como ass\u00e9dio de consumo, proibido pelo C\u00f3digo de Defesa do Consumidor (CDC). <em>&#8220;A pr\u00e1tica agressiva de consumo \u00e9 aquela que tenta pressionar o consumidor de forma impor sua decis\u00e3o, explorando emo\u00e7\u00f5es, medos, confian\u00e7a e outras situa\u00e7\u00f5es especiais&#8221;<\/em>, define o site Consultor Jur\u00eddico.<\/p>\n\n\n\n<p class=\"wp-block-paragraph\">A partir desse entendimento, o colegiado manteve a condena\u00e7\u00e3o de institui\u00e7\u00f5es financeiras a n\u00e3o realizarem esse tipo de visita. O caso surgiu em uma a\u00e7\u00e3o civil p\u00fablica do Minist\u00e9rio P\u00fablico do Maranh\u00e3o ap\u00f3s den\u00fancias da pr\u00e1tica na cidade de Timbiras.<\/p>\n\n\n\n<p class=\"wp-block-paragraph\"><em>&#8220;Considerando a hipervulnerabilidade do idoso, a visita domiciliar n\u00e3o solicitada reduz drasticamente sua margem de reflex\u00e3o, pressionando-o \u00e0 aceita\u00e7\u00e3o imediata do servi\u00e7o&#8221;<\/em>, afirmou a ministra Nancy Andrighi, relatora do recurso do banco, segundo o site do STJ.<em> &#8220;Essa invas\u00e3o da esfera privada justifica a prote\u00e7\u00e3o do artigo 49 do CDC, que assegura o direito de arrependimento para vendas realizadas fora do estabelecimento comercial.&#8221;<\/em><\/p>\n\n\n\n<h2 class=\"wp-block-heading\">Visitas para aposentados e segurados do INSS n\u00e3o est\u00e3o proibidas<\/h2>\n\n\n\n<p class=\"wp-block-paragraph\">Precisamos destacar que, apesar do entendimento do STF, essa pr\u00e1tica n\u00e3o est\u00e1 100% proibida. Mas \u00e9 essencial que essas visitas sejam feitas cumprindo as condi\u00e7\u00f5es rigorosas da Resolu\u00e7\u00e3o 4.935\/2021 do Banco Central. Em casos em que essas regras sejam descumpridas, a visita pode ser classificada como ass\u00e9dio comercial e o banco pode ser responsabilizado pela conduta do funcion\u00e1rio. <\/p>\n\n\n<style>@media (min-width: 992px) {\n    .recomendadorV2Area1 {\n        width: 280px;\n    }\n    .recomendadorV2Area2 {\n        padding: 0px 20px;\n        width: calc(100% - 280px);\n    }\n}\n\n@media (max-width: 992px) {\n    .recomendadorV2Button {\n        margin: 0 auto;\n    }\n    .recomendadorV2Area {\n        flex-direction: column;\n        text-align: center;\n    }\n    .recomendadorV2Area2 {\n        padding: 0px 20px;\n    }\n}\n\n.recomendadorV2Area {\n    background: #eeeeee3d;\n    border-radius: 10px;\n    padding: 15px;\n    display: flex;\n    margin: 15px auto;\n    border: 1px solid #00000014;\n    max-width: 800px;\n}\n\n.recomendadorV2Area1 img {\n    width: 280px;\n    height: auto;\n    border-radius: 8px;\n}\n\n.linkrecomendadorv2 {\n    text-decoration: none !important;\n}\n\n.recomendadorV2Area2 .recomendadorV2Type {\n    text-transform: uppercase;\n    font-weight: 500;\n    font-size: 11px;\n    letter-spacing: 2px;\n    color: #666;\n    margin: 12px 0;\n    display: block;\n}\n\n.recomendadorV2Title h2 {\n    padding-top: 0px !important;\n    margin: 0px !important;\n    border-left: none !important;\n    padding-left: 0px !important;\n    line-height: 1.3;\n    color: #000 !important;\n    font-size: 24px;\n    margin-bottom: 12px !important;\n}\n\n.recomendadorV2Desc {\n    color: #333;\n    margin: 12px 0px !important;\n    font-size: 15px;\n    line-height: 1.5;\n}\n\n.recomendadorV2Button {\n    width: auto;\n    max-width: 200px;\n    margin: 0;\n    display: inline-flex;\n    align-items: center;\n    background: #1D3557;\n    border-radius: 8px;\n    color: #fff;\n    height: 36px;\n    justify-content: center;\n    text-align: center;\n    font-size: 14px;\n    padding: 0 20px;\n    transition: background-color 0.2s ease;\n}\n\n.recomendadorV2Button:hover {\n    background: #2a4d7a;\n}\n\n.recomendadorV2Button:after {\n    margin-top: -2px;\n    content: \"\u2192\";\n    padding: 0px 0px 0px 8px;\n}\n\n.recomendadorV2Alert {\n    text-align: left;\n    font-size: 11px;\n    margin-top: 8px;\n    color: #666;\n}\n\n.recomendadorFixedArea {\n    width: 100%;\n    display: flex;\n    justify-content: center;\n    align-items: center;\n}\n\n@media (min-width: 992px) {\n    #recomendadorFixed {\n        width: 32% !important;\n        left: 5%;\n    }\n    .recomendadorCloseFixed{\n        right: inherit !important;\n        left: 378px !important;\n    }\n}\n\n#recomendadorFixed {\n    width: 90%;\n    box-shadow: 0 10px 20px 0px #00000057;\n    display: none;\n    height: 90px;\n    background: #F6F6F6;\n    position: fixed;\n    flex-direction: row;\n    bottom: 10px;\n    z-index: 9999;\n    border-radius: 16px;\n    padding: 7px 10px;\n}\n\n.recomendadorLeftArea {\n    width: 160px;\n}\n\n.recomendadorRightArea h2 {\n    padding-top: 0px;\n    margin: 2px 0px 4px 0px !important;\n    font-weight: 400;\n    text-align: center;\n    padding-left: 0px !important;\n    color: #000 !important;\n    border-left: none !important;\n    line-height: 20px;\n    font-size: 12px !important;\n}\n\n.recomendadorImgFixed {\n    overflow: hidden;\n    padding: 8px 6px;\n    height: 100%;\n}\n\n.recomendadorImgFixed img {\n    height: 100% !important;\n    border-radius: 16px;\n}\n\n.recomendadorRightArea {\n    padding-top: 6px;\n    display: flex;\n    width: calc(100% - 130px);\n    justify-content: space-between;\n    align-items: center;\n    flex-direction: column;\n}\n\n.recomendadorButtonFixed {\n    margin: 0 auto;\n    background: #1D3557;\n    width: 80%;\n    text-align: center;\n    font-size: 10px;\n    color: #FFF;\n    padding: 2px 10px;\n    border-radius: 3px;\n}\n\n.recomendadorButtonFixed:after {\n    margin-top: -3px;\n    content: \"\u2192\";\n    padding: 0px 0px 0px 10px;\n}\n\n.recomendadorAlertFixed {\n    font-weight: 400;\n    text-align: center;\n    color: #484848;\n    font-size: 8px;\n}\n\n.recomendadorCloseFixed {\n    z-index: 99999;\n    display: none;\n    right: 0px;\n    left: inherit;\n    bottom: 99px;\n    position: fixed;\n    justify-content: center;\n    background: #F6F6F6;\n    width: 25px;\n    align-items: center;\n    height: 25px;\n    font-weight: 800;\n    border-radius: 50%;\n    border: 1px solid #EBEBEB;\n}\n\n.recomendadorV2Desc{\n    color: #000000;\n    margin: 20px 0px;\n}\n\n@media (max-width: 576px) {\n    .recomendadorV2Area {\n      padding: 10px;\n      max-width: 100%;\n    }\n  \n    .recomendadorV2Area1 img {\n      width: 100%;\n      border-radius: 6px;\n    }\n  \n    .recomendadorV2Area2 .recomendadorV2Type {\n      font-size: 9px;\n      letter-spacing: 1px;\n      margin: 8px 0;\n    }\n  \n    .recomendadorV2Title h2 {\n      font-size: 18px !important;\n      margin-bottom: 8px !important;\n      line-height: 1.2;\n    }\n  \n    .recomendadorV2Desc {\n      font-size: 14px;\n      margin: 8px 0 !important;\n      line-height: 1.4;\n    }\n  \n    .recomendadorV2Button {\n      font-size: 14px;\n      height: 40px;\n      padding: 0 12px;\n      max-width: 100%;\n      width: 100%;\n    }\n  \n    .recomendadorV2Button:after {\n      padding-left: 6px;\n    }\n  }\n  <\/style>\n        <div class=\"lazyblock-recomendador-v2-2jDGz wp-block-lazyblock-recomendador-v2\">\n        <a class=\"linkrecomendadorv2\" href=\"https:\/\/diariodocomercio.com.br\/mix\/escandalo-ex-chefe-de-banco-famoso-confessa-ter-desviado-r-37-milhoes-para-a-conta-da-sogra\/%20\">\n            <div class=\"recomendadorV2Area\">\n            <div class=\"recomendadorV2Area1\">\n                <div class=\"recomendadorV2Img\">\n                <img width=\"768\" height=\"346\" src=\"https:\/\/diariodocomercio.com.br\/mix\/wp-content\/uploads\/2026\/08\/Deutsche-Bank-768x346.jpg\" class=\"lazyloaded\" alt=\"\" sizes=\"auto, (min-width: 577px) 280px, calc(100vw - 20px)\" decoding=\"async\" loading=\"lazy\" srcset=\"https:\/\/diariodocomercio.com.br\/mix\/wp-content\/uploads\/2026\/08\/Deutsche-Bank-768x346.jpg 768w, https:\/\/diariodocomercio.com.br\/mix\/wp-content\/uploads\/2026\/08\/Deutsche-Bank-300x135.jpg 300w, https:\/\/diariodocomercio.com.br\/mix\/wp-content\/uploads\/2026\/08\/Deutsche-Bank-150x68.jpg 150w, https:\/\/diariodocomercio.com.br\/mix\/wp-content\/uploads\/2026\/08\/Deutsche-Bank-750x338.jpg 750w, https:\/\/diariodocomercio.com.br\/mix\/wp-content\/uploads\/2026\/08\/Deutsche-Bank-1140x513.jpg 1140w, https:\/\/diariodocomercio.com.br\/mix\/wp-content\/uploads\/2026\/08\/Deutsche-Bank.jpg 1200w\" \/>\n                <\/div>\n            <\/div>\n            <div class=\"recomendadorV2Area2\">\n                <div class=\"recomendadorV2Type\">\n                    <span>MUNDO t\u00edtulo=Esc\u00e2ndalo: ex-chefe de banco famoso confessa ter desviado R$ 3,7 milh\u00f5es para a conta da sogra <\/span>\n                <\/div>\n                <div class=\"recomendadorV2Title\">\n                <h2><span><\/span><\/h2>\n                <\/div>\n                <div class=\"recomendadorV2Desc\">\n                <span>O Deutsche Bank, o maior banco da Alemanha, est\u00e1 passando por um esc\u00e2ndalo, com um ex-funcion\u00e1rio da institui\u00e7\u00e3o tendo admitido \u2026 <\/span>\n                <\/div>\n                <div class=\"recomendadorV2Button\">Leia mais <\/div>\n                <div class=\"recomendadorV2Alert\"><\/div>\n            <\/div>\n            <\/div>\n        <\/a>\n        <div>\n            <div style=\"z-index:99999;\" id=\"buttonClose\" onclick=\"closeRecomendadorFixed()\">\n            <div class=\"recomendadorCloseFixed\">X<\/div>\n            <\/div>\n            <a href=\"https:\/\/diariodocomercio.com.br\/mix\/escandalo-ex-chefe-de-banco-famoso-confessa-ter-desviado-r-37-milhoes-para-a-conta-da-sogra\/%20\">\n            <div class=\"recomendadorFixedArea\">\n                <div id=\"recomendadorFixed\">\n                <div class=\"recomendadorLeftArea\">\n                    <div class=\"recomendadorImgFixed\">\n                    <img width=\"300\" height=\"135\" src=\"https:\/\/diariodocomercio.com.br\/mix\/wp-content\/uploads\/2026\/08\/Deutsche-Bank-300x135.jpg\" class=\"lazyload\" alt=\"\" sizes=\"auto, 160px\" decoding=\"async\" loading=\"lazy\" srcset=\"https:\/\/diariodocomercio.com.br\/mix\/wp-content\/uploads\/2026\/08\/Deutsche-Bank-300x135.jpg 300w, https:\/\/diariodocomercio.com.br\/mix\/wp-content\/uploads\/2026\/08\/Deutsche-Bank-768x346.jpg 768w, https:\/\/diariodocomercio.com.br\/mix\/wp-content\/uploads\/2026\/08\/Deutsche-Bank-150x68.jpg 150w, https:\/\/diariodocomercio.com.br\/mix\/wp-content\/uploads\/2026\/08\/Deutsche-Bank-750x338.jpg 750w, https:\/\/diariodocomercio.com.br\/mix\/wp-content\/uploads\/2026\/08\/Deutsche-Bank-1140x513.jpg 1140w, https:\/\/diariodocomercio.com.br\/mix\/wp-content\/uploads\/2026\/08\/Deutsche-Bank.jpg 1200w\" \/>\n                    <\/div>\n                <\/div>\n                <div class=\"recomendadorRightArea\">\n                    <div class=\"recomendadorTitleFixed\">\n                    <h2><span><\/span><\/h2>\n                    <\/div>\n                    <div class=\"recomendadorButtonFixed\">Leia mais <\/div>\n                    <div class=\"recomendadorAlertFixed\"><\/div>\n                <\/div>\n                <\/div>\n            <\/div>\n            <\/a>\n        <\/div>\n        <\/div>\n","protected":false},"excerpt":{"rendered":"<p>Se voc\u00ea \u00e9 aposentado ou pensionista do INSS (Instituto Nacional do Seguro Social), talvez voc\u00ea j\u00e1 tenha recebido uma visita de correspondentes banc\u00e1rios tentando oferecer empr\u00e9stimos consignados, mesmo que voc\u00ea nenhuma tenha procurado nada sobre esse tipo de opera\u00e7\u00e3o. Essa pr\u00e1tica podia at\u00e9 ser relativamente comum, mas, no entendimento do Supremo Tribunal de Justi\u00e7a (STJ), [&hellip;]<\/p>\n","protected":false},"author":6,"featured_media":4076,"comment_status":"closed","ping_status":"closed","sticky":false,"template":"","format":"standard","meta":{"jnews-multi-image_gallery":[],"jnews_single_post":{"format":"standard"},"jnews_primary_category":[],"jnews_social_meta":[],"jnews_post_split":[],"footnotes":""},"categories":[1],"tags":[],"class_list":["post-56720","post","type-post","status-publish","format-standard","has-post-thumbnail","hentry","category-geral"],"_referencia":"","_links":{"self":[{"href":"https:\/\/diariodocomercio.com.br\/mix\/wp-json\/wp\/v2\/posts\/56720","targetHints":{"allow":["GET"]}}],"collection":[{"href":"https:\/\/diariodocomercio.com.br\/mix\/wp-json\/wp\/v2\/posts"}],"about":[{"href":"https:\/\/diariodocomercio.com.br\/mix\/wp-json\/wp\/v2\/types\/post"}],"author":[{"embeddable":true,"href":"https:\/\/diariodocomercio.com.br\/mix\/wp-json\/wp\/v2\/users\/6"}],"replies":[{"embeddable":true,"href":"https:\/\/diariodocomercio.com.br\/mix\/wp-json\/wp\/v2\/comments?post=56720"}],"version-history":[{"count":1,"href":"https:\/\/diariodocomercio.com.br\/mix\/wp-json\/wp\/v2\/posts\/56720\/revisions"}],"predecessor-version":[{"id":56724,"href":"https:\/\/diariodocomercio.com.br\/mix\/wp-json\/wp\/v2\/posts\/56720\/revisions\/56724"}],"wp:featuredmedia":[{"embeddable":true,"href":"https:\/\/diariodocomercio.com.br\/mix\/wp-json\/wp\/v2\/media\/4076"}],"wp:attachment":[{"href":"https:\/\/diariodocomercio.com.br\/mix\/wp-json\/wp\/v2\/media?parent=56720"}],"wp:term":[{"taxonomy":"category","embeddable":true,"href":"https:\/\/diariodocomercio.com.br\/mix\/wp-json\/wp\/v2\/categories?post=56720"},{"taxonomy":"post_tag","embeddable":true,"href":"https:\/\/diariodocomercio.com.br\/mix\/wp-json\/wp\/v2\/tags?post=56720"}],"curies":[{"name":"wp","href":"https:\/\/api.w.org\/{rel}","templated":true}]}}