{"id":57172,"date":"2026-08-31T04:45:00","date_gmt":"2026-08-31T07:45:00","guid":{"rendered":"https:\/\/diariodocomercio.com.br\/mix\/?p=57172"},"modified":"2026-08-28T18:27:26","modified_gmt":"2026-08-28T21:27:26","slug":"homem-mais-rico-do-brasil-tem-44-anos-fortuna-de-r-1629-bilhoes-e-ja-ganhou-ate-filme-sobre-a-historia-de-vida","status":"publish","type":"post","link":"https:\/\/diariodocomercio.com.br\/mix\/homem-mais-rico-do-brasil-tem-44-anos-fortuna-de-r-1629-bilhoes-e-ja-ganhou-ate-filme-sobre-a-historia-de-vida\/","title":{"rendered":"Homem mais rico do Brasil tem 44 anos, fortuna de R$ 162,9 bilh\u00f5es e j\u00e1 ganhou at\u00e9 filme sobre a hist\u00f3ria de vida"},"content":{"rendered":"\n<p class=\"wp-block-paragraph\"><strong>Eduardo Saverin<\/strong> ocupa, pelo quarto ano ininterrupto, a primeira posi\u00e7\u00e3o no ranking dos brasileiros com maior patrim\u00f4nio financeiro, de acordo com o levantamento anual divulgado pela revista <strong>Forbes<\/strong> no \u00faltimo dia 27. O empres\u00e1rio, que nasceu em S\u00e3o Paulo e vive atualmente em Singapura, tem sua fortuna avaliada em <strong>162,9 bilh\u00f5es de reais.<\/strong><\/p>\n\n\n\n<p class=\"wp-block-paragraph\">Sua trajet\u00f3ria no setor de tecnologia come\u00e7ou na Universidade Harvard, onde conheceu Mark Zuckerberg. Em 2004, <strong>os dois deram origem ao Facebook,<\/strong> plataforma que mais tarde se tornaria o centro de um gigante corporativo.&nbsp;<\/p>\n\n\n\n<p class=\"wp-block-paragraph\">Embora detenha atualmente uma participa\u00e7\u00e3o minorit\u00e1ria na Meta, empresa controladora do Facebook, Instagram e WhatsApp, Saverin tamb\u00e9m dirige seus investimentos para o mercado de capital de risco, financiando neg\u00f3cios em est\u00e1gio inicial de desenvolvimento.<\/p>\n\n\n\n<p class=\"wp-block-paragraph\">Saverin, nascido em 1982, foi criado nos Estados Unidos e formou-se em economia por Harvard. A rela\u00e7\u00e3o com Zuckerberg, contudo, deteriorou-se ao longo do tempo, em raz\u00e3o de diverg\u00eancias estrat\u00e9gicas sobre o futuro da empresa. O embate chegou ao Judici\u00e1rio e foi retratado no filme <strong>A Rede Social,<\/strong> de 2010, com o ator Andrew Garfield interpretando o empres\u00e1rio.<\/p>\n\n\n\n<h2 class=\"wp-block-heading\">Entrada de Saverin na lista de bilion\u00e1rios da Forbes<\/h2>\n\n\n\n<p class=\"wp-block-paragraph\">A primeira inclus\u00e3o de Saverin na lista de bilion\u00e1rios da Forbes ocorreu em 2011. Desde ent\u00e3o, seu patrim\u00f4nio cresceu impulsionado pela valoriza\u00e7\u00e3o das a\u00e7\u00f5es da companhia. Em 2024, a Meta passou a distribuir dividendos a seus acionistas, movimento que contribuiu para a amplia\u00e7\u00e3o de sua riqueza.<\/p>\n\n\n\n<h2 class=\"wp-block-heading\">10 maiores bilion\u00e1rios brasileiros, segundo a Forbes<\/h2>\n\n\n\n<p class=\"wp-block-paragraph\">A 14\u00aa edi\u00e7\u00e3o da lista nacional identificou 255 brasileiros com riqueza superior a 1 bilh\u00e3o de reais. Juntos, eles somam 1,86 trilh\u00e3o de reais. A edi\u00e7\u00e3o de 2026 trouxe cinco novos nomes ao grupo de bilion\u00e1rios.<\/p>\n\n\n\n<p class=\"wp-block-paragraph\"><strong>Confira abaixo os dez maiores bilion\u00e1rios do Brasil em 2026:<\/strong><\/p>\n\n\n\n<ol class=\"wp-block-list\">\n<li>Eduardo Saverin, da Meta e Facebook, com 162,9 bilh\u00f5es de reais;<\/li>\n\n\n\n<li>Vicky Safra e fam\u00edlia, com 130,6 bilh\u00f5es de reais;<\/li>\n\n\n\n<li>Jorge Paulo Lemann e fam\u00edlia, da 3G Capital e AB InBev, com 103,5 bilh\u00f5es de reais;<\/li>\n\n\n\n<li>Andr\u00e9 Esteves, do BTG Pactual, com 66,1 bilh\u00f5es de reais;<\/li>\n\n\n\n<li>Fernando Roberto Moreira Salles, do Ita\u00fa Unibanco e CBMM, com 50,3 bilh\u00f5es de reais;<\/li>\n\n\n\n<li>Pedro Moreira Salles, do Ita\u00fa Unibanco e CBMM, com 46,6 bilh\u00f5es de reais;<\/li>\n\n\n\n<li>Max Van Hoegaerden Herrmann Telles, da 3G Capital e AB InBev, com 38,8 bilh\u00f5es de reais;<\/li>\n\n\n\n<li>Miguel Krigsner, do O Botic\u00e1rio, com 35,7 bilh\u00f5es de reais;<\/li>\n\n\n\n<li>Carlos Alberto da Veiga Sicupira e fam\u00edlia, da AB InBev e 3G Capital, com 35,4 bilh\u00f5es de reais;<\/li>\n\n\n\n<li>Ricardo Castellar de Faria, da Granja Faria, com 35,1 bilh\u00f5es de reais.<\/li>\n<\/ol>\n\n\n\n<p class=\"wp-block-paragraph\">Em rela\u00e7\u00e3o ao ano anterior, 57,25% dos integrantes aumentaram seu patrim\u00f4nio, 30,2% tiveram redu\u00e7\u00e3o e apenas um manteve o mesmo valor.&nbsp;<\/p>\n","protected":false},"excerpt":{"rendered":"<p>A Revista Forbes divulgou levantamento anual dos maiores bilion\u00e1rios brasileiros.<\/p>\n","protected":false},"author":12,"featured_media":57174,"comment_status":"closed","ping_status":"closed","sticky":false,"template":"","format":"standard","meta":{"jnews-multi-image_gallery":[],"jnews_single_post":{"format":"standard"},"jnews_primary_category":[],"jnews_social_meta":[],"jnews_post_split":[],"footnotes":""},"categories":[1],"tags":[],"class_list":["post-57172","post","type-post","status-publish","format-standard","has-post-thumbnail","hentry","category-geral"],"_referencia":"","_links":{"self":[{"href":"https:\/\/diariodocomercio.com.br\/mix\/wp-json\/wp\/v2\/posts\/57172","targetHints":{"allow":["GET"]}}],"collection":[{"href":"https:\/\/diariodocomercio.com.br\/mix\/wp-json\/wp\/v2\/posts"}],"about":[{"href":"https:\/\/diariodocomercio.com.br\/mix\/wp-json\/wp\/v2\/types\/post"}],"author":[{"embeddable":true,"href":"https:\/\/diariodocomercio.com.br\/mix\/wp-json\/wp\/v2\/users\/12"}],"replies":[{"embeddable":true,"href":"https:\/\/diariodocomercio.com.br\/mix\/wp-json\/wp\/v2\/comments?post=57172"}],"version-history":[{"count":2,"href":"https:\/\/diariodocomercio.com.br\/mix\/wp-json\/wp\/v2\/posts\/57172\/revisions"}],"predecessor-version":[{"id":57175,"href":"https:\/\/diariodocomercio.com.br\/mix\/wp-json\/wp\/v2\/posts\/57172\/revisions\/57175"}],"wp:featuredmedia":[{"embeddable":true,"href":"https:\/\/diariodocomercio.com.br\/mix\/wp-json\/wp\/v2\/media\/57174"}],"wp:attachment":[{"href":"https:\/\/diariodocomercio.com.br\/mix\/wp-json\/wp\/v2\/media?parent=57172"}],"wp:term":[{"taxonomy":"category","embeddable":true,"href":"https:\/\/diariodocomercio.com.br\/mix\/wp-json\/wp\/v2\/categories?post=57172"},{"taxonomy":"post_tag","embeddable":true,"href":"https:\/\/diariodocomercio.com.br\/mix\/wp-json\/wp\/v2\/tags?post=57172"}],"curies":[{"name":"wp","href":"https:\/\/api.w.org\/{rel}","templated":true}]}}