{"id":57179,"date":"2026-08-31T05:23:00","date_gmt":"2026-08-31T08:23:00","guid":{"rendered":"https:\/\/diariodocomercio.com.br\/mix\/?p=57179"},"modified":"2026-08-28T18:41:42","modified_gmt":"2026-08-28T21:41:42","slug":"bilionaria-mais-jovem-do-mundo-e-brasileira-tem-so-21-anos-e-acumula-mais-de-r-5-bilhoes","status":"publish","type":"post","link":"https:\/\/diariodocomercio.com.br\/mix\/bilionaria-mais-jovem-do-mundo-e-brasileira-tem-so-21-anos-e-acumula-mais-de-r-5-bilhoes\/","title":{"rendered":"Bilion\u00e1ria mais jovem do mundo \u00e9 brasileira, tem s\u00f3 21 anos e acumula mais de R$ 5 bilh\u00f5es"},"content":{"rendered":"\n<p class=\"wp-block-paragraph\">A <strong>lista de bilion\u00e1rios da Forbes<\/strong> divulgada neste m\u00eas de agosto trouxe um feito in\u00e9dito para o Brasil: a catarinense <strong>Amelie Voigt Trejes,<\/strong> de 21 anos, assumiu o t\u00edtulo de bilion\u00e1ria mais jovem do mundo. Com patrim\u00f4nio avaliado em 5,67 bilh\u00f5es de reais, o equivalente a 1,1 bilh\u00e3o de d\u00f3lares, ela superou o alem\u00e3o Johannes von Baumbach por apenas sete semanas de diferen\u00e7a.<\/p>\n\n\n\n<p class=\"wp-block-paragraph\">Amelie pertence \u00e0 terceira gera\u00e7\u00e3o de uma das fam\u00edlias que deram origem \u00e0 <strong>WEG<\/strong>, companhia fundada em 1961 em Jaragu\u00e1 do Sul, no Norte de Santa Catarina. A empresa come\u00e7ou com a fabrica\u00e7\u00e3o de motores el\u00e9tricos e expandiu suas opera\u00e7\u00f5es para equipamentos de gera\u00e7\u00e3o e transmiss\u00e3o de energia, al\u00e9m de solu\u00e7\u00f5es para automa\u00e7\u00e3o industrial. Hoje, \u00e9 uma das maiores multinacionais brasileiras e refer\u00eancia global no setor.<\/p>\n\n\n<div class=\"wp-block-image\">\n<figure class=\"aligncenter size-full is-resized\"><img decoding=\"async\" width=\"984\" height=\"989\" src=\"https:\/\/diariodocomercio.com.br\/mix\/wp-content\/uploads\/2026\/08\/amelie.avif\" alt=\"\" class=\"wp-image-57180\" style=\"aspect-ratio:0.9949472477346061;width:374px;height:auto\" srcset=\"https:\/\/diariodocomercio.com.br\/mix\/wp-content\/uploads\/2026\/08\/amelie.avif 984w, https:\/\/diariodocomercio.com.br\/mix\/wp-content\/uploads\/2026\/08\/amelie-298x300.avif 298w, https:\/\/diariodocomercio.com.br\/mix\/wp-content\/uploads\/2026\/08\/amelie-150x151.avif 150w, https:\/\/diariodocomercio.com.br\/mix\/wp-content\/uploads\/2026\/08\/amelie-768x772.avif 768w, https:\/\/diariodocomercio.com.br\/mix\/wp-content\/uploads\/2026\/08\/amelie-96x96.avif 96w, https:\/\/diariodocomercio.com.br\/mix\/wp-content\/uploads\/2026\/08\/amelie-75x75.avif 75w, https:\/\/diariodocomercio.com.br\/mix\/wp-content\/uploads\/2026\/08\/amelie-750x754.avif 750w\" sizes=\"(max-width: 984px) 100vw, 984px\" \/><figcaption class=\"wp-element-caption\">Amelie Voigt Trejes (Foto: Reprodu\u00e7\u00e3o\/Instagram)<\/figcaption><\/figure>\n<\/div>\n\n\n<h2 class=\"wp-block-heading\">Fortuna de Amelie<\/h2>\n\n\n\n<p class=\"wp-block-paragraph\">A fortuna da herdeira est\u00e1 diretamente vinculada \u00e0 participa\u00e7\u00e3o acion\u00e1ria que mant\u00e9m na WEG. Ela n\u00e3o exerce fun\u00e7\u00f5es executivas na empresa, mas figura entre os acionistas controladores por meio de ve\u00edculos societ\u00e1rios geridos pela fam\u00edlia.<\/p>\n\n\n\n<p class=\"wp-block-paragraph\">De acordo com registros oficiais, Amelie possui mais de 5,2 milh\u00f5es de a\u00e7\u00f5es ordin\u00e1rias em seu nome, o que representa 0,126% do capital total. Al\u00e9m disso, integra sociedades limitadas que concentram ativos da fam\u00edlia, como a Cladis Voigt Trejes Administradora e a Clica Voigt Administradora, nas quais divide participa\u00e7\u00f5es iguais com os irm\u00e3os Felipe e Pedro.<\/p>\n\n\n\n<p class=\"wp-block-paragraph\">A soma das a\u00e7\u00f5es diretas e indiretas sob o controle de Amelie chega a aproximadamente 106,7 milh\u00f5es de pap\u00e9is, o que corresponde a 2,54% da WEG.<\/p>\n\n\n\n<p class=\"wp-block-paragraph\">Ela tamb\u00e9m est\u00e1 inclu\u00edda no grupo de acionistas da WPA Participa\u00e7\u00f5es e Servi\u00e7os, empresa que re\u00fane as fam\u00edlias dos fundadores e det\u00e9m mais da metade do capital votante da fabricante de motores. Essa estrutura garante \u00e0s fam\u00edlias o comando da companhia e poder de decis\u00e3o sobre os rumos estrat\u00e9gicos do neg\u00f3cio.<\/p>\n","protected":false},"excerpt":{"rendered":"<p>A lista de bilion\u00e1rios da Forbes divulgada neste m\u00eas de agosto trouxe um feito in\u00e9dito para o Brasil.<\/p>\n","protected":false},"author":12,"featured_media":10659,"comment_status":"closed","ping_status":"closed","sticky":false,"template":"","format":"standard","meta":{"jnews-multi-image_gallery":[],"jnews_single_post":{"format":"standard"},"jnews_primary_category":[],"jnews_social_meta":[],"jnews_post_split":[],"footnotes":""},"categories":[1],"tags":[],"class_list":["post-57179","post","type-post","status-publish","format-standard","has-post-thumbnail","hentry","category-geral"],"_referencia":"","_links":{"self":[{"href":"https:\/\/diariodocomercio.com.br\/mix\/wp-json\/wp\/v2\/posts\/57179","targetHints":{"allow":["GET"]}}],"collection":[{"href":"https:\/\/diariodocomercio.com.br\/mix\/wp-json\/wp\/v2\/posts"}],"about":[{"href":"https:\/\/diariodocomercio.com.br\/mix\/wp-json\/wp\/v2\/types\/post"}],"author":[{"embeddable":true,"href":"https:\/\/diariodocomercio.com.br\/mix\/wp-json\/wp\/v2\/users\/12"}],"replies":[{"embeddable":true,"href":"https:\/\/diariodocomercio.com.br\/mix\/wp-json\/wp\/v2\/comments?post=57179"}],"version-history":[{"count":2,"href":"https:\/\/diariodocomercio.com.br\/mix\/wp-json\/wp\/v2\/posts\/57179\/revisions"}],"predecessor-version":[{"id":57228,"href":"https:\/\/diariodocomercio.com.br\/mix\/wp-json\/wp\/v2\/posts\/57179\/revisions\/57228"}],"wp:featuredmedia":[{"embeddable":true,"href":"https:\/\/diariodocomercio.com.br\/mix\/wp-json\/wp\/v2\/media\/10659"}],"wp:attachment":[{"href":"https:\/\/diariodocomercio.com.br\/mix\/wp-json\/wp\/v2\/media?parent=57179"}],"wp:term":[{"taxonomy":"category","embeddable":true,"href":"https:\/\/diariodocomercio.com.br\/mix\/wp-json\/wp\/v2\/categories?post=57179"},{"taxonomy":"post_tag","embeddable":true,"href":"https:\/\/diariodocomercio.com.br\/mix\/wp-json\/wp\/v2\/tags?post=57179"}],"curies":[{"name":"wp","href":"https:\/\/api.w.org\/{rel}","templated":true}]}}