{"id":57189,"date":"2026-08-31T02:07:00","date_gmt":"2026-08-31T05:07:00","guid":{"rendered":"https:\/\/diariodocomercio.com.br\/mix\/?p=57189"},"modified":"2026-08-28T20:06:38","modified_gmt":"2026-08-28T23:06:38","slug":"nova-lista-revela-quem-sao-as-10-pessoas-mais-ricas-do-brasil-em-2026","status":"publish","type":"post","link":"https:\/\/diariodocomercio.com.br\/mix\/nova-lista-revela-quem-sao-as-10-pessoas-mais-ricas-do-brasil-em-2026\/","title":{"rendered":"Nova lista revela quem s\u00e3o as 10 pessoas mais ricas do Brasil em 2026"},"content":{"rendered":"\n<p class=\"wp-block-paragraph\">Na \u00faltima quinta-feira (27), a revista Forbes divulgou o seu tradicional ranking anual de bilion\u00e1rios do mundo, incluindo a lista de pessoas mais ricas por pa\u00eds. Com uma fortuna estimada em R$ 162,9 bilh\u00f5es, Eduardo Saverin, cocriador do Facebook, \u00e9 o maior bilion\u00e1rio do Brasil pelo terceiro ano consecutivo, segundo a Forbes.<\/p>\n\n\n\n<p class=\"wp-block-paragraph\">Nascido em S\u00e3o Paulo e criado nos Estados Unidos, Saverin se formou em economia por Harvard, onde conheceu Mark Zuckerberg. Juntos, os dois criaram o Facebook, l\u00e1 em 2004. A rela\u00e7\u00e3o com Zuckerger azedou, mas Saverin manteve sua participa\u00e7\u00e3o na empresa e, com o Facebook crescendo e se tornando a Meta Plarforms, a fortuna dele s\u00f3 foi crescendo junto. <\/p>\n\n\n\n<h2 class=\"wp-block-heading\">Confira as dez pessoas mais ricas do Brasil de 2026, segundo a Forbes:<\/h2>\n\n\n\n<p class=\"wp-block-paragraph\">Via g1:<\/p>\n\n\n\n<ol class=\"wp-block-list\">\n<li><strong>Eduardo Saverin (Meta\/Facebook):\u00a0<\/strong>R$ 162,9 bilh\u00f5es;<\/li>\n\n\n\n<li><strong>Vicky Safra e fam\u00edlia:\u00a0<\/strong>R$ 130,6 bilh\u00f5es;<\/li>\n\n\n\n<li><strong>Jorge Paulo Lemann e fam\u00edlia (3G Capital\/AB InBev):\u00a0<\/strong>R$ 103,5 bilh\u00f5es;<\/li>\n\n\n\n<li><strong>Andr\u00e9 Esteves (BTG Pactual):\u00a0<\/strong>R$ 66,1 bilh\u00f5es;<\/li>\n\n\n\n<li><strong>Fernando Roberto Moreira Salles (Ita\u00fa Unibanco\/CBMM):\u00a0<\/strong>R$ 50,3 bilh\u00f5es;<\/li>\n\n\n\n<li><strong>Pedro Moreira Salles (Ita\u00fa Unibanco\/CBMM):\u00a0<\/strong>R$ 46,6 bilh\u00f5es;<\/li>\n\n\n\n<li><strong>Max Van Hoegaerden Herrmann Telles (3G Capital\/AB InBev):\u00a0<\/strong>R$ 38,8 bilh\u00f5es;<\/li>\n\n\n\n<li><strong>Miguel Krigsner (O Botic\u00e1rio):\u00a0<\/strong>R$ 35,7 bilh\u00f5es;<\/li>\n\n\n\n<li><strong>Carlos Alberto da Veiga Sicupira e fam\u00edlia (AB InBev\/3G Capital):<\/strong>\u00a0R$ 35,4 bilh\u00f5es;<\/li>\n\n\n\n<li><strong>Ricardo Castellar de Faria (Granja Faria):\u00a0<\/strong>R$ 35,1 bilh\u00f5es.<\/li>\n<\/ol>\n\n\n\n<h2 class=\"wp-block-heading\">Cinco nomes novos entraram na lista de pessoas mais ricas do Brasil<\/h2>\n\n\n\n<p class=\"wp-block-paragraph\">A lista de bilion\u00e1rios brasileiros da Forbes inclui cinco nomes que apareceram pela primeira vez no ranking (mas que, como voc\u00ea j\u00e1 pode imaginar, passaram longe do top 10). Os novos bilion\u00e1rios foram:<\/p>\n\n\n\n<ol class=\"wp-block-list\">\n<li>Luana Lopes Lara (Kalshi): R$ 13,4 bilh\u00f5es;<\/li>\n\n\n\n<li>Ari de S\u00e1 Cavalcante Neto e fam\u00edlia (Arco Educa\u00e7\u00e3o): R$ 3,9 bilh\u00f5es;<\/li>\n\n\n\n<li>Rosangela Maggi Schmidt (Amaggi): R$ 3,5 bilh\u00f5es;<\/li>\n\n\n\n<li>Carlos Moche Dayan (Banco Daycoval): R$ 2,1 bilh\u00f5es;<\/li>\n\n\n\n<li>Salim Dayan (Banco Daycoval): R$ 2,1 bilh\u00f5es.<\/li>\n<\/ol>\n\n\n<style>@media (min-width: 992px) {\n    .recomendadorV2Area1 {\n        width: 280px;\n    }\n    .recomendadorV2Area2 {\n        padding: 0px 20px;\n        width: calc(100% - 280px);\n    }\n}\n\n@media (max-width: 992px) {\n    .recomendadorV2Button {\n        margin: 0 auto;\n    }\n    .recomendadorV2Area {\n        flex-direction: column;\n        text-align: center;\n    }\n    .recomendadorV2Area2 {\n        padding: 0px 20px;\n    }\n}\n\n.recomendadorV2Area {\n    background: #eeeeee3d;\n    border-radius: 10px;\n    padding: 15px;\n    display: flex;\n    margin: 15px auto;\n    border: 1px solid #00000014;\n    max-width: 800px;\n}\n\n.recomendadorV2Area1 img {\n    width: 280px;\n    height: auto;\n    border-radius: 8px;\n}\n\n.linkrecomendadorv2 {\n    text-decoration: none !important;\n}\n\n.recomendadorV2Area2 .recomendadorV2Type {\n    text-transform: uppercase;\n    font-weight: 500;\n    font-size: 11px;\n    letter-spacing: 2px;\n    color: #666;\n    margin: 12px 0;\n    display: block;\n}\n\n.recomendadorV2Title h2 {\n    padding-top: 0px !important;\n    margin: 0px !important;\n    border-left: none !important;\n    padding-left: 0px !important;\n    line-height: 1.3;\n    color: #000 !important;\n    font-size: 24px;\n    margin-bottom: 12px !important;\n}\n\n.recomendadorV2Desc {\n    color: #333;\n    margin: 12px 0px !important;\n    font-size: 15px;\n    line-height: 1.5;\n}\n\n.recomendadorV2Button {\n    width: auto;\n    max-width: 200px;\n    margin: 0;\n    display: inline-flex;\n    align-items: center;\n    background: #1D3557;\n    border-radius: 8px;\n    color: #fff;\n    height: 36px;\n    justify-content: center;\n    text-align: center;\n    font-size: 14px;\n    padding: 0 20px;\n    transition: background-color 0.2s ease;\n}\n\n.recomendadorV2Button:hover {\n    background: #2a4d7a;\n}\n\n.recomendadorV2Button:after {\n    margin-top: -2px;\n    content: \"\u2192\";\n    padding: 0px 0px 0px 8px;\n}\n\n.recomendadorV2Alert {\n    text-align: left;\n    font-size: 11px;\n    margin-top: 8px;\n    color: #666;\n}\n\n.recomendadorFixedArea {\n    width: 100%;\n    display: flex;\n    justify-content: center;\n    align-items: center;\n}\n\n@media (min-width: 992px) {\n    #recomendadorFixed {\n        width: 32% !important;\n        left: 5%;\n    }\n    .recomendadorCloseFixed{\n        right: inherit !important;\n        left: 378px !important;\n    }\n}\n\n#recomendadorFixed {\n    width: 90%;\n    box-shadow: 0 10px 20px 0px #00000057;\n    display: none;\n    height: 90px;\n    background: #F6F6F6;\n    position: fixed;\n    flex-direction: row;\n    bottom: 10px;\n    z-index: 9999;\n    border-radius: 16px;\n    padding: 7px 10px;\n}\n\n.recomendadorLeftArea {\n    width: 160px;\n}\n\n.recomendadorRightArea h2 {\n    padding-top: 0px;\n    margin: 2px 0px 4px 0px !important;\n    font-weight: 400;\n    text-align: center;\n    padding-left: 0px !important;\n    color: #000 !important;\n    border-left: none !important;\n    line-height: 20px;\n    font-size: 12px !important;\n}\n\n.recomendadorImgFixed {\n    overflow: hidden;\n    padding: 8px 6px;\n    height: 100%;\n}\n\n.recomendadorImgFixed img {\n    height: 100% !important;\n    border-radius: 16px;\n}\n\n.recomendadorRightArea {\n    padding-top: 6px;\n    display: flex;\n    width: calc(100% - 130px);\n    justify-content: space-between;\n    align-items: center;\n    flex-direction: column;\n}\n\n.recomendadorButtonFixed {\n    margin: 0 auto;\n    background: #1D3557;\n    width: 80%;\n    text-align: center;\n    font-size: 10px;\n    color: #FFF;\n    padding: 2px 10px;\n    border-radius: 3px;\n}\n\n.recomendadorButtonFixed:after {\n    margin-top: -3px;\n    content: \"\u2192\";\n    padding: 0px 0px 0px 10px;\n}\n\n.recomendadorAlertFixed {\n    font-weight: 400;\n    text-align: center;\n    color: #484848;\n    font-size: 8px;\n}\n\n.recomendadorCloseFixed {\n    z-index: 99999;\n    display: none;\n    right: 0px;\n    left: inherit;\n    bottom: 99px;\n    position: fixed;\n    justify-content: center;\n    background: #F6F6F6;\n    width: 25px;\n    align-items: center;\n    height: 25px;\n    font-weight: 800;\n    border-radius: 50%;\n    border: 1px solid #EBEBEB;\n}\n\n.recomendadorV2Desc{\n    color: #000000;\n    margin: 20px 0px;\n}\n\n@media (max-width: 576px) {\n    .recomendadorV2Area {\n      padding: 10px;\n      max-width: 100%;\n    }\n  \n    .recomendadorV2Area1 img {\n      width: 100%;\n      border-radius: 6px;\n    }\n  \n    .recomendadorV2Area2 .recomendadorV2Type {\n      font-size: 9px;\n      letter-spacing: 1px;\n      margin: 8px 0;\n    }\n  \n    .recomendadorV2Title h2 {\n      font-size: 18px !important;\n      margin-bottom: 8px !important;\n      line-height: 1.2;\n    }\n  \n    .recomendadorV2Desc {\n      font-size: 14px;\n      margin: 8px 0 !important;\n      line-height: 1.4;\n    }\n  \n    .recomendadorV2Button {\n      font-size: 14px;\n      height: 40px;\n      padding: 0 12px;\n      max-width: 100%;\n      width: 100%;\n    }\n  \n    .recomendadorV2Button:after {\n      padding-left: 6px;\n    }\n  }\n  <\/style>\n        <div class=\"lazyblock-recomendador-v2-2jDGz wp-block-lazyblock-recomendador-v2\">\n        <a class=\"linkrecomendadorv2\" href=\"https:\/\/diariodocomercio.com.br\/mix\/familias-inscritas-no-cadunico-podem-ganhar-50-de-desconto-na-conta-de-agua-sem-preencher-formulario\/%20\">\n            <div class=\"recomendadorV2Area\">\n            <div class=\"recomendadorV2Area1\">\n                <div class=\"recomendadorV2Img\">\n                <img width=\"768\" height=\"346\" src=\"https:\/\/diariodocomercio.com.br\/mix\/wp-content\/uploads\/2026\/08\/torneira-768x346.jpg\" class=\"lazyloaded\" alt=\"\" sizes=\"auto, (min-width: 577px) 280px, calc(100vw - 20px)\" decoding=\"async\" loading=\"lazy\" srcset=\"https:\/\/diariodocomercio.com.br\/mix\/wp-content\/uploads\/2026\/08\/torneira-768x346.jpg 768w, https:\/\/diariodocomercio.com.br\/mix\/wp-content\/uploads\/2026\/08\/torneira-300x135.jpg 300w, https:\/\/diariodocomercio.com.br\/mix\/wp-content\/uploads\/2026\/08\/torneira-150x68.jpg 150w, https:\/\/diariodocomercio.com.br\/mix\/wp-content\/uploads\/2026\/08\/torneira-750x338.jpg 750w, https:\/\/diariodocomercio.com.br\/mix\/wp-content\/uploads\/2026\/08\/torneira-1140x513.jpg 1140w, https:\/\/diariodocomercio.com.br\/mix\/wp-content\/uploads\/2026\/08\/torneira.jpg 1200w\" \/>\n                <\/div>\n            <\/div>\n            <div class=\"recomendadorV2Area2\">\n                <div class=\"recomendadorV2Type\">\n                    <span>BENEF\u00cdCIO SOCIAL t\u00edtulo=Fam\u00edlias inscritas no Cad\u00danico podem ganhar 50% de desconto na conta de \u00e1gua sem preencher formul\u00e1rio <\/span>\n                <\/div>\n                <div class=\"recomendadorV2Title\">\n                <h2><span><\/span><\/h2>\n                <\/div>\n                <div class=\"recomendadorV2Desc\">\n                <span>Voc\u00ea provavelmente j\u00e1 ouviu falar da Tarifa Social da Energia El\u00e9trica, que fornece um desconto ou at\u00e9 isen\u00e7\u00e3o parcial da \u2026 <\/span>\n                <\/div>\n                <div class=\"recomendadorV2Button\">Leia mais <\/div>\n                <div class=\"recomendadorV2Alert\"><\/div>\n            <\/div>\n            <\/div>\n        <\/a>\n        <div>\n            <div style=\"z-index:99999;\" id=\"buttonClose\" onclick=\"closeRecomendadorFixed()\">\n            <div class=\"recomendadorCloseFixed\">X<\/div>\n            <\/div>\n            <a href=\"https:\/\/diariodocomercio.com.br\/mix\/familias-inscritas-no-cadunico-podem-ganhar-50-de-desconto-na-conta-de-agua-sem-preencher-formulario\/%20\">\n            <div class=\"recomendadorFixedArea\">\n                <div id=\"recomendadorFixed\">\n                <div class=\"recomendadorLeftArea\">\n                    <div class=\"recomendadorImgFixed\">\n                    <img width=\"300\" height=\"135\" src=\"https:\/\/diariodocomercio.com.br\/mix\/wp-content\/uploads\/2026\/08\/torneira-300x135.jpg\" class=\"lazyload\" alt=\"\" sizes=\"auto, 160px\" decoding=\"async\" loading=\"lazy\" srcset=\"https:\/\/diariodocomercio.com.br\/mix\/wp-content\/uploads\/2026\/08\/torneira-300x135.jpg 300w, https:\/\/diariodocomercio.com.br\/mix\/wp-content\/uploads\/2026\/08\/torneira-768x346.jpg 768w, https:\/\/diariodocomercio.com.br\/mix\/wp-content\/uploads\/2026\/08\/torneira-150x68.jpg 150w, https:\/\/diariodocomercio.com.br\/mix\/wp-content\/uploads\/2026\/08\/torneira-750x338.jpg 750w, https:\/\/diariodocomercio.com.br\/mix\/wp-content\/uploads\/2026\/08\/torneira-1140x513.jpg 1140w, https:\/\/diariodocomercio.com.br\/mix\/wp-content\/uploads\/2026\/08\/torneira.jpg 1200w\" \/>\n                    <\/div>\n                <\/div>\n                <div class=\"recomendadorRightArea\">\n                    <div class=\"recomendadorTitleFixed\">\n                    <h2><span><\/span><\/h2>\n                    <\/div>\n                    <div class=\"recomendadorButtonFixed\">Leia mais <\/div>\n                    <div class=\"recomendadorAlertFixed\"><\/div>\n                <\/div>\n                <\/div>\n            <\/div>\n            <\/a>\n        <\/div>\n        <\/div>\n","protected":false},"excerpt":{"rendered":"<p>Na \u00faltima quinta-feira (27), a revista Forbes divulgou o seu tradicional ranking anual de bilion\u00e1rios do mundo, incluindo a lista de pessoas mais ricas por pa\u00eds. Com uma fortuna estimada em R$ 162,9 bilh\u00f5es, Eduardo Saverin, cocriador do Facebook, \u00e9 o maior bilion\u00e1rio do Brasil pelo terceiro ano consecutivo, segundo a Forbes. Nascido em S\u00e3o [&hellip;]<\/p>\n","protected":false},"author":6,"featured_media":57190,"comment_status":"closed","ping_status":"closed","sticky":false,"template":"","format":"standard","meta":{"jnews-multi-image_gallery":[],"jnews_single_post":{"format":"standard"},"jnews_primary_category":[],"jnews_social_meta":[],"jnews_post_split":[],"footnotes":""},"categories":[1],"tags":[],"class_list":["post-57189","post","type-post","status-publish","format-standard","has-post-thumbnail","hentry","category-geral"],"_referencia":"","_links":{"self":[{"href":"https:\/\/diariodocomercio.com.br\/mix\/wp-json\/wp\/v2\/posts\/57189","targetHints":{"allow":["GET"]}}],"collection":[{"href":"https:\/\/diariodocomercio.com.br\/mix\/wp-json\/wp\/v2\/posts"}],"about":[{"href":"https:\/\/diariodocomercio.com.br\/mix\/wp-json\/wp\/v2\/types\/post"}],"author":[{"embeddable":true,"href":"https:\/\/diariodocomercio.com.br\/mix\/wp-json\/wp\/v2\/users\/6"}],"replies":[{"embeddable":true,"href":"https:\/\/diariodocomercio.com.br\/mix\/wp-json\/wp\/v2\/comments?post=57189"}],"version-history":[{"count":2,"href":"https:\/\/diariodocomercio.com.br\/mix\/wp-json\/wp\/v2\/posts\/57189\/revisions"}],"predecessor-version":[{"id":57226,"href":"https:\/\/diariodocomercio.com.br\/mix\/wp-json\/wp\/v2\/posts\/57189\/revisions\/57226"}],"wp:featuredmedia":[{"embeddable":true,"href":"https:\/\/diariodocomercio.com.br\/mix\/wp-json\/wp\/v2\/media\/57190"}],"wp:attachment":[{"href":"https:\/\/diariodocomercio.com.br\/mix\/wp-json\/wp\/v2\/media?parent=57189"}],"wp:term":[{"taxonomy":"category","embeddable":true,"href":"https:\/\/diariodocomercio.com.br\/mix\/wp-json\/wp\/v2\/categories?post=57189"},{"taxonomy":"post_tag","embeddable":true,"href":"https:\/\/diariodocomercio.com.br\/mix\/wp-json\/wp\/v2\/tags?post=57189"}],"curies":[{"name":"wp","href":"https:\/\/api.w.org\/{rel}","templated":true}]}}