{"id":57215,"date":"2026-08-30T23:59:00","date_gmt":"2026-08-31T02:59:00","guid":{"rendered":"https:\/\/diariodocomercio.com.br\/mix\/?p=57215"},"modified":"2026-08-28T22:07:23","modified_gmt":"2026-08-29T01:07:23","slug":"enquanto-o-salario-minimo-e-de-r-1-62100-ministro-do-stf-recebe-valor-muito-maior","status":"publish","type":"post","link":"https:\/\/diariodocomercio.com.br\/mix\/enquanto-o-salario-minimo-e-de-r-1-62100-ministro-do-stf-recebe-valor-muito-maior\/","title":{"rendered":"Enquanto o sal\u00e1rio m\u00ednimo \u00e9 de R$ 1.621,00, ministro do STF recebe valor muito maior"},"content":{"rendered":"\n<p class=\"wp-block-paragraph\">O Supremo Tribunal Federal (STF) \u00e9 considerado o \u00e1pice das carreiras jur\u00eddicas no Brasil e o sal\u00e1rio, como voc\u00ea j\u00e1 deve imaginar, corresponde a isso. Em 2026, um ministro da Suprema Corte, a mais alta corte do Poder Judici\u00e1rio no pa\u00eds, recebe de sal\u00e1rio bruto R$ 46.336,19 por m\u00eas. Por\u00e9m, o rendimento aumenta por causa de benef\u00edcios regulamentados. A remunera\u00e7\u00e3o dos ministros do STF \u00e9 o teto constitucional do funcionalismo p\u00fablico do Brasil. <\/p>\n\n\n\n<p class=\"wp-block-paragraph\">De acordo com o NSC Total, os ministros tamb\u00e9m t\u00eam direito a benef\u00edcios regulamentados, como aux\u00edlio-alimenta\u00e7\u00e3o, assist\u00eancia \u00e0 sa\u00fade, al\u00e9m de toda a estrutura de gabinete que eles precisam para desempenhar suas fun\u00e7\u00f5es. <\/p>\n\n\n\n<h2 class=\"wp-block-heading\">Quem pode ser ministro do STF?<\/h2>\n\n\n\n<p class=\"wp-block-paragraph\"><em>\u201cO Supremo Tribunal Federal comp\u00f5e-se de onze ministros, escolhidos dentre cidad\u00e3os com mais de trinta e cinco e menos de setenta anos de idade, de not\u00e1vel saber jur\u00eddico e reputa\u00e7\u00e3o ilibada*\u201d<\/em>, afirma trecho da Constitui\u00e7\u00e3o.<\/p>\n\n\n\n<p class=\"wp-block-paragraph\">*Ilibada significa &#8220;n\u00e3o tocada, pura e sem mancha&#8221;. <\/p>\n\n\n\n<p class=\"wp-block-paragraph\">O ministro precisa ser indicado pelo presidente da rep\u00fablica, que encaminha o nome \u00e0 Comiss\u00e3o de Constitui\u00e7\u00e3o e Justi\u00e7a (CCJ) do Senado e que ent\u00e3o vota um parecer sobre a indica\u00e7\u00e3o, como explica o portal Migalhas. Se aprovado pela comiss\u00e3o, o nome \u00e9 ent\u00e3o votado no plen\u00e1rio, onde precisa dos votos favor\u00e1veis de 41 dos 81 deputados.<\/p>\n\n\n\n<h2 class=\"wp-block-heading\">Quem s\u00e3o os ministros do STF em 2026?<\/h2>\n\n\n\n<ol class=\"wp-block-list\">\n<li>Edson Fachin &#8211; (Presidente);<\/li>\n\n\n\n<li>Alexandre de Moraes (Vice-Presidente); <\/li>\n\n\n\n<li>Gilmar Mendes (Decano);<\/li>\n\n\n\n<li>C\u00e1rmen L\u00facia; <\/li>\n\n\n\n<li>Dias Toffoli; <\/li>\n\n\n\n<li>Luiz Fux;<\/li>\n\n\n\n<li>Nunes Marques; <\/li>\n\n\n\n<li>Andr\u00e9 Mendon\u00e7a; <\/li>\n\n\n\n<li>Cristiano Zanin;<\/li>\n\n\n\n<li>Fl\u00e1vio Dino.<\/li>\n<\/ol>\n\n\n\n<p class=\"wp-block-paragraph\">A 11\u00aa vaga do STF est\u00e1 atualmente desocupada. A cadeira pertencia ao ministro Lu\u00eds Roberto Barroso, que se aposentou em outubro do ano passado. Em abril deste ano, o Senado Federal rejeitou a indica\u00e7\u00e3o do presidente Lula de Jorge Messias para o cargo deixado por Barroso. <\/p>\n\n\n<style>@media (min-width: 992px) {\n    .recomendadorV2Area1 {\n        width: 280px;\n    }\n    .recomendadorV2Area2 {\n        padding: 0px 20px;\n        width: calc(100% - 280px);\n    }\n}\n\n@media (max-width: 992px) {\n    .recomendadorV2Button {\n        margin: 0 auto;\n    }\n    .recomendadorV2Area {\n        flex-direction: column;\n        text-align: center;\n    }\n    .recomendadorV2Area2 {\n        padding: 0px 20px;\n    }\n}\n\n.recomendadorV2Area {\n    background: #eeeeee3d;\n    border-radius: 10px;\n    padding: 15px;\n    display: flex;\n    margin: 15px auto;\n    border: 1px solid #00000014;\n    max-width: 800px;\n}\n\n.recomendadorV2Area1 img {\n    width: 280px;\n    height: auto;\n    border-radius: 8px;\n}\n\n.linkrecomendadorv2 {\n    text-decoration: none !important;\n}\n\n.recomendadorV2Area2 .recomendadorV2Type {\n    text-transform: uppercase;\n    font-weight: 500;\n    font-size: 11px;\n    letter-spacing: 2px;\n    color: #666;\n    margin: 12px 0;\n    display: block;\n}\n\n.recomendadorV2Title h2 {\n    padding-top: 0px !important;\n    margin: 0px !important;\n    border-left: none !important;\n    padding-left: 0px !important;\n    line-height: 1.3;\n    color: #000 !important;\n    font-size: 24px;\n    margin-bottom: 12px !important;\n}\n\n.recomendadorV2Desc {\n    color: #333;\n    margin: 12px 0px !important;\n    font-size: 15px;\n    line-height: 1.5;\n}\n\n.recomendadorV2Button {\n    width: auto;\n    max-width: 200px;\n    margin: 0;\n    display: inline-flex;\n    align-items: center;\n    background: #1D3557;\n    border-radius: 8px;\n    color: #fff;\n    height: 36px;\n    justify-content: center;\n    text-align: center;\n    font-size: 14px;\n    padding: 0 20px;\n    transition: background-color 0.2s ease;\n}\n\n.recomendadorV2Button:hover {\n    background: #2a4d7a;\n}\n\n.recomendadorV2Button:after {\n    margin-top: -2px;\n    content: \"\u2192\";\n    padding: 0px 0px 0px 8px;\n}\n\n.recomendadorV2Alert {\n    text-align: left;\n    font-size: 11px;\n    margin-top: 8px;\n    color: #666;\n}\n\n.recomendadorFixedArea {\n    width: 100%;\n    display: flex;\n    justify-content: center;\n    align-items: center;\n}\n\n@media (min-width: 992px) {\n    #recomendadorFixed {\n        width: 32% !important;\n        left: 5%;\n    }\n    .recomendadorCloseFixed{\n        right: inherit !important;\n        left: 378px !important;\n    }\n}\n\n#recomendadorFixed {\n    width: 90%;\n    box-shadow: 0 10px 20px 0px #00000057;\n    display: none;\n    height: 90px;\n    background: #F6F6F6;\n    position: fixed;\n    flex-direction: row;\n    bottom: 10px;\n    z-index: 9999;\n    border-radius: 16px;\n    padding: 7px 10px;\n}\n\n.recomendadorLeftArea {\n    width: 160px;\n}\n\n.recomendadorRightArea h2 {\n    padding-top: 0px;\n    margin: 2px 0px 4px 0px !important;\n    font-weight: 400;\n    text-align: center;\n    padding-left: 0px !important;\n    color: #000 !important;\n    border-left: none !important;\n    line-height: 20px;\n    font-size: 12px !important;\n}\n\n.recomendadorImgFixed {\n    overflow: hidden;\n    padding: 8px 6px;\n    height: 100%;\n}\n\n.recomendadorImgFixed img {\n    height: 100% !important;\n    border-radius: 16px;\n}\n\n.recomendadorRightArea {\n    padding-top: 6px;\n    display: flex;\n    width: calc(100% - 130px);\n    justify-content: space-between;\n    align-items: center;\n    flex-direction: column;\n}\n\n.recomendadorButtonFixed {\n    margin: 0 auto;\n    background: #1D3557;\n    width: 80%;\n    text-align: center;\n    font-size: 10px;\n    color: #FFF;\n    padding: 2px 10px;\n    border-radius: 3px;\n}\n\n.recomendadorButtonFixed:after {\n    margin-top: -3px;\n    content: \"\u2192\";\n    padding: 0px 0px 0px 10px;\n}\n\n.recomendadorAlertFixed {\n    font-weight: 400;\n    text-align: center;\n    color: #484848;\n    font-size: 8px;\n}\n\n.recomendadorCloseFixed {\n    z-index: 99999;\n    display: none;\n    right: 0px;\n    left: inherit;\n    bottom: 99px;\n    position: fixed;\n    justify-content: center;\n    background: #F6F6F6;\n    width: 25px;\n    align-items: center;\n    height: 25px;\n    font-weight: 800;\n    border-radius: 50%;\n    border: 1px solid #EBEBEB;\n}\n\n.recomendadorV2Desc{\n    color: #000000;\n    margin: 20px 0px;\n}\n\n@media (max-width: 576px) {\n    .recomendadorV2Area {\n      padding: 10px;\n      max-width: 100%;\n    }\n  \n    .recomendadorV2Area1 img {\n      width: 100%;\n      border-radius: 6px;\n    }\n  \n    .recomendadorV2Area2 .recomendadorV2Type {\n      font-size: 9px;\n      letter-spacing: 1px;\n      margin: 8px 0;\n    }\n  \n    .recomendadorV2Title h2 {\n      font-size: 18px !important;\n      margin-bottom: 8px !important;\n      line-height: 1.2;\n    }\n  \n    .recomendadorV2Desc {\n      font-size: 14px;\n      margin: 8px 0 !important;\n      line-height: 1.4;\n    }\n  \n    .recomendadorV2Button {\n      font-size: 14px;\n      height: 40px;\n      padding: 0 12px;\n      max-width: 100%;\n      width: 100%;\n    }\n  \n    .recomendadorV2Button:after {\n      padding-left: 6px;\n    }\n  }\n  <\/style>\n        <div class=\"lazyblock-recomendador-v2-2jDGz wp-block-lazyblock-recomendador-v2\">\n        <a class=\"linkrecomendadorv2\" href=\"https:\/\/diariodocomercio.com.br\/mix\/familias-inscritas-no-cadunico-podem-ganhar-50-de-desconto-na-conta-de-agua-sem-preencher-formulario\/%20\">\n            <div class=\"recomendadorV2Area\">\n            <div class=\"recomendadorV2Area1\">\n                <div class=\"recomendadorV2Img\">\n                <img width=\"768\" height=\"346\" src=\"https:\/\/diariodocomercio.com.br\/mix\/wp-content\/uploads\/2026\/08\/torneira-768x346.jpg\" class=\"lazyloaded\" alt=\"\" sizes=\"auto, (min-width: 577px) 280px, calc(100vw - 20px)\" decoding=\"async\" loading=\"lazy\" srcset=\"https:\/\/diariodocomercio.com.br\/mix\/wp-content\/uploads\/2026\/08\/torneira-768x346.jpg 768w, https:\/\/diariodocomercio.com.br\/mix\/wp-content\/uploads\/2026\/08\/torneira-300x135.jpg 300w, https:\/\/diariodocomercio.com.br\/mix\/wp-content\/uploads\/2026\/08\/torneira-150x68.jpg 150w, https:\/\/diariodocomercio.com.br\/mix\/wp-content\/uploads\/2026\/08\/torneira-750x338.jpg 750w, https:\/\/diariodocomercio.com.br\/mix\/wp-content\/uploads\/2026\/08\/torneira-1140x513.jpg 1140w, https:\/\/diariodocomercio.com.br\/mix\/wp-content\/uploads\/2026\/08\/torneira.jpg 1200w\" \/>\n                <\/div>\n            <\/div>\n            <div class=\"recomendadorV2Area2\">\n                <div class=\"recomendadorV2Type\">\n                    <span>BENEF\u00cdCIO SOCIAL t\u00edtulo=Fam\u00edlias inscritas no Cad\u00danico podem ganhar 50% de desconto na conta de \u00e1gua sem preencher formul\u00e1rio <\/span>\n                <\/div>\n                <div class=\"recomendadorV2Title\">\n                <h2><span><\/span><\/h2>\n                <\/div>\n                <div class=\"recomendadorV2Desc\">\n                <span>Voc\u00ea provavelmente j\u00e1 ouviu falar da Tarifa Social da Energia El\u00e9trica, que fornece um desconto ou at\u00e9 isen\u00e7\u00e3o parcial da \u2026 <\/span>\n                <\/div>\n                <div class=\"recomendadorV2Button\">Leia mais <\/div>\n                <div class=\"recomendadorV2Alert\"><\/div>\n            <\/div>\n            <\/div>\n        <\/a>\n        <div>\n            <div style=\"z-index:99999;\" id=\"buttonClose\" onclick=\"closeRecomendadorFixed()\">\n            <div class=\"recomendadorCloseFixed\">X<\/div>\n            <\/div>\n            <a href=\"https:\/\/diariodocomercio.com.br\/mix\/familias-inscritas-no-cadunico-podem-ganhar-50-de-desconto-na-conta-de-agua-sem-preencher-formulario\/%20\">\n            <div class=\"recomendadorFixedArea\">\n                <div id=\"recomendadorFixed\">\n                <div class=\"recomendadorLeftArea\">\n                    <div class=\"recomendadorImgFixed\">\n                    <img width=\"300\" height=\"135\" src=\"https:\/\/diariodocomercio.com.br\/mix\/wp-content\/uploads\/2026\/08\/torneira-300x135.jpg\" class=\"lazyload\" alt=\"\" sizes=\"auto, 160px\" decoding=\"async\" loading=\"lazy\" srcset=\"https:\/\/diariodocomercio.com.br\/mix\/wp-content\/uploads\/2026\/08\/torneira-300x135.jpg 300w, https:\/\/diariodocomercio.com.br\/mix\/wp-content\/uploads\/2026\/08\/torneira-768x346.jpg 768w, https:\/\/diariodocomercio.com.br\/mix\/wp-content\/uploads\/2026\/08\/torneira-150x68.jpg 150w, https:\/\/diariodocomercio.com.br\/mix\/wp-content\/uploads\/2026\/08\/torneira-750x338.jpg 750w, https:\/\/diariodocomercio.com.br\/mix\/wp-content\/uploads\/2026\/08\/torneira-1140x513.jpg 1140w, https:\/\/diariodocomercio.com.br\/mix\/wp-content\/uploads\/2026\/08\/torneira.jpg 1200w\" \/>\n                    <\/div>\n                <\/div>\n                <div class=\"recomendadorRightArea\">\n                    <div class=\"recomendadorTitleFixed\">\n                    <h2><span><\/span><\/h2>\n                    <\/div>\n                    <div class=\"recomendadorButtonFixed\">Leia mais <\/div>\n                    <div class=\"recomendadorAlertFixed\"><\/div>\n                <\/div>\n                <\/div>\n            <\/div>\n            <\/a>\n        <\/div>\n        <\/div>\n","protected":false},"excerpt":{"rendered":"<p>O Supremo Tribunal Federal (STF) \u00e9 considerado o \u00e1pice das carreiras jur\u00eddicas no Brasil e o sal\u00e1rio, como voc\u00ea j\u00e1 deve imaginar, corresponde a isso. Em 2026, um ministro da Suprema Corte, a mais alta corte do Poder Judici\u00e1rio no pa\u00eds, recebe de sal\u00e1rio bruto R$ 46.336,19 por m\u00eas. Por\u00e9m, o rendimento aumenta por causa [&hellip;]<\/p>\n","protected":false},"author":6,"featured_media":23195,"comment_status":"closed","ping_status":"closed","sticky":false,"template":"","format":"standard","meta":{"jnews-multi-image_gallery":[],"jnews_single_post":{"format":"standard"},"jnews_primary_category":[],"jnews_social_meta":[],"jnews_post_split":[],"footnotes":""},"categories":[1],"tags":[],"class_list":["post-57215","post","type-post","status-publish","format-standard","has-post-thumbnail","hentry","category-geral"],"_referencia":"","_links":{"self":[{"href":"https:\/\/diariodocomercio.com.br\/mix\/wp-json\/wp\/v2\/posts\/57215","targetHints":{"allow":["GET"]}}],"collection":[{"href":"https:\/\/diariodocomercio.com.br\/mix\/wp-json\/wp\/v2\/posts"}],"about":[{"href":"https:\/\/diariodocomercio.com.br\/mix\/wp-json\/wp\/v2\/types\/post"}],"author":[{"embeddable":true,"href":"https:\/\/diariodocomercio.com.br\/mix\/wp-json\/wp\/v2\/users\/6"}],"replies":[{"embeddable":true,"href":"https:\/\/diariodocomercio.com.br\/mix\/wp-json\/wp\/v2\/comments?post=57215"}],"version-history":[{"count":1,"href":"https:\/\/diariodocomercio.com.br\/mix\/wp-json\/wp\/v2\/posts\/57215\/revisions"}],"predecessor-version":[{"id":57216,"href":"https:\/\/diariodocomercio.com.br\/mix\/wp-json\/wp\/v2\/posts\/57215\/revisions\/57216"}],"wp:featuredmedia":[{"embeddable":true,"href":"https:\/\/diariodocomercio.com.br\/mix\/wp-json\/wp\/v2\/media\/23195"}],"wp:attachment":[{"href":"https:\/\/diariodocomercio.com.br\/mix\/wp-json\/wp\/v2\/media?parent=57215"}],"wp:term":[{"taxonomy":"category","embeddable":true,"href":"https:\/\/diariodocomercio.com.br\/mix\/wp-json\/wp\/v2\/categories?post=57215"},{"taxonomy":"post_tag","embeddable":true,"href":"https:\/\/diariodocomercio.com.br\/mix\/wp-json\/wp\/v2\/tags?post=57215"}],"curies":[{"name":"wp","href":"https:\/\/api.w.org\/{rel}","templated":true}]}}