{"id":57231,"date":"2026-08-31T07:15:00","date_gmt":"2026-08-31T10:15:00","guid":{"rendered":"https:\/\/diariodocomercio.com.br\/mix\/?p=57231"},"modified":"2026-08-31T05:22:36","modified_gmt":"2026-08-31T08:22:36","slug":"farmaceutico-abriu-uma-farmacia-de-manipulacao-em-1977-e-hoje-possui-a-8a-maior-fortuna-do-brasil","status":"publish","type":"post","link":"https:\/\/diariodocomercio.com.br\/mix\/farmaceutico-abriu-uma-farmacia-de-manipulacao-em-1977-e-hoje-possui-a-8a-maior-fortuna-do-brasil\/","title":{"rendered":"Farmac\u00eautico abriu uma farm\u00e1cia de manipula\u00e7\u00e3o em 1977 e hoje possui a 8\u00aa maior fortuna do Brasil"},"content":{"rendered":"\n<p class=\"wp-block-paragraph\">Uma pequena farm\u00e1cia de manipula\u00e7\u00e3o aberta em Curitiba, no Paran\u00e1, em 1977, acabou se transformando em um dos maiores neg\u00f3cios do setor de beleza no Brasil. Quase cinco d\u00e9cadas depois, <strong>Miguel Gellert Krigsner<\/strong>, fundador de O Botic\u00e1rio, aparece entre os maiores bilion\u00e1rios do pa\u00eds, com uma fortuna estimada em <strong>R$ 35,7 bilh\u00f5es<\/strong>.<\/p>\n\n\n\n<p class=\"wp-block-paragraph\">O empres\u00e1rio ocupa a <strong>8\u00aa posi\u00e7\u00e3o no ranking de maiores bilion\u00e1rios do Brasil em 2026<\/strong>, divulgado pela <em>Forbes<\/em> nesta quinta-feira (27). Krigsner manteve a mesma coloca\u00e7\u00e3o de 2025, quando seu patrim\u00f4nio era calculado em R$ 34,2 bilh\u00f5es.<\/p>\n\n\n\n<p class=\"wp-block-paragraph\">Aos <strong>76 anos<\/strong>, o empres\u00e1rio construiu sua trajet\u00f3ria a partir da forma\u00e7\u00e3o em Farm\u00e1cia e Bioqu\u00edmica e de uma aposta em um modelo de neg\u00f3cios que posteriormente ajudaria a transformar o mercado brasileiro de perfumaria e cosm\u00e9ticos.<\/p>\n\n\n\n<h2 class=\"wp-block-heading\"><strong>Da forma\u00e7\u00e3o em Farm\u00e1cia \u00e0 cria\u00e7\u00e3o de O Botic\u00e1rio<\/strong><\/h2>\n\n\n\n<p class=\"wp-block-paragraph\">Miguel Gellert Krigsner nasceu na <strong>Bol\u00edvia<\/strong>, filho de um pai polon\u00eas e de uma m\u00e3e alem\u00e3, ambos judeus. A fam\u00edlia havia deixado a Europa em raz\u00e3o da persegui\u00e7\u00e3o nazista e se estabeleceu na Am\u00e9rica do Sul ap\u00f3s a Segunda Guerra Mundial.<\/p>\n\n\n\n<p class=\"wp-block-paragraph\">Quando Miguel tinha 11 anos, a fam\u00edlia mudou-se para o Brasil e escolheu <strong>Curitiba<\/strong> como cidade de resid\u00eancia. Foi no Paran\u00e1 que ele construiu sua forma\u00e7\u00e3o acad\u00eamica e iniciou a carreira profissional.<\/p>\n\n\n<div class=\"wp-block-image\">\n<figure class=\"aligncenter size-full\"><img decoding=\"async\" width=\"1024\" height=\"648\" src=\"https:\/\/diariodocomercio.com.br\/mix\/wp-content\/uploads\/2026\/08\/curitibano-maiores-bilionarios-do-brasil-forbes-1024x648-1.jpg\" alt=\"bilionario forbes oboticario brasil\" class=\"wp-image-57232\" srcset=\"https:\/\/diariodocomercio.com.br\/mix\/wp-content\/uploads\/2026\/08\/curitibano-maiores-bilionarios-do-brasil-forbes-1024x648-1.jpg 1024w, https:\/\/diariodocomercio.com.br\/mix\/wp-content\/uploads\/2026\/08\/curitibano-maiores-bilionarios-do-brasil-forbes-1024x648-1-300x190.jpg 300w, https:\/\/diariodocomercio.com.br\/mix\/wp-content\/uploads\/2026\/08\/curitibano-maiores-bilionarios-do-brasil-forbes-1024x648-1-768x486.jpg 768w, https:\/\/diariodocomercio.com.br\/mix\/wp-content\/uploads\/2026\/08\/curitibano-maiores-bilionarios-do-brasil-forbes-1024x648-1-150x95.jpg 150w, https:\/\/diariodocomercio.com.br\/mix\/wp-content\/uploads\/2026\/08\/curitibano-maiores-bilionarios-do-brasil-forbes-1024x648-1-750x475.jpg 750w\" sizes=\"(max-width: 1024px) 100vw, 1024px\" \/><figcaption class=\"wp-element-caption\">Foto: (Reprodu\u00e7\u00e3o\/Instagram\/@oboticario)<\/figcaption><\/figure>\n<\/div>\n\n\n<p class=\"wp-block-paragraph\">Krigsner se formou em <strong>Farm\u00e1cia e Bioqu\u00edmica pela Universidade Federal do Paran\u00e1 (UFPR) em 1975<\/strong>. A escolha pela \u00e1rea ocorreu depois de n\u00e3o conseguir ingressar no curso de Medicina.<\/p>\n\n\n\n<p class=\"wp-block-paragraph\">Dois anos depois, em 1977, abriu uma pequena farm\u00e1cia de manipula\u00e7\u00e3o no Centro de Curitiba. O estabelecimento recebeu o nome de <strong>O Botic\u00e1rio<\/strong>.<\/p>\n\n\n\n<p class=\"wp-block-paragraph\">O empreendimento come\u00e7ou de maneira modesta, mas a estrat\u00e9gia adotada pelo empres\u00e1rio levou a marca a crescer rapidamente. A empresa foi pioneira no uso do <strong>sistema de franquias no Brasil<\/strong>, modelo que permitiu ampliar sua presen\u00e7a para diferentes regi\u00f5es.<\/p>\n\n\n\n<h2 class=\"wp-block-heading\"><strong>Fortuna chegou a R$ 35,7 bilh\u00f5es<\/strong><\/h2>\n\n\n\n<p class=\"wp-block-paragraph\">A expans\u00e3o do neg\u00f3cio colocou Krigsner entre os brasileiros mais ricos. De acordo com o ranking da <em>Forbes<\/em>, sua fortuna passou de <strong>R$ 34,2 bilh\u00f5es em 2025 para R$ 35,7 bilh\u00f5es em 2026<\/strong>.<\/p>\n\n\n\n<p class=\"wp-block-paragraph\">Apesar do aumento patrimonial, o empres\u00e1rio permaneceu na <strong>8\u00aa coloca\u00e7\u00e3o<\/strong> entre os maiores bilion\u00e1rios brasileiros.<\/p>\n\n\n\n<p class=\"wp-block-paragraph\">O patrim\u00f4nio est\u00e1 diretamente relacionado \u00e0 trajet\u00f3ria do Grupo Botic\u00e1rio, que se consolidou no mercado de beleza e passou a atuar em diferentes segmentos, incluindo perfumaria, maquiagem e cuidados com a pele.<\/p>\n\n\n\n<p class=\"wp-block-paragraph\">A companhia \u00e9 apontada como l\u00edder do setor de beleza no Brasil e das categorias de perfumaria, maquiagem e cuidados com a pele, de acordo com dados do painel de lares Homescan, da NielsenIQ.<\/p>\n\n\n\n<h2 class=\"wp-block-heading\"><strong>Empres\u00e1rio tamb\u00e9m investiu em preserva\u00e7\u00e3o ambiental<\/strong><\/h2>\n\n\n\n<p class=\"wp-block-paragraph\">A trajet\u00f3ria de Krigsner n\u00e3o ficou restrita ao setor empresarial. Em <strong>1990<\/strong>, o fundador criou a organiza\u00e7\u00e3o que posteriormente se consolidaria como a <strong>Funda\u00e7\u00e3o Grupo Botic\u00e1rio de Prote\u00e7\u00e3o \u00e0 Natureza<\/strong>.<\/p>\n\n\n\n<p class=\"wp-block-paragraph\">A iniciativa surgiu antes da <strong>Eco-92<\/strong>, confer\u00eancia internacional realizada no Rio de Janeiro em 1992 que ampliou as discuss\u00f5es globais sobre preserva\u00e7\u00e3o ambiental.<\/p>\n\n\n\n<p class=\"wp-block-paragraph\">Ao longo de sua atua\u00e7\u00e3o, a funda\u00e7\u00e3o apoiou <strong>1.265 projetos<\/strong>, destinou <strong>US$ 10,6 milh\u00f5es<\/strong> a iniciativas ambientais e beneficiou aproximadamente <strong>400 institui\u00e7\u00f5es<\/strong>.<\/p>\n\n\n\n<p class=\"wp-block-paragraph\">Os projetos tamb\u00e9m contribu\u00edram para a cria\u00e7\u00e3o, prote\u00e7\u00e3o ou manejo de <strong>235 unidades de conserva\u00e7\u00e3o<\/strong>, al\u00e9m de estudos envolvendo <strong>167 esp\u00e9cies amea\u00e7adas<\/strong> e a descoberta de outras <strong>37 esp\u00e9cies<\/strong>.<\/p>\n\n\n\n<h2 class=\"wp-block-heading\"><strong>Grupo Botic\u00e1rio amplia aposta em tecnologia e dados<\/strong><\/h2>\n\n\n\n<p class=\"wp-block-paragraph\">A empresa tamb\u00e9m vem investindo na transforma\u00e7\u00e3o digital. O Grupo Botic\u00e1rio foi reconhecido pelo quinto ano consecutivo entre as companhias mais admiradas por profissionais de dados na Am\u00e9rica Latina.<\/p>\n\n\n\n<p class=\"wp-block-paragraph\">No levantamento <em>State of Data Brazil 2025-2026<\/em>, elaborado pela <strong>Data Hackers<\/strong> em parceria com a <strong>Bain &amp; Company<\/strong>, a companhia alcan\u00e7ou a <strong>segunda posi\u00e7\u00e3o geral<\/strong> e foi a empresa de beleza mais bem colocada entre as dez mais admiradas pelos profissionais da \u00e1rea.<\/p>\n\n\n\n<p class=\"wp-block-paragraph\">A estrat\u00e9gia inclui investimentos em <strong>engenharia de dados, governan\u00e7a e intelig\u00eancia artificial<\/strong>. Segundo a companhia, h\u00e1 mais de cinco anos o grupo acelera sua digitaliza\u00e7\u00e3o, desenvolvendo internamente solu\u00e7\u00f5es e processos para ampliar o uso de dados dentro da organiza\u00e7\u00e3o.<\/p>\n\n\n\n<p class=\"wp-block-paragraph\"><\/p>\n","protected":false},"excerpt":{"rendered":"<p>Uma pequena farm\u00e1cia de manipula\u00e7\u00e3o aberta em Curitiba, no Paran\u00e1, em 1977, acabou se transformando em um dos maiores neg\u00f3cios do setor de beleza no Brasil. Quase cinco d\u00e9cadas depois, Miguel Gellert Krigsner, fundador de O Botic\u00e1rio, aparece entre os maiores bilion\u00e1rios do pa\u00eds, com uma fortuna estimada em R$ 35,7 bilh\u00f5es. O empres\u00e1rio ocupa [&hellip;]<\/p>\n","protected":false},"author":9,"featured_media":5702,"comment_status":"closed","ping_status":"closed","sticky":false,"template":"","format":"standard","meta":{"jnews-multi-image_gallery":[],"jnews_single_post":{"format":"standard"},"jnews_primary_category":[],"jnews_social_meta":[],"jnews_post_split":[],"footnotes":""},"categories":[1],"tags":[],"class_list":["post-57231","post","type-post","status-publish","format-standard","has-post-thumbnail","hentry","category-geral"],"_referencia":"","_links":{"self":[{"href":"https:\/\/diariodocomercio.com.br\/mix\/wp-json\/wp\/v2\/posts\/57231","targetHints":{"allow":["GET"]}}],"collection":[{"href":"https:\/\/diariodocomercio.com.br\/mix\/wp-json\/wp\/v2\/posts"}],"about":[{"href":"https:\/\/diariodocomercio.com.br\/mix\/wp-json\/wp\/v2\/types\/post"}],"author":[{"embeddable":true,"href":"https:\/\/diariodocomercio.com.br\/mix\/wp-json\/wp\/v2\/users\/9"}],"replies":[{"embeddable":true,"href":"https:\/\/diariodocomercio.com.br\/mix\/wp-json\/wp\/v2\/comments?post=57231"}],"version-history":[{"count":1,"href":"https:\/\/diariodocomercio.com.br\/mix\/wp-json\/wp\/v2\/posts\/57231\/revisions"}],"predecessor-version":[{"id":57233,"href":"https:\/\/diariodocomercio.com.br\/mix\/wp-json\/wp\/v2\/posts\/57231\/revisions\/57233"}],"wp:featuredmedia":[{"embeddable":true,"href":"https:\/\/diariodocomercio.com.br\/mix\/wp-json\/wp\/v2\/media\/5702"}],"wp:attachment":[{"href":"https:\/\/diariodocomercio.com.br\/mix\/wp-json\/wp\/v2\/media?parent=57231"}],"wp:term":[{"taxonomy":"category","embeddable":true,"href":"https:\/\/diariodocomercio.com.br\/mix\/wp-json\/wp\/v2\/categories?post=57231"},{"taxonomy":"post_tag","embeddable":true,"href":"https:\/\/diariodocomercio.com.br\/mix\/wp-json\/wp\/v2\/tags?post=57231"}],"curies":[{"name":"wp","href":"https:\/\/api.w.org\/{rel}","templated":true}]}}