{"id":57234,"date":"2026-08-31T07:52:00","date_gmt":"2026-08-31T10:52:00","guid":{"rendered":"https:\/\/diariodocomercio.com.br\/mix\/?p=57234"},"modified":"2026-08-31T05:26:23","modified_gmt":"2026-08-31T08:26:23","slug":"habito-comum-no-banho-pode-fazer-brasileiros-pagarem-ate-r-63-a-mais-na-conta-de-luz","status":"publish","type":"post","link":"https:\/\/diariodocomercio.com.br\/mix\/habito-comum-no-banho-pode-fazer-brasileiros-pagarem-ate-r-63-a-mais-na-conta-de-luz\/","title":{"rendered":"H\u00e1bito comum no banho pode fazer brasileiros pagarem at\u00e9 R$ 63 a mais na conta de luz"},"content":{"rendered":"\n<p class=\"wp-block-paragraph\">Um h\u00e1bito comum durante os dias frios pode pesar diretamente no or\u00e7amento das fam\u00edlias brasileiras: <strong>ficar alguns minutos a mais no banho<\/strong>. Uma simula\u00e7\u00e3o realizada pela Companhia Energ\u00e9tica de Minas Gerais (Cemig) mostra que, para uma fam\u00edlia de quatro pessoas, acrescentar cinco minutos ao tempo de banho pode representar <strong>cerca de R$ 63 a mais na conta de energia ao longo de um m\u00eas<\/strong>.<\/p>\n\n\n\n<p class=\"wp-block-paragraph\">O impacto ocorre principalmente por causa do chuveiro el\u00e9trico, um dos equipamentos dom\u00e9sticos que mais exigem pot\u00eancia para funcionar. Como o aparelho precisa elevar rapidamente a temperatura da \u00e1gua, seu consumo de eletricidade pode aumentar significativamente conforme o tempo de utiliza\u00e7\u00e3o.<\/p>\n\n\n\n<p class=\"wp-block-paragraph\">De acordo com a simula\u00e7\u00e3o utilizada pela Cemig, <strong>um banho de cinco minutos custa aproximadamente R$ 0,53<\/strong>. Quando o per\u00edodo passa para dez minutos, o valor sobe para cerca de <strong>R$ 1,06<\/strong>. J\u00e1 um banho de 15 minutos chega a aproximadamente <strong>R$ 1,59<\/strong>.<\/p>\n\n\n\n<p class=\"wp-block-paragraph\">Em uma resid\u00eancia com quatro pessoas, a repeti\u00e7\u00e3o di\u00e1ria desse comportamento faz a diferen\u00e7a se acumular ao longo do m\u00eas. \u00c9 justamente nesse cen\u00e1rio que os cinco minutos adicionais podem representar aproximadamente <strong>R$ 63 no per\u00edodo<\/strong>, considerando os par\u00e2metros utilizados no c\u00e1lculo.<\/p>\n\n\n\n<h2 class=\"wp-block-heading\"><strong>Por que o chuveiro consome tanta energia?<\/strong><\/h2>\n\n\n\n<p class=\"wp-block-paragraph\">O alto consumo do chuveiro el\u00e9trico est\u00e1 relacionado \u00e0 sua <strong>elevada pot\u00eancia<\/strong>. O equipamento precisa transformar energia el\u00e9trica em calor em pouco tempo para aquecer a \u00e1gua que passa pelo aparelho.<\/p>\n\n\n\n<p class=\"wp-block-paragraph\">Quanto maior a pot\u00eancia, maior \u00e9 a capacidade de gerar calor instantaneamente. Em dias frios, o problema pode ser ainda mais evidente, j\u00e1 que o usu\u00e1rio tende a selecionar temperaturas mais elevadas e permanecer mais tempo no banho.<\/p>\n\n\n\n<p class=\"wp-block-paragraph\">Chuveiros que oferecem diversos n\u00edveis de temperatura tamb\u00e9m podem apresentar pot\u00eancias elevadas. Por isso, al\u00e9m do tempo de utiliza\u00e7\u00e3o, a pot\u00eancia do aparelho e a temperatura escolhida s\u00e3o fatores importantes para determinar o consumo.<\/p>\n\n\n\n<p class=\"wp-block-paragraph\">Na pr\u00e1tica, reduzir alguns minutos do banho e evitar temperaturas mais altas quando n\u00e3o forem necess\u00e1rias est\u00e3o entre as medidas mais simples para diminuir o gasto.<\/p>\n\n\n\n<h2 class=\"wp-block-heading\"><strong>Chuveiro 110 V ou 220 V: qual gasta menos?<\/strong><\/h2>\n\n\n\n<p class=\"wp-block-paragraph\">Uma d\u00favida frequente na hora de escolher o equipamento \u00e9 se o chuveiro de <strong>110 V ou 220 V<\/strong> proporciona economia de energia.<\/p>\n\n\n\n<p class=\"wp-block-paragraph\">A tens\u00e3o el\u00e9trica, por si s\u00f3, <strong>n\u00e3o determina quanto o aparelho consumir\u00e1<\/strong>. O gasto depende principalmente da pot\u00eancia do chuveiro e do tempo durante o qual ele permanece ligado.<\/p>\n\n\n\n<p class=\"wp-block-paragraph\">A diferen\u00e7a est\u00e1 na corrente el\u00e9trica necess\u00e1ria para o funcionamento. Um aparelho de 110 V necessita de uma corrente maior para entregar determinada pot\u00eancia, enquanto um equipamento de 220 V trabalha com corrente menor. Isso, entretanto, n\u00e3o significa que o modelo de maior tens\u00e3o necessariamente consumir\u00e1 menos energia.<\/p>\n\n\n\n<p class=\"wp-block-paragraph\">Para economizar, portanto, o mais importante \u00e9 observar a <strong>pot\u00eancia do equipamento e o tempo de uso<\/strong>, al\u00e9m de adotar h\u00e1bitos que reduzam o consumo.<\/p>\n\n\n\n<h2 class=\"wp-block-heading\"><strong>Bandeira amarela continuar\u00e1 na conta de luz<\/strong><\/h2>\n\n\n\n<p class=\"wp-block-paragraph\">A preocupa\u00e7\u00e3o com o consumo ocorre em um momento em que a tarifa de energia tamb\u00e9m ter\u00e1 uma cobran\u00e7a adicional. A Ag\u00eancia Nacional de Energia El\u00e9trica (Aneel) informou nesta sexta-feira (28) que a <strong>bandeira tarif\u00e1ria amarela ser\u00e1 mantida em setembro<\/strong>.<\/p>\n\n\n\n<p class=\"wp-block-paragraph\">Com a medida, haver\u00e1 uma cobran\u00e7a adicional de <strong>R$ 1,885 a cada 100 kWh consumidos<\/strong>. Segundo a ag\u00eancia, a decis\u00e3o est\u00e1 relacionada a condi\u00e7\u00f5es menos favor\u00e1veis para a gera\u00e7\u00e3o de energia no pa\u00eds e \u00e0 necessidade de utilizar fontes de produ\u00e7\u00e3o com custos mais elevados.<\/p>\n\n\n\n<p class=\"wp-block-paragraph\">A bandeira amarela est\u00e1 em vigor desde maio. Entre janeiro e abril, a bandeira permaneceu verde, per\u00edodo em que n\u00e3o havia cobran\u00e7a adicional relacionada ao sistema de bandeiras.<\/p>\n\n\n\n<p class=\"wp-block-paragraph\">O mecanismo foi criado em 2015 para informar aos consumidores sobre as condi\u00e7\u00f5es de gera\u00e7\u00e3o de eletricidade e os custos envolvidos no fornecimento.<\/p>\n\n\n\n<p class=\"wp-block-paragraph\"><\/p>\n","protected":false},"excerpt":{"rendered":"<p>Um h\u00e1bito comum durante os dias frios pode pesar diretamente no or\u00e7amento das fam\u00edlias brasileiras: ficar alguns minutos a mais no banho. Uma simula\u00e7\u00e3o realizada pela Companhia Energ\u00e9tica de Minas Gerais (Cemig) mostra que, para uma fam\u00edlia de quatro pessoas, acrescentar cinco minutos ao tempo de banho pode representar cerca de R$ 63 a mais [&hellip;]<\/p>\n","protected":false},"author":9,"featured_media":44084,"comment_status":"closed","ping_status":"closed","sticky":false,"template":"","format":"standard","meta":{"jnews-multi-image_gallery":[],"jnews_single_post":{"format":"standard"},"jnews_primary_category":[],"jnews_social_meta":[],"jnews_post_split":[],"footnotes":""},"categories":[1],"tags":[],"class_list":["post-57234","post","type-post","status-publish","format-standard","has-post-thumbnail","hentry","category-geral"],"_referencia":"","_links":{"self":[{"href":"https:\/\/diariodocomercio.com.br\/mix\/wp-json\/wp\/v2\/posts\/57234","targetHints":{"allow":["GET"]}}],"collection":[{"href":"https:\/\/diariodocomercio.com.br\/mix\/wp-json\/wp\/v2\/posts"}],"about":[{"href":"https:\/\/diariodocomercio.com.br\/mix\/wp-json\/wp\/v2\/types\/post"}],"author":[{"embeddable":true,"href":"https:\/\/diariodocomercio.com.br\/mix\/wp-json\/wp\/v2\/users\/9"}],"replies":[{"embeddable":true,"href":"https:\/\/diariodocomercio.com.br\/mix\/wp-json\/wp\/v2\/comments?post=57234"}],"version-history":[{"count":1,"href":"https:\/\/diariodocomercio.com.br\/mix\/wp-json\/wp\/v2\/posts\/57234\/revisions"}],"predecessor-version":[{"id":57235,"href":"https:\/\/diariodocomercio.com.br\/mix\/wp-json\/wp\/v2\/posts\/57234\/revisions\/57235"}],"wp:featuredmedia":[{"embeddable":true,"href":"https:\/\/diariodocomercio.com.br\/mix\/wp-json\/wp\/v2\/media\/44084"}],"wp:attachment":[{"href":"https:\/\/diariodocomercio.com.br\/mix\/wp-json\/wp\/v2\/media?parent=57234"}],"wp:term":[{"taxonomy":"category","embeddable":true,"href":"https:\/\/diariodocomercio.com.br\/mix\/wp-json\/wp\/v2\/categories?post=57234"},{"taxonomy":"post_tag","embeddable":true,"href":"https:\/\/diariodocomercio.com.br\/mix\/wp-json\/wp\/v2\/tags?post=57234"}],"curies":[{"name":"wp","href":"https:\/\/api.w.org\/{rel}","templated":true}]}}