{"id":57236,"date":"2026-08-31T08:08:00","date_gmt":"2026-08-31T11:08:00","guid":{"rendered":"https:\/\/diariodocomercio.com.br\/mix\/?p=57236"},"modified":"2026-08-31T05:31:11","modified_gmt":"2026-08-31T08:31:11","slug":"governo-faz-comunicado-oficial-e-confirma-que-programa-para-brasileiros-sera-encerrado-nesta-segunda-feira-31-08","status":"publish","type":"post","link":"https:\/\/diariodocomercio.com.br\/mix\/governo-faz-comunicado-oficial-e-confirma-que-programa-para-brasileiros-sera-encerrado-nesta-segunda-feira-31-08\/","title":{"rendered":"Governo faz comunicado oficial e confirma que programa para brasileiros ser\u00e1 encerrado nesta segunda-feira (31\/08)"},"content":{"rendered":"\n<p class=\"wp-block-paragraph\">O prazo para brasileiros que atendem aos crit\u00e9rios do <strong>Desenrola Brasil<\/strong> renegociarem suas d\u00edvidas termina nesta segunda-feira (31). A iniciativa permite que consumidores eleg\u00edveis tenham acesso a condi\u00e7\u00f5es diferenciadas para quitar ou reorganizar pend\u00eancias financeiras, com descontos e alternativas de pagamento.<\/p>\n\n\n\n<p class=\"wp-block-paragraph\">De acordo com as regras divulgadas para o programa, podem participar pessoas com <strong>renda mensal de at\u00e9 cinco sal\u00e1rios m\u00ednimos<\/strong>, o equivalente a <strong>R$ 8.105<\/strong>. As negocia\u00e7\u00f5es j\u00e1 reduziram o montante das d\u00edvidas envolvidas de aproximadamente <strong>R$ 26 bilh\u00f5es para R$ 5,27 bilh\u00f5es<\/strong>.<\/p>\n\n\n\n<p class=\"wp-block-paragraph\">O programa foi criado com o objetivo de facilitar a regulariza\u00e7\u00e3o de d\u00e9bitos banc\u00e1rios e permitir que fam\u00edlias tenham melhores condi\u00e7\u00f5es para recuperar sua capacidade financeira.<\/p>\n\n\n\n<h2 class=\"wp-block-heading\"><strong>Quais d\u00edvidas podem ser renegociadas<\/strong><\/h2>\n\n\n\n<p class=\"wp-block-paragraph\">Entre os d\u00e9bitos que podem entrar nas negocia\u00e7\u00f5es est\u00e3o <strong>faturas de cart\u00e3o de cr\u00e9dito, cheque especial e empr\u00e9stimos<\/strong>. Para serem enquadradas, as d\u00edvidas precisam estar atrasadas h\u00e1 pelo menos 90 dias e no m\u00e1ximo dois anos.<\/p>\n\n\n\n<p class=\"wp-block-paragraph\">Outro requisito \u00e9 que os d\u00e9bitos tenham sido contratados <strong>at\u00e9 janeiro de 2026<\/strong>. Consumidores que se enquadram nas condi\u00e7\u00f5es devem procurar diretamente os canais oficiais das institui\u00e7\u00f5es financeiras participantes para verificar se possuem ofertas dispon\u00edveis.<\/p>\n\n\n\n<p class=\"wp-block-paragraph\">As condi\u00e7\u00f5es podem variar conforme a d\u00edvida e a institui\u00e7\u00e3o, mas o programa prev\u00ea possibilidades como:<\/p>\n\n\n\n<ul class=\"wp-block-list\">\n<li><strong>Descontos entre 30% e 90%<\/strong>;<\/li>\n\n\n\n<li>juros de at\u00e9 <strong>1,99% ao m\u00eas<\/strong>;<\/li>\n\n\n\n<li>pagamento em at\u00e9 <strong>48 meses<\/strong>;<\/li>\n\n\n\n<li>prazo de at\u00e9 <strong>30 dias para come\u00e7ar a pagar<\/strong>;<\/li>\n\n\n\n<li>parcelas m\u00ednimas de <strong>R$ 50<\/strong>;<\/li>\n\n\n\n<li>limite de negocia\u00e7\u00e3o de at\u00e9 <strong>R$ 15 mil por pessoa em cada institui\u00e7\u00e3o<\/strong>.<\/li>\n<\/ul>\n\n\n\n<p class=\"wp-block-paragraph\">O prazo para formalizar o acordo, por\u00e9m, <strong>termina nesta segunda-feira, 31 de agosto<\/strong>.<\/p>\n\n\n\n<h2 class=\"wp-block-heading\"><strong>FGTS pode ser usado na negocia\u00e7\u00e3o<\/strong><\/h2>\n\n\n\n<p class=\"wp-block-paragraph\">Uma das novidades atribu\u00eddas ao <strong>Desenrola Brasil 2026<\/strong> \u00e9 a possibilidade de utilizar parte do saldo do Fundo de Garantia do Tempo de Servi\u00e7o (FGTS) para ajudar na quita\u00e7\u00e3o dos d\u00e9bitos.<\/p>\n\n\n\n<p class=\"wp-block-paragraph\">Pelas condi\u00e7\u00f5es apresentadas, o consumidor pode utilizar <strong>at\u00e9 20% do saldo dispon\u00edvel no FGTS ou R$ 1.000, prevalecendo o maior dos dois valores<\/strong>. O montante pode ser destinado \u00e0 quita\u00e7\u00e3o integral ou parcial da d\u00edvida negociada.<\/p>\n\n\n\n<p class=\"wp-block-paragraph\">A alternativa amplia as possibilidades para quem possui saldo no fundo e busca reduzir o valor pendente ou encerrar a obriga\u00e7\u00e3o financeira.<\/p>\n\n\n\n<h2 class=\"wp-block-heading\"><strong>Negocia\u00e7\u00e3o n\u00e3o acontece em uma \u00fanica plataforma<\/strong><\/h2>\n\n\n\n<p class=\"wp-block-paragraph\">Diferentemente de programas que concentram os servi\u00e7os em uma plataforma governamental, o <strong>Desenrola Brasil 2.0 n\u00e3o utiliza um \u00fanico sistema central para realizar todas as negocia\u00e7\u00f5es<\/strong>.<\/p>\n\n\n\n<p class=\"wp-block-paragraph\">O consumidor precisa consultar as <strong>institui\u00e7\u00f5es financeiras e plataformas parceiras<\/strong> respons\u00e1veis pelas ofertas. \u00c9 nesses canais que ser\u00e3o apresentadas as condi\u00e7\u00f5es dispon\u00edveis para cada d\u00edvida, incluindo desconto, taxa de juros, n\u00famero de parcelas e demais crit\u00e9rios.<\/p>\n\n\n\n<p class=\"wp-block-paragraph\"><\/p>\n","protected":false},"excerpt":{"rendered":"<p>O prazo para brasileiros que atendem aos crit\u00e9rios do Desenrola Brasil renegociarem suas d\u00edvidas termina nesta segunda-feira (31). A iniciativa permite que consumidores eleg\u00edveis tenham acesso a condi\u00e7\u00f5es diferenciadas para quitar ou reorganizar pend\u00eancias financeiras, com descontos e alternativas de pagamento. De acordo com as regras divulgadas para o programa, podem participar pessoas com renda [&hellip;]<\/p>\n","protected":false},"author":9,"featured_media":43566,"comment_status":"closed","ping_status":"closed","sticky":false,"template":"","format":"standard","meta":{"jnews-multi-image_gallery":[],"jnews_single_post":{"format":"standard"},"jnews_primary_category":[],"jnews_social_meta":[],"jnews_post_split":[],"footnotes":""},"categories":[1],"tags":[],"class_list":["post-57236","post","type-post","status-publish","format-standard","has-post-thumbnail","hentry","category-geral"],"_referencia":"","_links":{"self":[{"href":"https:\/\/diariodocomercio.com.br\/mix\/wp-json\/wp\/v2\/posts\/57236","targetHints":{"allow":["GET"]}}],"collection":[{"href":"https:\/\/diariodocomercio.com.br\/mix\/wp-json\/wp\/v2\/posts"}],"about":[{"href":"https:\/\/diariodocomercio.com.br\/mix\/wp-json\/wp\/v2\/types\/post"}],"author":[{"embeddable":true,"href":"https:\/\/diariodocomercio.com.br\/mix\/wp-json\/wp\/v2\/users\/9"}],"replies":[{"embeddable":true,"href":"https:\/\/diariodocomercio.com.br\/mix\/wp-json\/wp\/v2\/comments?post=57236"}],"version-history":[{"count":1,"href":"https:\/\/diariodocomercio.com.br\/mix\/wp-json\/wp\/v2\/posts\/57236\/revisions"}],"predecessor-version":[{"id":57237,"href":"https:\/\/diariodocomercio.com.br\/mix\/wp-json\/wp\/v2\/posts\/57236\/revisions\/57237"}],"wp:featuredmedia":[{"embeddable":true,"href":"https:\/\/diariodocomercio.com.br\/mix\/wp-json\/wp\/v2\/media\/43566"}],"wp:attachment":[{"href":"https:\/\/diariodocomercio.com.br\/mix\/wp-json\/wp\/v2\/media?parent=57236"}],"wp:term":[{"taxonomy":"category","embeddable":true,"href":"https:\/\/diariodocomercio.com.br\/mix\/wp-json\/wp\/v2\/categories?post=57236"},{"taxonomy":"post_tag","embeddable":true,"href":"https:\/\/diariodocomercio.com.br\/mix\/wp-json\/wp\/v2\/tags?post=57236"}],"curies":[{"name":"wp","href":"https:\/\/api.w.org\/{rel}","templated":true}]}}