{"id":57240,"date":"2026-08-31T09:23:00","date_gmt":"2026-08-31T12:23:00","guid":{"rendered":"https:\/\/diariodocomercio.com.br\/mix\/?p=57240"},"modified":"2026-08-31T05:38:38","modified_gmt":"2026-08-31T08:38:38","slug":"governo-confirma-nova-exigencia-no-inss-e-brasileiros-que-nao-cumprirem-essa-etapa-podem-ficar-sem-o-beneficio","status":"publish","type":"post","link":"https:\/\/diariodocomercio.com.br\/mix\/governo-confirma-nova-exigencia-no-inss-e-brasileiros-que-nao-cumprirem-essa-etapa-podem-ficar-sem-o-beneficio\/","title":{"rendered":"Governo confirma nova exig\u00eancia no INSS e brasileiros que n\u00e3o cumprirem essa etapa podem ficar sem o benef\u00edcio"},"content":{"rendered":"\n<p class=\"wp-block-paragraph\">O governo federal ampliou as exig\u00eancias de <strong>identifica\u00e7\u00e3o biom\u00e9trica para benefici\u00e1rios do Instituto Nacional do Seguro Social (INSS)<\/strong>. A medida faz parte do conjunto de a\u00e7\u00f5es adotadas para refor\u00e7ar a seguran\u00e7a no pagamento de aposentadorias, pens\u00f5es, aux\u00edlios e do Benef\u00edcio de Presta\u00e7\u00e3o Continuada (BPC\/Loas), al\u00e9m de dificultar fraudes e pagamentos indevidos.<\/p>\n\n\n\n<p class=\"wp-block-paragraph\">A nova regra estabelece que a identifica\u00e7\u00e3o biom\u00e9trica ser\u00e1 utilizada nos procedimentos relacionados \u00e0 <strong>solicita\u00e7\u00e3o, manuten\u00e7\u00e3o e renova\u00e7\u00e3o de benef\u00edcios previdenci\u00e1rios e assistenciais<\/strong>. No entanto, a implementa\u00e7\u00e3o ocorre de maneira progressiva e n\u00e3o significa que todos os aposentados que ainda n\u00e3o possuem biometria ter\u00e3o o pagamento interrompido imediatamente.<\/p>\n\n\n\n<p class=\"wp-block-paragraph\">O governo aproveita registros j\u00e1 existentes em diferentes bases oficiais para confirmar a identidade dos cidad\u00e3os. Entre elas est\u00e3o a <strong>Carteira de Identidade Nacional (CIN), a Carteira Nacional de Habilita\u00e7\u00e3o (CNH) e a Justi\u00e7a Eleitoral<\/strong>.<\/p>\n\n\n\n<h2 class=\"wp-block-heading\"><strong>Quem j\u00e1 recebe o benef\u00edcio pode ter o pagamento bloqueado?<\/strong><\/h2>\n\n\n\n<p class=\"wp-block-paragraph\">A aus\u00eancia de biometria, por si s\u00f3, <strong>n\u00e3o provoca o corte autom\u00e1tico de aposentadorias, pens\u00f5es ou outros benef\u00edcios<\/strong>. O processo prev\u00ea uma implementa\u00e7\u00e3o gradual.<\/p>\n\n\n\n<p class=\"wp-block-paragraph\">Nos procedimentos de manuten\u00e7\u00e3o ou renova\u00e7\u00e3o, o governo dever\u00e1 verificar inicialmente se o cidad\u00e3o j\u00e1 possui algum registro biom\u00e9trico nas bases aceitas. Caso n\u00e3o seja encontrada uma identifica\u00e7\u00e3o v\u00e1lida e seja necess\u00e1ria alguma provid\u00eancia, o benefici\u00e1rio dever\u00e1 ser informado para regularizar a situa\u00e7\u00e3o.<\/p>\n\n\n\n<p class=\"wp-block-paragraph\">Isso significa que o segurado n\u00e3o deve ter o benef\u00edcio simplesmente suspenso sem que sejam observados os procedimentos previstos para a regulariza\u00e7\u00e3o.<\/p>\n\n\n\n<p class=\"wp-block-paragraph\">Quem j\u00e1 possui a <strong>Carteira de Identidade Nacional com biometria<\/strong> tamb\u00e9m n\u00e3o precisa fazer uma nova coleta exclusivamente por causa da mudan\u00e7a.<\/p>\n\n\n\n<h2 class=\"wp-block-heading\"><strong>CIN ser\u00e1 a principal refer\u00eancia<\/strong><\/h2>\n\n\n\n<p class=\"wp-block-paragraph\">Durante o per\u00edodo de transi\u00e7\u00e3o, registros biom\u00e9tricos vinculados \u00e0 CIN, CNH e Justi\u00e7a Eleitoral poder\u00e3o ser utilizados, conforme o tipo de benef\u00edcio e o procedimento realizado.<\/p>\n\n\n\n<p class=\"wp-block-paragraph\">At\u00e9 <strong>31 de dezembro de 2026<\/strong>, cidad\u00e3os que ainda n\u00e3o tenham biometria registrada em uma das bases oficiais poder\u00e3o regularizar a identifica\u00e7\u00e3o por meio das alternativas admitidas pelas regras de transi\u00e7\u00e3o.<\/p>\n\n\n\n<p class=\"wp-block-paragraph\">A exig\u00eancia, por\u00e9m, ficar\u00e1 mais r\u00edgida posteriormente. A partir de <strong>1\u00ba de janeiro de 2028<\/strong>, a biometria associada \u00e0 <strong>Carteira de Identidade Nacional<\/strong> passar\u00e1 a ser a refer\u00eancia obrigat\u00f3ria para concess\u00e3o, manuten\u00e7\u00e3o e renova\u00e7\u00e3o dos benef\u00edcios abrangidos pela regulamenta\u00e7\u00e3o.<\/p>\n\n\n\n<p class=\"wp-block-paragraph\">A mudan\u00e7a faz parte de uma estrat\u00e9gia para concentrar a identifica\u00e7\u00e3o dos cidad\u00e3os em uma base nacional e ampliar a seguran\u00e7a dos pagamentos realizados pelo governo.<\/p>\n\n\n\n<h2 class=\"wp-block-heading\"><strong>H\u00e1 pessoas que podem ser dispensadas<\/strong><\/h2>\n\n\n\n<p class=\"wp-block-paragraph\">A regulamenta\u00e7\u00e3o tamb\u00e9m prev\u00ea situa\u00e7\u00f5es em que o cidad\u00e3o poder\u00e1 ser dispensado da exig\u00eancia biom\u00e9trica, principalmente quando houver dificuldades para realizar o procedimento presencialmente.<\/p>\n\n\n\n<p class=\"wp-block-paragraph\">Entre os grupos contemplados pelas exce\u00e7\u00f5es est\u00e3o <strong>pessoas com mais de 80 anos, brasileiros que vivem no exterior, migrantes, refugiados e ap\u00e1tridas<\/strong>, al\u00e9m de moradores de regi\u00f5es consideradas de dif\u00edcil acesso.<\/p>\n\n\n\n<p class=\"wp-block-paragraph\">Tamb\u00e9m podem existir dispensas para pessoas que estejam <strong>impossibilitadas de se deslocar<\/strong>, desde que a condi\u00e7\u00e3o seja comprovada por atestado m\u00e9dico e esteja dentro dos crit\u00e9rios estabelecidos pela regulamenta\u00e7\u00e3o.<\/p>\n\n\n\n<p class=\"wp-block-paragraph\">Al\u00e9m disso, determinados benef\u00edcios possuem regras pr\u00f3prias. \u00c9 o caso de solicita\u00e7\u00f5es relacionadas ao <strong>sal\u00e1rio-maternidade, benef\u00edcio por incapacidade e pens\u00e3o por morte<\/strong>, que podem seguir procedimentos espec\u00edficos.<\/p>\n\n\n\n<p class=\"wp-block-paragraph\"><\/p>\n","protected":false},"excerpt":{"rendered":"<p>O governo federal ampliou as exig\u00eancias de identifica\u00e7\u00e3o biom\u00e9trica para benefici\u00e1rios do Instituto Nacional do Seguro Social (INSS). A medida faz parte do conjunto de a\u00e7\u00f5es adotadas para refor\u00e7ar a seguran\u00e7a no pagamento de aposentadorias, pens\u00f5es, aux\u00edlios e do Benef\u00edcio de Presta\u00e7\u00e3o Continuada (BPC\/Loas), al\u00e9m de dificultar fraudes e pagamentos indevidos. A nova regra estabelece [&hellip;]<\/p>\n","protected":false},"author":9,"featured_media":12611,"comment_status":"closed","ping_status":"closed","sticky":false,"template":"","format":"standard","meta":{"jnews-multi-image_gallery":[],"jnews_single_post":{"format":"standard"},"jnews_primary_category":[],"jnews_social_meta":[],"jnews_post_split":[],"footnotes":""},"categories":[1],"tags":[],"class_list":["post-57240","post","type-post","status-publish","format-standard","has-post-thumbnail","hentry","category-geral"],"_referencia":"","_links":{"self":[{"href":"https:\/\/diariodocomercio.com.br\/mix\/wp-json\/wp\/v2\/posts\/57240","targetHints":{"allow":["GET"]}}],"collection":[{"href":"https:\/\/diariodocomercio.com.br\/mix\/wp-json\/wp\/v2\/posts"}],"about":[{"href":"https:\/\/diariodocomercio.com.br\/mix\/wp-json\/wp\/v2\/types\/post"}],"author":[{"embeddable":true,"href":"https:\/\/diariodocomercio.com.br\/mix\/wp-json\/wp\/v2\/users\/9"}],"replies":[{"embeddable":true,"href":"https:\/\/diariodocomercio.com.br\/mix\/wp-json\/wp\/v2\/comments?post=57240"}],"version-history":[{"count":1,"href":"https:\/\/diariodocomercio.com.br\/mix\/wp-json\/wp\/v2\/posts\/57240\/revisions"}],"predecessor-version":[{"id":57241,"href":"https:\/\/diariodocomercio.com.br\/mix\/wp-json\/wp\/v2\/posts\/57240\/revisions\/57241"}],"wp:featuredmedia":[{"embeddable":true,"href":"https:\/\/diariodocomercio.com.br\/mix\/wp-json\/wp\/v2\/media\/12611"}],"wp:attachment":[{"href":"https:\/\/diariodocomercio.com.br\/mix\/wp-json\/wp\/v2\/media?parent=57240"}],"wp:term":[{"taxonomy":"category","embeddable":true,"href":"https:\/\/diariodocomercio.com.br\/mix\/wp-json\/wp\/v2\/categories?post=57240"},{"taxonomy":"post_tag","embeddable":true,"href":"https:\/\/diariodocomercio.com.br\/mix\/wp-json\/wp\/v2\/tags?post=57240"}],"curies":[{"name":"wp","href":"https:\/\/api.w.org\/{rel}","templated":true}]}}