{"id":57242,"date":"2026-08-31T10:10:00","date_gmt":"2026-08-31T13:10:00","guid":{"rendered":"https:\/\/diariodocomercio.com.br\/mix\/?p=57242"},"modified":"2026-08-31T05:42:57","modified_gmt":"2026-08-31T08:42:57","slug":"especialistas-pedem-que-moradores-de-rs-pr-sp-sc-e-ms-se-preparem-para-o-que-vai-comecar-a-acontecer-a-partir-desta-segunda-feira-31-08","status":"publish","type":"post","link":"https:\/\/diariodocomercio.com.br\/mix\/especialistas-pedem-que-moradores-de-rs-pr-sp-sc-e-ms-se-preparem-para-o-que-vai-comecar-a-acontecer-a-partir-desta-segunda-feira-31-08\/","title":{"rendered":"Especialistas pedem que moradores de RS, PR, SP, SC e MS se preparem para o que vai come\u00e7ar a acontecer a partir desta segunda-feira (31\/08)"},"content":{"rendered":"\n<p class=\"wp-block-paragraph\">Moradores de <strong>Rio Grande do Sul, Santa Catarina, Paran\u00e1, Mato Grosso do Sul e S\u00e3o Paulo<\/strong> devem ficar atentos \u00e0 mudan\u00e7a nas condi\u00e7\u00f5es meteorol\u00f3gicas a partir desta segunda-feira (31). Um <strong>ciclone extratropical em forma\u00e7\u00e3o sobre a Regi\u00e3o Sul<\/strong>, associado a uma frente fria, deve intensificar a instabilidade e aumentar o risco de chuva forte, temporais, granizo, alagamentos e rajadas de vento.<\/p>\n\n\n\n<p class=\"wp-block-paragraph\">A previs\u00e3o indica que alguns pontos poder\u00e3o registrar <strong>volumes acumulados entre 150 e 200 mil\u00edmetros<\/strong>, principalmente em \u00e1reas do Sul. O cen\u00e1rio exige aten\u00e7\u00e3o porque parte das regi\u00f5es j\u00e1 recebeu chuva nos \u00faltimos dias, deixando o solo mais encharcado e elevando a possibilidade de ocorr\u00eancias relacionadas ao excesso de \u00e1gua.<\/p>\n\n\n\n<p class=\"wp-block-paragraph\">Segundo o Centro Nacional de Monitoramento e Alertas de Desastres Naturais (Cemaden), locais que j\u00e1 apresentam acumulados elevados podem ter <strong>risco de deslizamentos em encostas naturais e \u00e1reas urbanas<\/strong> durante a passagem do novo sistema.<\/p>\n\n\n\n<h2 class=\"wp-block-heading\"><strong>Sul concentra os maiores riscos<\/strong><\/h2>\n\n\n\n<p class=\"wp-block-paragraph\">A atua\u00e7\u00e3o do ciclone extratropical mant\u00e9m o tempo inst\u00e1vel inicialmente sobre o Sul do pa\u00eds. Entre as \u00e1reas consideradas mais suscet\u00edveis aos maiores volumes de chuva est\u00e3o a <strong>Serra Ga\u00facha, o Planalto Norte e a regi\u00e3o das Miss\u00f5es, no Rio Grande do Sul, al\u00e9m de grande parte de Santa Catarina<\/strong>.<\/p>\n\n\n\n<p class=\"wp-block-paragraph\">A combina\u00e7\u00e3o entre a chuva prevista e os volumes registrados anteriormente pode aumentar a possibilidade de <strong>enxurradas, extravasamento de c\u00f3rregos e alagamentos urbanos<\/strong>. Em alguns munic\u00edpios, a intensidade da precipita\u00e7\u00e3o pode superar a capacidade dos sistemas de drenagem.<\/p>\n\n\n\n<p class=\"wp-block-paragraph\">No Rio Grande do Sul, as bacias dos rios <strong>Taquari-Antas, Ca\u00ed e Sinos<\/strong> j\u00e1 apresentavam tend\u00eancia de eleva\u00e7\u00e3o dos n\u00edveis desde s\u00e1bado (29). A continuidade das chuvas pode agravar o cen\u00e1rio em \u00e1reas pr\u00f3ximas aos cursos d&#8217;\u00e1gua.<\/p>\n\n\n\n<p class=\"wp-block-paragraph\">Em <strong>Porto Alegre<\/strong>, al\u00e9m de cidades catarinenses como <strong>Crici\u00fama, Florian\u00f3polis, Joinville e Blumenau<\/strong>, e de <strong>Curitiba, no Paran\u00e1<\/strong>, o risco de alagamentos e enxurradas \u00e9 considerado moderado. Nessas localidades, a previs\u00e3o aponta chuva de intensidade moderada a forte.<\/p>\n\n\n\n<p class=\"wp-block-paragraph\">O risco de deslizamentos tamb\u00e9m \u00e9 classificado como moderado em determinadas \u00e1reas, especialmente por causa da combina\u00e7\u00e3o entre os acumulados das \u00faltimas 24 horas e a chuva prevista para segunda-feira.<\/p>\n\n\n\n<h2 class=\"wp-block-heading\"><strong>Frente fria avan\u00e7a e muda o tempo em S\u00e3o Paulo<\/strong><\/h2>\n\n\n\n<p class=\"wp-block-paragraph\">Depois de atuar sobre o Sul, a frente fria associada ao ciclone deve avan\u00e7ar em dire\u00e7\u00e3o ao Sudeste. A expectativa \u00e9 de que <strong>S\u00e3o Paulo e Rio de Janeiro<\/strong> tenham mudan\u00e7as mais significativas nas condi\u00e7\u00f5es meteorol\u00f3gicas a partir de ter\u00e7a-feira (1\u00ba).<\/p>\n\n\n\n<p class=\"wp-block-paragraph\">A passagem do sistema deve provocar chuva e ventos fortes. Em \u00e1reas paulistas, as <strong>rajadas podem chegar a aproximadamente 80 km\/h<\/strong>, segundo a previs\u00e3o apresentada pelo meteorologista Francisco.<\/p>\n\n\n\n<p class=\"wp-block-paragraph\">Al\u00e9m da instabilidade, a frente fria dever\u00e1 provocar <strong>queda nas temperaturas<\/strong>, principalmente ap\u00f3s seu avan\u00e7o pelo Centro-Sul.<\/p>\n\n\n\n<p class=\"wp-block-paragraph\">A diferen\u00e7a entre as massas de ar tamb\u00e9m pode favorecer a forma\u00e7\u00e3o de \u00e1reas de tempestade, aumentando a possibilidade de ocorr\u00eancias localizadas.<\/p>\n\n\n\n<h2 class=\"wp-block-heading\"><strong>Minas Gerais tamb\u00e9m entra no radar<\/strong><\/h2>\n\n\n\n<p class=\"wp-block-paragraph\">O avan\u00e7o da frente fria n\u00e3o deve se limitar aos estados inicialmente atingidos. A instabilidade tamb\u00e9m poder\u00e1 alcan\u00e7ar outras partes do Sudeste, com aten\u00e7\u00e3o especial para <strong>Minas Gerais<\/strong>.<\/p>\n\n\n\n<p class=\"wp-block-paragraph\">A previs\u00e3o indica possibilidade de <strong>granizo na ter\u00e7a-feira (1\u00ba)<\/strong>. O fen\u00f4meno preocupa principalmente as regi\u00f5es produtoras de caf\u00e9, onde tempestades localizadas podem provocar danos \u00e0s planta\u00e7\u00f5es.<\/p>\n\n\n\n<p class=\"wp-block-paragraph\">O cen\u00e1rio refor\u00e7a a necessidade de acompanhamento das atualiza\u00e7\u00f5es meteorol\u00f3gicas, j\u00e1 que a intensidade e a localiza\u00e7\u00e3o das \u00e1reas de instabilidade podem sofrer altera\u00e7\u00f5es conforme o sistema se desloca.<\/p>\n\n\n\n<h2 class=\"wp-block-heading\"><strong>Chuva forte exige aten\u00e7\u00e3o nas \u00e1reas vulner\u00e1veis<\/strong><\/h2>\n\n\n\n<p class=\"wp-block-paragraph\">Com a combina\u00e7\u00e3o de solo j\u00e1 \u00famido, novos volumes elevados de precipita\u00e7\u00e3o e ventos fortes, os principais riscos est\u00e3o relacionados a <strong>alagamentos, enxurradas, eleva\u00e7\u00e3o de rios, deslizamentos e queda de \u00e1rvores ou estruturas<\/strong>.<\/p>\n\n\n\n<p class=\"wp-block-paragraph\">A recomenda\u00e7\u00e3o para moradores de \u00e1reas sujeitas a alagamentos e encostas \u00e9 acompanhar os alertas oficiais e evitar locais de risco durante os per\u00edodos de tempestade.<\/p>\n\n\n\n<p class=\"wp-block-paragraph\">O sistema tamb\u00e9m deve provocar uma mudan\u00e7a nas temperaturas ap\u00f3s a passagem da frente fria, encerrando o per\u00edodo de calor em parte do Centro-Sul e dando lugar a condi\u00e7\u00f5es mais frias.<\/p>\n\n\n\n<p class=\"wp-block-paragraph\"><\/p>\n","protected":false},"excerpt":{"rendered":"<p>Moradores de Rio Grande do Sul, Santa Catarina, Paran\u00e1, Mato Grosso do Sul e S\u00e3o Paulo devem ficar atentos \u00e0 mudan\u00e7a nas condi\u00e7\u00f5es meteorol\u00f3gicas a partir desta segunda-feira (31). Um ciclone extratropical em forma\u00e7\u00e3o sobre a Regi\u00e3o Sul, associado a uma frente fria, deve intensificar a instabilidade e aumentar o risco de chuva forte, temporais, [&hellip;]<\/p>\n","protected":false},"author":9,"featured_media":22913,"comment_status":"closed","ping_status":"closed","sticky":false,"template":"","format":"standard","meta":{"jnews-multi-image_gallery":[],"jnews_single_post":{"format":"standard"},"jnews_primary_category":[],"jnews_social_meta":[],"jnews_post_split":[],"footnotes":""},"categories":[1],"tags":[],"class_list":["post-57242","post","type-post","status-publish","format-standard","has-post-thumbnail","hentry","category-geral"],"_referencia":"","_links":{"self":[{"href":"https:\/\/diariodocomercio.com.br\/mix\/wp-json\/wp\/v2\/posts\/57242","targetHints":{"allow":["GET"]}}],"collection":[{"href":"https:\/\/diariodocomercio.com.br\/mix\/wp-json\/wp\/v2\/posts"}],"about":[{"href":"https:\/\/diariodocomercio.com.br\/mix\/wp-json\/wp\/v2\/types\/post"}],"author":[{"embeddable":true,"href":"https:\/\/diariodocomercio.com.br\/mix\/wp-json\/wp\/v2\/users\/9"}],"replies":[{"embeddable":true,"href":"https:\/\/diariodocomercio.com.br\/mix\/wp-json\/wp\/v2\/comments?post=57242"}],"version-history":[{"count":1,"href":"https:\/\/diariodocomercio.com.br\/mix\/wp-json\/wp\/v2\/posts\/57242\/revisions"}],"predecessor-version":[{"id":57243,"href":"https:\/\/diariodocomercio.com.br\/mix\/wp-json\/wp\/v2\/posts\/57242\/revisions\/57243"}],"wp:featuredmedia":[{"embeddable":true,"href":"https:\/\/diariodocomercio.com.br\/mix\/wp-json\/wp\/v2\/media\/22913"}],"wp:attachment":[{"href":"https:\/\/diariodocomercio.com.br\/mix\/wp-json\/wp\/v2\/media?parent=57242"}],"wp:term":[{"taxonomy":"category","embeddable":true,"href":"https:\/\/diariodocomercio.com.br\/mix\/wp-json\/wp\/v2\/categories?post=57242"},{"taxonomy":"post_tag","embeddable":true,"href":"https:\/\/diariodocomercio.com.br\/mix\/wp-json\/wp\/v2\/tags?post=57242"}],"curies":[{"name":"wp","href":"https:\/\/api.w.org\/{rel}","templated":true}]}}