{"id":57244,"date":"2026-09-05T09:17:00","date_gmt":"2026-09-05T12:17:00","guid":{"rendered":"https:\/\/diariodocomercio.com.br\/mix\/?p=57244"},"modified":"2026-08-31T05:50:45","modified_gmt":"2026-08-31T08:50:45","slug":"unico-museu-publico-do-mundo-dedicado-a-globos-reune-mais-de-250-pecas-e-mostra-como-a-humanidade-aprendeu-a-desenhar-o-planeta","status":"publish","type":"post","link":"https:\/\/diariodocomercio.com.br\/mix\/unico-museu-publico-do-mundo-dedicado-a-globos-reune-mais-de-250-pecas-e-mostra-como-a-humanidade-aprendeu-a-desenhar-o-planeta\/","title":{"rendered":"\u00danico museu p\u00fablico do mundo dedicado a globos re\u00fane mais de 250 pe\u00e7as e mostra como a humanidade aprendeu a desenhar o planeta"},"content":{"rendered":"\n<p class=\"wp-block-paragraph\">Em meio \u00e0s atra\u00e7\u00f5es hist\u00f3ricas e movimentadas de Viena, na \u00c1ustria, existe um espa\u00e7o que transforma um objeto familiar em uma verdadeira viagem pela hist\u00f3ria da humanidade. Escondido no <strong>Palais Mollard<\/strong>, constru\u00e7\u00e3o do s\u00e9culo XVII, o <strong>Globe Museum<\/strong> \u00e9 considerado o \u00fanico museu p\u00fablico do mundo dedicado exclusivamente a globos e instrumentos relacionados a eles.<\/p>\n\n\n\n<p class=\"wp-block-paragraph\">A institui\u00e7\u00e3o, ligada \u00e0 Biblioteca Nacional Austr\u00edaca, re\u00fane atualmente <strong>mais de 820 objetos<\/strong>, dos quais aproximadamente <strong>250 integram a exposi\u00e7\u00e3o permanente<\/strong>. A cole\u00e7\u00e3o permite observar como diferentes sociedades compreenderam e representaram a Terra e o universo ao longo dos s\u00e9culos.<\/p>\n\n\n\n<p class=\"wp-block-paragraph\">Os globos preservados no museu funcionam como registros do conhecimento cient\u00edfico, da navega\u00e7\u00e3o, da arte e das mudan\u00e7as na percep\u00e7\u00e3o que a humanidade teve sobre o pr\u00f3prio planeta.<\/p>\n\n\n\n<p class=\"wp-block-paragraph\">Entre os objetos est\u00e3o exemplares produzidos antes de 1850, incluindo globos terrestres e celestes de diferentes tamanhos, instrumentos cient\u00edficos e representa\u00e7\u00f5es de outros corpos do Sistema Solar.<\/p>\n\n\n\n<p class=\"wp-block-paragraph\">Um dos destaques \u00e9 o <strong>globo de Gemmas Frisius, de 1536<\/strong>, considerado o mais antigo da \u00c1ustria e um dos mais antigos exemplares preservados no mundo. A cole\u00e7\u00e3o tamb\u00e9m guarda um globo de <strong>Gerard Mercator produzido em 1541<\/strong>, que pode ser analisado digitalmente para comparar os conhecimentos cartogr\u00e1ficos do s\u00e9culo XVI com as informa\u00e7\u00f5es dispon\u00edveis atualmente.<\/p>\n\n\n\n<p class=\"wp-block-paragraph\">Outro exemplar de destaque \u00e9 o globo terrestre produzido em <strong>1688 por Vincenzo Coronelli<\/strong>, famoso fabricante italiano que criou pe\u00e7as para figuras como o rei franc\u00eas Lu\u00eds XIV, o duque de Parma e o imperador Leopoldo I.<\/p>\n\n\n\n<p class=\"wp-block-paragraph\">O acervo inclui ainda a <em>Sphaera Stellifera<\/em>, um globo celeste da d\u00e9cada de 1620 com representa\u00e7\u00f5es de constela\u00e7\u00f5es e signos, al\u00e9m de exemplares dedicados \u00e0 Lua e a planetas do Sistema Solar.<\/p>\n\n\n\n<figure class=\"wp-block-embed is-type-video is-provider-youtube wp-block-embed-youtube wp-embed-aspect-16-9 wp-has-aspect-ratio\"><div class=\"wp-block-embed__wrapper\">\n<div class=\"jeg_video_container jeg_video_content\"><iframe loading=\"lazy\" title=\"Globe Museum \/ Vienna \/ Austria\" width=\"500\" height=\"281\" src=\"https:\/\/www.youtube.com\/embed\/Th4IwWLXFvY?feature=oembed\" frameborder=\"0\" allow=\"accelerometer; autoplay; clipboard-write; encrypted-media; gyroscope; picture-in-picture; web-share\" referrerpolicy=\"strict-origin-when-cross-origin\" allowfullscreen><\/iframe><\/div>\n<\/div><\/figure>\n\n\n\n<h2 class=\"wp-block-heading\"><strong>Museu tamb\u00e9m preserva instrumentos cient\u00edficos<\/strong><\/h2>\n\n\n\n<p class=\"wp-block-paragraph\">A experi\u00eancia come\u00e7a pelo chamado <strong>Golden Cabinet<\/strong>, ou Gabinete Dourado, uma sala ornamentada com pinturas e afrescos inspirados na mitologia grega.<\/p>\n\n\n\n<p class=\"wp-block-paragraph\">O ambiente abriga instrumentos como <strong>telluriums<\/strong>, utilizados para representar o movimento da Terra ao redor do Sol, e <strong>esferas armilares<\/strong>, estruturas formadas por an\u00e9is que ajudam a demonstrar os movimentos dos corpos celestes.<\/p>\n\n\n\n<p class=\"wp-block-paragraph\">A exposi\u00e7\u00e3o tamb\u00e9m utiliza recursos digitais para explicar como os globos eram produzidos e utilizados. Telas interativas apresentam informa\u00e7\u00f5es sobre a hist\u00f3ria dessas pe\u00e7as e mostram a evolu\u00e7\u00e3o at\u00e9 seus equivalentes digitais, conhecidos como <strong>hiperglobos<\/strong>.<\/p>\n\n\n\n<p class=\"wp-block-paragraph\">Dessa maneira, o visitante consegue compreender que os objetos tinham fun\u00e7\u00f5es muito diferentes ao longo do tempo: poderiam representar conhecimento cient\u00edfico, servir \u00e0 navega\u00e7\u00e3o, funcionar como s\u00edmbolos de prest\u00edgio ou simplesmente ser obras de arte.<\/p>\n\n\n\n<h2 class=\"wp-block-heading\"><strong>Hist\u00f3ria come\u00e7a antes do museu<\/strong><\/h2>\n\n\n\n<p class=\"wp-block-paragraph\">A rela\u00e7\u00e3o da atual Biblioteca Nacional Austr\u00edaca com globos \u00e9 muito mais antiga que o pr\u00f3prio museu, que hoje tem cerca de <strong>60 anos<\/strong>.<\/p>\n\n\n\n<p class=\"wp-block-paragraph\">Documentos hist\u00f3ricos indicam que globos j\u00e1 faziam parte da antiga Biblioteca da Corte Imperial durante o in\u00edcio da era moderna. Muitos desses objetos, por\u00e9m, desapareceram ao longo dos s\u00e9culos.<\/p>\n\n\n\n<p class=\"wp-block-paragraph\">Entre os exemplares historicamente associados \u00e0 corte estava uma esfera armilar atribu\u00edda a Martin Furtenbach, produzida por volta de 1535 para Raimund Fugger. Vincenzo Coronelli tamb\u00e9m manteve rela\u00e7\u00f5es cient\u00edficas e pessoais com a corte imperial e presenteou Leopoldo I com um par de globos de <strong>110 cent\u00edmetros<\/strong>, ricamente decorados com refer\u00eancias ao imperador.<\/p>\n\n\n<div class=\"wp-block-image\">\n<figure class=\"aligncenter size-full\"><img decoding=\"async\" width=\"768\" height=\"698\" src=\"https:\/\/diariodocomercio.com.br\/mix\/wp-content\/uploads\/2026\/08\/csm_HeroSlider2_d83faee2eb.jpg\" alt=\"globo museu\" class=\"wp-image-57248\" srcset=\"https:\/\/diariodocomercio.com.br\/mix\/wp-content\/uploads\/2026\/08\/csm_HeroSlider2_d83faee2eb.jpg 768w, https:\/\/diariodocomercio.com.br\/mix\/wp-content\/uploads\/2026\/08\/csm_HeroSlider2_d83faee2eb-300x273.jpg 300w, https:\/\/diariodocomercio.com.br\/mix\/wp-content\/uploads\/2026\/08\/csm_HeroSlider2_d83faee2eb-150x136.jpg 150w, https:\/\/diariodocomercio.com.br\/mix\/wp-content\/uploads\/2026\/08\/csm_HeroSlider2_d83faee2eb-750x682.jpg 750w\" sizes=\"(max-width: 768px) 100vw, 768px\" \/><figcaption class=\"wp-element-caption\">Foto: (Reprodu\u00e7\u00e3o\/Wikimedia Commons)<\/figcaption><\/figure>\n<\/div>\n\n\n<p class=\"wp-block-paragraph\">No come\u00e7o do s\u00e9culo XVIII, esses objetos passaram a ocupar posi\u00e7\u00f5es de destaque na biblioteca barroca da corte.<\/p>\n\n\n\n<p class=\"wp-block-paragraph\">A documenta\u00e7\u00e3o sobre novas aquisi\u00e7\u00f5es se torna mais consistente a partir da segunda metade do s\u00e9culo XIX. Em 1875, por exemplo, a institui\u00e7\u00e3o adquiriu dois globos de Gerard Mercator, de 1541 e 1551, que chegaram a ser considerados, equivocadamente, exemplares \u00fanicos pertencentes ao imperador Carlos V.<\/p>\n\n\n\n<h2 class=\"wp-block-heading\"><strong>Acervo cresceu ao longo do s\u00e9culo XX<\/strong><\/h2>\n\n\n\n<p class=\"wp-block-paragraph\">Em 1921, o ge\u00f3grafo vienense Eugen Oberhummer pesquisou os antigos globos existentes em Viena e encontrou uma cole\u00e7\u00e3o que j\u00e1 inclu\u00eda os grandes globos de Coronelli, exemplares de Blaeu, os Mercator e diferentes esferas armilares.<\/p>\n\n\n\n<p class=\"wp-block-paragraph\">No ano seguinte, dez desses objetos foram incorporados \u00e0 Cole\u00e7\u00e3o Geogr\u00e1fica. Durante o per\u00edodo entre guerras, entretanto, permaneceram praticamente afastados do interesse do p\u00fablico.<\/p>\n\n\n\n<p class=\"wp-block-paragraph\">Em 1948, um relat\u00f3rio do diretor da cole\u00e7\u00e3o registrava <strong>28 globos<\/strong> e observava que eles estavam entre os objetos menos utilizados da institui\u00e7\u00e3o.<\/p>\n\n\n\n<p class=\"wp-block-paragraph\">A situa\u00e7\u00e3o mudou posteriormente com a cria\u00e7\u00e3o e o desenvolvimento do Globe Museum, que passou a reunir, estudar, conservar e apresentar esses objetos de maneira dedicada.<\/p>\n\n\n\n<p class=\"wp-block-paragraph\"><\/p>\n","protected":false},"excerpt":{"rendered":"<p>Em meio \u00e0s atra\u00e7\u00f5es hist\u00f3ricas e movimentadas de Viena, na \u00c1ustria, existe um espa\u00e7o que transforma um objeto familiar em uma verdadeira viagem pela hist\u00f3ria da humanidade. Escondido no Palais Mollard, constru\u00e7\u00e3o do s\u00e9culo XVII, o Globe Museum \u00e9 considerado o \u00fanico museu p\u00fablico do mundo dedicado exclusivamente a globos e instrumentos relacionados a eles. [&hellip;]<\/p>\n","protected":false},"author":9,"featured_media":57245,"comment_status":"closed","ping_status":"closed","sticky":false,"template":"","format":"standard","meta":{"jnews-multi-image_gallery":[],"jnews_single_post":{"format":"standard"},"jnews_primary_category":[],"jnews_social_meta":[],"jnews_post_split":[],"footnotes":""},"categories":[1],"tags":[],"class_list":["post-57244","post","type-post","status-publish","format-standard","has-post-thumbnail","hentry","category-geral"],"_referencia":"","_links":{"self":[{"href":"https:\/\/diariodocomercio.com.br\/mix\/wp-json\/wp\/v2\/posts\/57244","targetHints":{"allow":["GET"]}}],"collection":[{"href":"https:\/\/diariodocomercio.com.br\/mix\/wp-json\/wp\/v2\/posts"}],"about":[{"href":"https:\/\/diariodocomercio.com.br\/mix\/wp-json\/wp\/v2\/types\/post"}],"author":[{"embeddable":true,"href":"https:\/\/diariodocomercio.com.br\/mix\/wp-json\/wp\/v2\/users\/9"}],"replies":[{"embeddable":true,"href":"https:\/\/diariodocomercio.com.br\/mix\/wp-json\/wp\/v2\/comments?post=57244"}],"version-history":[{"count":3,"href":"https:\/\/diariodocomercio.com.br\/mix\/wp-json\/wp\/v2\/posts\/57244\/revisions"}],"predecessor-version":[{"id":57954,"href":"https:\/\/diariodocomercio.com.br\/mix\/wp-json\/wp\/v2\/posts\/57244\/revisions\/57954"}],"wp:featuredmedia":[{"embeddable":true,"href":"https:\/\/diariodocomercio.com.br\/mix\/wp-json\/wp\/v2\/media\/57245"}],"wp:attachment":[{"href":"https:\/\/diariodocomercio.com.br\/mix\/wp-json\/wp\/v2\/media?parent=57244"}],"wp:term":[{"taxonomy":"category","embeddable":true,"href":"https:\/\/diariodocomercio.com.br\/mix\/wp-json\/wp\/v2\/categories?post=57244"},{"taxonomy":"post_tag","embeddable":true,"href":"https:\/\/diariodocomercio.com.br\/mix\/wp-json\/wp\/v2\/tags?post=57244"}],"curies":[{"name":"wp","href":"https:\/\/api.w.org\/{rel}","templated":true}]}}