{"id":57257,"date":"2026-08-31T13:52:00","date_gmt":"2026-08-31T16:52:00","guid":{"rendered":"https:\/\/diariodocomercio.com.br\/mix\/?p=57257"},"modified":"2026-08-31T06:21:57","modified_gmt":"2026-08-31T09:21:57","slug":"motoristas-com-mais-de-70-anos-recebem-alerta-e-podem-perder-a-cnh-apos-novas-exigencias","status":"publish","type":"post","link":"https:\/\/diariodocomercio.com.br\/mix\/motoristas-com-mais-de-70-anos-recebem-alerta-e-podem-perder-a-cnh-apos-novas-exigencias\/","title":{"rendered":"Motoristas com mais de 70 anos recebem alerta e podem perder a CNH ap\u00f3s novas exig\u00eancias"},"content":{"rendered":"\n<p class=\"wp-block-paragraph\">Motoristas brasileiros com <strong>70 anos ou mais<\/strong> precisam ficar atentos \u00e0s regras de renova\u00e7\u00e3o da Carteira Nacional de Habilita\u00e7\u00e3o (CNH). Nessa faixa et\u00e1ria, o documento tem validade m\u00e1xima de tr\u00eas anos e o processo exige acompanhamento mais pr\u00f3ximo das condi\u00e7\u00f5es f\u00edsicas e cognitivas do condutor. Dependendo do resultado das avalia\u00e7\u00f5es, o prazo pode ser reduzido, a habilita\u00e7\u00e3o pode receber restri\u00e7\u00f5es ou, em determinadas situa\u00e7\u00f5es, a renova\u00e7\u00e3o pode ser negada.<\/p>\n\n\n\n<p class=\"wp-block-paragraph\">A medida busca verificar se o envelhecimento ou eventuais problemas de sa\u00fade comprometeram capacidades necess\u00e1rias para dirigir com seguran\u00e7a. O procedimento, por\u00e9m, n\u00e3o significa que todo motorista idoso perder\u00e1 automaticamente o direito de conduzir.<\/p>\n\n\n\n<p class=\"wp-block-paragraph\">O processo come\u00e7a com o <strong>agendamento no Detran<\/strong> do estado onde o motorista est\u00e1 habilitado. Conforme a unidade da Federa\u00e7\u00e3o, parte dos procedimentos pode ser realizada pela internet, enquanto outras etapas exigem atendimento presencial.<\/p>\n\n\n\n<p class=\"wp-block-paragraph\">Depois da solicita\u00e7\u00e3o, o condutor deve quitar a taxa correspondente e realizar os exames exigidos por profissionais credenciados. A avalia\u00e7\u00e3o considera aspectos fundamentais para a condu\u00e7\u00e3o, como <strong>vis\u00e3o, audi\u00e7\u00e3o, condi\u00e7\u00f5es f\u00edsicas, reflexos e capacidade cognitiva<\/strong>.<\/p>\n\n\n\n<p class=\"wp-block-paragraph\">Motoristas que exercem atividade remunerada ao volante tamb\u00e9m podem precisar passar por avalia\u00e7\u00e3o psicol\u00f3gica. O m\u00e9dico examinador ainda pode solicitar exames ou laudos complementares quando identificar alguma condi\u00e7\u00e3o que necessite de investiga\u00e7\u00e3o.<\/p>\n\n\n\n<p class=\"wp-block-paragraph\">Outra etapa pode envolver a atualiza\u00e7\u00e3o de <strong>fotografia, assinatura e dados biom\u00e9tricos<\/strong>, conforme as exig\u00eancias do \u00f3rg\u00e3o de tr\u00e2nsito.<\/p>\n\n\n\n<p class=\"wp-block-paragraph\">Com a aprova\u00e7\u00e3o em todas as fases, a nova CNH \u00e9 emitida e pode ser recebida pelo endere\u00e7o informado ou retirada presencialmente, de acordo com as op\u00e7\u00f5es dispon\u00edveis.<\/p>\n\n\n\n<h2 class=\"wp-block-heading\"><strong>Doen\u00e7as podem interferir na habilita\u00e7\u00e3o<\/strong><\/h2>\n\n\n\n<p class=\"wp-block-paragraph\">A avalia\u00e7\u00e3o m\u00e9dica tem papel central na renova\u00e7\u00e3o dos condutores mais velhos. O objetivo \u00e9 identificar condi\u00e7\u00f5es que possam prejudicar a capacidade de rea\u00e7\u00e3o, percep\u00e7\u00e3o ou tomada de decis\u00e3o no tr\u00e2nsito.<\/p>\n\n\n\n<p class=\"wp-block-paragraph\">Entre os problemas que podem exigir aten\u00e7\u00e3o est\u00e3o <strong>glaucoma, catarata, perda significativa de audi\u00e7\u00e3o, altera\u00e7\u00f5es cognitivas, sequelas de acidente vascular cerebral (AVC), Parkinson, Alzheimer, diabetes descompensada e doen\u00e7as card\u00edacas graves<\/strong>.<\/p>\n\n\n\n<p class=\"wp-block-paragraph\">Uma eventual doen\u00e7a, entretanto, n\u00e3o significa automaticamente que o motorista ficar\u00e1 impedido de dirigir. A decis\u00e3o depende da avalia\u00e7\u00e3o das condi\u00e7\u00f5es individuais e do impacto da limita\u00e7\u00e3o sobre a seguran\u00e7a no tr\u00e2nsito.<\/p>\n\n\n\n<p class=\"wp-block-paragraph\">Quando o examinador identifica uma condi\u00e7\u00e3o que exige acompanhamento mais frequente, o prazo de validade pode ser inferior aos tr\u00eas anos previstos para a faixa et\u00e1ria.<\/p>\n\n\n\n<h2 class=\"wp-block-heading\"><strong>CNH pode ser concedida com restri\u00e7\u00f5es<\/strong><\/h2>\n\n\n\n<p class=\"wp-block-paragraph\">Em determinadas situa\u00e7\u00f5es, o motorista pode continuar habilitado, mas sob condi\u00e7\u00f5es espec\u00edficas. Entre as possibilidades est\u00e3o a <strong>necessidade de adapta\u00e7\u00f5es no ve\u00edculo<\/strong> ou limita\u00e7\u00f5es relacionadas aos hor\u00e1rios e locais em que o condutor poder\u00e1 dirigir.<\/p>\n\n\n\n<p class=\"wp-block-paragraph\">Dependendo da gravidade da condi\u00e7\u00e3o identificada, podem existir restri\u00e7\u00f5es para trafegar \u00e0 noite ou em rodovias. Se a avalia\u00e7\u00e3o concluir que n\u00e3o h\u00e1 condi\u00e7\u00f5es seguras para a condu\u00e7\u00e3o, a renova\u00e7\u00e3o poder\u00e1 ser impedida.<\/p>\n\n\n\n<p class=\"wp-block-paragraph\">Tamb\u00e9m \u00e9 importante que o motorista convocado para avalia\u00e7\u00f5es obrigat\u00f3rias compare\u00e7a dentro do prazo determinado. A aus\u00eancia injustificada em procedimentos exigidos pelo \u00f3rg\u00e3o de tr\u00e2nsito pode levar ao <strong>recolhimento administrativo-preventivo da CNH<\/strong>.<\/p>\n\n\n\n<h2 class=\"wp-block-heading\"><strong>Renova\u00e7\u00e3o muda conforme a idade<\/strong><\/h2>\n\n\n\n<p class=\"wp-block-paragraph\">As regras de validade da habilita\u00e7\u00e3o variam de acordo com a idade do condutor.<\/p>\n\n\n\n<p class=\"wp-block-paragraph\">Para motoristas <strong>com menos de 50 anos<\/strong>, a CNH pode ter validade de at\u00e9 10 anos. Entre <strong>50 e 69 anos<\/strong>, o prazo m\u00e1ximo \u00e9 de cinco anos.<\/p>\n\n\n\n<p class=\"wp-block-paragraph\">A partir dos <strong>70 anos<\/strong>, a renova\u00e7\u00e3o passa a ocorrer, em regra, a cada <strong>tr\u00eas anos<\/strong>. O m\u00e9dico examinador, contudo, pode estabelecer um per\u00edodo ainda menor quando identificar uma condi\u00e7\u00e3o degenerativa ou outro problema que exija acompanhamento em intervalo mais curto.<\/p>\n\n\n\n<p class=\"wp-block-paragraph\">H\u00e1 ainda mecanismos relacionados ao Registro Nacional Positivo de Condutores (RNPC), que podem permitir renova\u00e7\u00e3o autom\u00e1tica para determinados motoristas que atendam aos crit\u00e9rios estabelecidos.<\/p>\n\n\n\n<p class=\"wp-block-paragraph\"><\/p>\n","protected":false},"excerpt":{"rendered":"<p>Motoristas brasileiros com 70 anos ou mais precisam ficar atentos \u00e0s regras de renova\u00e7\u00e3o da Carteira Nacional de Habilita\u00e7\u00e3o (CNH). Nessa faixa et\u00e1ria, o documento tem validade m\u00e1xima de tr\u00eas anos e o processo exige acompanhamento mais pr\u00f3ximo das condi\u00e7\u00f5es f\u00edsicas e cognitivas do condutor. Dependendo do resultado das avalia\u00e7\u00f5es, o prazo pode ser reduzido, [&hellip;]<\/p>\n","protected":false},"author":9,"featured_media":5445,"comment_status":"closed","ping_status":"closed","sticky":false,"template":"","format":"standard","meta":{"jnews-multi-image_gallery":[],"jnews_single_post":{"format":"standard"},"jnews_primary_category":[],"jnews_social_meta":[],"jnews_post_split":[],"footnotes":""},"categories":[1],"tags":[],"class_list":["post-57257","post","type-post","status-publish","format-standard","has-post-thumbnail","hentry","category-geral"],"_referencia":"","_links":{"self":[{"href":"https:\/\/diariodocomercio.com.br\/mix\/wp-json\/wp\/v2\/posts\/57257","targetHints":{"allow":["GET"]}}],"collection":[{"href":"https:\/\/diariodocomercio.com.br\/mix\/wp-json\/wp\/v2\/posts"}],"about":[{"href":"https:\/\/diariodocomercio.com.br\/mix\/wp-json\/wp\/v2\/types\/post"}],"author":[{"embeddable":true,"href":"https:\/\/diariodocomercio.com.br\/mix\/wp-json\/wp\/v2\/users\/9"}],"replies":[{"embeddable":true,"href":"https:\/\/diariodocomercio.com.br\/mix\/wp-json\/wp\/v2\/comments?post=57257"}],"version-history":[{"count":1,"href":"https:\/\/diariodocomercio.com.br\/mix\/wp-json\/wp\/v2\/posts\/57257\/revisions"}],"predecessor-version":[{"id":57258,"href":"https:\/\/diariodocomercio.com.br\/mix\/wp-json\/wp\/v2\/posts\/57257\/revisions\/57258"}],"wp:featuredmedia":[{"embeddable":true,"href":"https:\/\/diariodocomercio.com.br\/mix\/wp-json\/wp\/v2\/media\/5445"}],"wp:attachment":[{"href":"https:\/\/diariodocomercio.com.br\/mix\/wp-json\/wp\/v2\/media?parent=57257"}],"wp:term":[{"taxonomy":"category","embeddable":true,"href":"https:\/\/diariodocomercio.com.br\/mix\/wp-json\/wp\/v2\/categories?post=57257"},{"taxonomy":"post_tag","embeddable":true,"href":"https:\/\/diariodocomercio.com.br\/mix\/wp-json\/wp\/v2\/tags?post=57257"}],"curies":[{"name":"wp","href":"https:\/\/api.w.org\/{rel}","templated":true}]}}