{"id":57259,"date":"2026-08-31T16:03:00","date_gmt":"2026-08-31T19:03:00","guid":{"rendered":"https:\/\/diariodocomercio.com.br\/mix\/?p=57259"},"modified":"2026-08-31T06:27:52","modified_gmt":"2026-08-31T09:27:52","slug":"apos-confirmacao-de-fenomeno-perigoso-cidade-brasileira-investe-r-1-milhao-para-proteger-a-populacao","status":"publish","type":"post","link":"https:\/\/diariodocomercio.com.br\/mix\/apos-confirmacao-de-fenomeno-perigoso-cidade-brasileira-investe-r-1-milhao-para-proteger-a-populacao\/","title":{"rendered":"Ap\u00f3s confirma\u00e7\u00e3o de fen\u00f4meno perigoso, cidade brasileira investe R$ 1 milh\u00e3o para proteger a popula\u00e7\u00e3o"},"content":{"rendered":"\n<p class=\"wp-block-paragraph\">O hist\u00f3rico de enchentes colocou <strong>Rio do Sul, no Vale do Itaja\u00ed, em Santa Catarina<\/strong>, em estado permanente de aten\u00e7\u00e3o diante das mudan\u00e7as no comportamento do clima. Com a confirma\u00e7\u00e3o da atua\u00e7\u00e3o do <strong>El Ni\u00f1o<\/strong>, fen\u00f4meno conhecido por alterar os padr\u00f5es de chuva e temperatura em diferentes partes do mundo, o munic\u00edpio decidiu refor\u00e7ar a prepara\u00e7\u00e3o para poss\u00edveis desastres. A Secretaria de Assist\u00eancia e Desenvolvimento Social prev\u00ea investir <strong>R$ 1 milh\u00e3o na estrutura dos abrigos<\/strong> destinados a moradores que eventualmente precisem deixar suas casas durante per\u00edodos de cheia.<\/p>\n\n\n\n<p class=\"wp-block-paragraph\">A estrat\u00e9gia considera principalmente a experi\u00eancia acumulada pela cidade, frequentemente afetada por chuvas intensas e inunda\u00e7\u00f5es. O chamado \u201cfantasma da enchente\u201d permanece presente na rotina da popula\u00e7\u00e3o e leva o poder p\u00fablico a antecipar medidas de assist\u00eancia antes que ocorram novos epis\u00f3dios extremos.<\/p>\n\n\n\n<p class=\"wp-block-paragraph\">O investimento dever\u00e1 ampliar as condi\u00e7\u00f5es para receber pessoas desalojadas e faz parte de uma prepara\u00e7\u00e3o mais abrangente diante da influ\u00eancia do fen\u00f4meno clim\u00e1tico.<\/p>\n\n\n\n<h2 class=\"wp-block-heading\"><strong>El Ni\u00f1o aumenta preocupa\u00e7\u00e3o em Santa Catarina<\/strong><\/h2>\n\n\n\n<p class=\"wp-block-paragraph\">A possibilidade de ocorr\u00eancia do El Ni\u00f1o j\u00e1 havia mobilizado \u00f3rg\u00e3os de monitoramento clim\u00e1tico e de defesa civil. Proje\u00e7\u00f5es do <strong>Climate Prediction Center<\/strong>, dos Estados Unidos, apontavam inicialmente uma probabilidade de 80% de forma\u00e7\u00e3o do fen\u00f4meno entre julho e agosto de 2026.<\/p>\n\n\n\n<p class=\"wp-block-paragraph\">A expectativa era de que o epis\u00f3dio permanecesse ativo durante a primavera e o ver\u00e3o, com <strong>25% de possibilidade de atingir intensidade muito forte<\/strong>. O r\u00e1pido aquecimento das \u00e1guas do Pac\u00edfico Equatorial foi um dos principais sinais considerados pelos especialistas.<\/p>\n\n\n\n<p class=\"wp-block-paragraph\">Em Santa Catarina, a <strong>Defesa Civil e a Epagri\/Ciram<\/strong> acompanham a evolu\u00e7\u00e3o das condi\u00e7\u00f5es meteorol\u00f3gicas e seus poss\u00edveis efeitos sobre \u00e1reas urbanas e rurais. A preocupa\u00e7\u00e3o n\u00e3o se limita \u00e0s cidades: agricultura e pecu\u00e1ria tamb\u00e9m podem ser afetadas por altera\u00e7\u00f5es no regime de chuvas e temperaturas.<\/p>\n\n\n\n<p class=\"wp-block-paragraph\">Apesar dos sinais de fortalecimento do fen\u00f4meno, ainda existem incertezas relacionadas \u00e0 dura\u00e7\u00e3o e \u00e0 intensidade que o El Ni\u00f1o poder\u00e1 alcan\u00e7ar.<\/p>\n\n\n\n<h2 class=\"wp-block-heading\"><strong>Cidade se prepara para poss\u00edveis novas enchentes<\/strong><\/h2>\n\n\n\n<p class=\"wp-block-paragraph\">Em Rio do Sul, a prepara\u00e7\u00e3o concentra aten\u00e7\u00e3o especial na assist\u00eancia \u00e0s fam\u00edlias atingidas por cheias. O munic\u00edpio possui hist\u00f3rico de eventos de inunda\u00e7\u00e3o e, por isso, a estrutura de abrigamento \u00e9 considerada uma das \u00e1reas priorit\u00e1rias para preven\u00e7\u00e3o.<\/p>\n\n\n\n<p class=\"wp-block-paragraph\">O investimento de <strong>R$ 1 milh\u00e3o<\/strong> previsto para este ano busca garantir melhores condi\u00e7\u00f5es para acolher moradores desalojados caso as \u00e1guas voltem a atingir \u00e1reas residenciais.<\/p>\n\n\n\n<p class=\"wp-block-paragraph\">A preocupa\u00e7\u00e3o ganha for\u00e7a porque altera\u00e7\u00f5es no padr\u00e3o de precipita\u00e7\u00e3o podem favorecer epis\u00f3dios de chuva intensa em determinadas regi\u00f5es. Para uma cidade que j\u00e1 enfrenta recorrentes problemas relacionados \u00e0s cheias, a prepara\u00e7\u00e3o antecipada pode reduzir os impactos sobre a popula\u00e7\u00e3o.<\/p>\n\n\n\n<h2 class=\"wp-block-heading\"><strong>Fen\u00f4meno tamb\u00e9m preocupa setor de sa\u00fade<\/strong><\/h2>\n\n\n\n<p class=\"wp-block-paragraph\">Os efeitos esperados do El Ni\u00f1o n\u00e3o est\u00e3o restritos aos eventos meteorol\u00f3gicos. O governo federal desenvolveu o <strong>Plano de Prepara\u00e7\u00e3o e Resposta a Emerg\u00eancias em Sa\u00fade P\u00fablica associadas ao El Ni\u00f1o 2026-2027<\/strong>, dentro das estrat\u00e9gias do plano setorial de sa\u00fade <strong>AdaptaSUS<\/strong>.<\/p>\n\n\n\n<p class=\"wp-block-paragraph\">A iniciativa re\u00fane medidas para preparar os servi\u00e7os p\u00fablicos diante de poss\u00edveis impactos provocados pelas altera\u00e7\u00f5es clim\u00e1ticas.<\/p>\n\n\n\n<p class=\"wp-block-paragraph\">De acordo com o planejamento, mudan\u00e7as no clima podem aumentar a ocorr\u00eancia de doen\u00e7as e mortes e tamb\u00e9m elevar a procura por atendimento m\u00e9dico. Dessa forma, per\u00edodos de enchentes, calor intenso ou outros eventos extremos podem pressionar simultaneamente a infraestrutura urbana e os servi\u00e7os de sa\u00fade.<\/p>\n\n\n\n<h2 class=\"wp-block-heading\"><strong>O que \u00e9 o El Ni\u00f1o?<\/strong><\/h2>\n\n\n\n<p class=\"wp-block-paragraph\">O <strong>El Ni\u00f1o \u00e9 um fen\u00f4meno clim\u00e1tico natural caracterizado pelo aquecimento anormal das \u00e1guas superficiais do Oceano Pac\u00edfico Equatorial<\/strong>. Essa altera\u00e7\u00e3o modifica a circula\u00e7\u00e3o atmosf\u00e9rica, os ventos e a distribui\u00e7\u00e3o das chuvas em diferentes regi\u00f5es do planeta.<\/p>\n\n\n\n<p class=\"wp-block-paragraph\">Os efeitos n\u00e3o s\u00e3o iguais em todos os lugares. Dependendo da intensidade do epis\u00f3dio e da intera\u00e7\u00e3o com outros sistemas atmosf\u00e9ricos, algumas \u00e1reas podem enfrentar mais chuva, enquanto outras passam por per\u00edodos de estiagem ou temperaturas acima do normal.<\/p>\n\n\n\n<p class=\"wp-block-paragraph\">\u00c9 justamente essa variabilidade que mant\u00e9m \u00f3rg\u00e3os meteorol\u00f3gicos em alerta. Em Rio do Sul, a experi\u00eancia com enchentes faz com que a prepara\u00e7\u00e3o ocorra antes da chegada de eventuais eventos severos.<\/p>\n\n\n\n<p class=\"wp-block-paragraph\"><\/p>\n","protected":false},"excerpt":{"rendered":"<p>O hist\u00f3rico de enchentes colocou Rio do Sul, no Vale do Itaja\u00ed, em Santa Catarina, em estado permanente de aten\u00e7\u00e3o diante das mudan\u00e7as no comportamento do clima. Com a confirma\u00e7\u00e3o da atua\u00e7\u00e3o do El Ni\u00f1o, fen\u00f4meno conhecido por alterar os padr\u00f5es de chuva e temperatura em diferentes partes do mundo, o munic\u00edpio decidiu refor\u00e7ar a [&hellip;]<\/p>\n","protected":false},"author":9,"featured_media":57260,"comment_status":"closed","ping_status":"closed","sticky":false,"template":"","format":"standard","meta":{"jnews-multi-image_gallery":[],"jnews_single_post":{"format":"standard"},"jnews_primary_category":[],"jnews_social_meta":[],"jnews_post_split":[],"footnotes":""},"categories":[1],"tags":[],"class_list":["post-57259","post","type-post","status-publish","format-standard","has-post-thumbnail","hentry","category-geral"],"_referencia":"","_links":{"self":[{"href":"https:\/\/diariodocomercio.com.br\/mix\/wp-json\/wp\/v2\/posts\/57259","targetHints":{"allow":["GET"]}}],"collection":[{"href":"https:\/\/diariodocomercio.com.br\/mix\/wp-json\/wp\/v2\/posts"}],"about":[{"href":"https:\/\/diariodocomercio.com.br\/mix\/wp-json\/wp\/v2\/types\/post"}],"author":[{"embeddable":true,"href":"https:\/\/diariodocomercio.com.br\/mix\/wp-json\/wp\/v2\/users\/9"}],"replies":[{"embeddable":true,"href":"https:\/\/diariodocomercio.com.br\/mix\/wp-json\/wp\/v2\/comments?post=57259"}],"version-history":[{"count":1,"href":"https:\/\/diariodocomercio.com.br\/mix\/wp-json\/wp\/v2\/posts\/57259\/revisions"}],"predecessor-version":[{"id":57261,"href":"https:\/\/diariodocomercio.com.br\/mix\/wp-json\/wp\/v2\/posts\/57259\/revisions\/57261"}],"wp:featuredmedia":[{"embeddable":true,"href":"https:\/\/diariodocomercio.com.br\/mix\/wp-json\/wp\/v2\/media\/57260"}],"wp:attachment":[{"href":"https:\/\/diariodocomercio.com.br\/mix\/wp-json\/wp\/v2\/media?parent=57259"}],"wp:term":[{"taxonomy":"category","embeddable":true,"href":"https:\/\/diariodocomercio.com.br\/mix\/wp-json\/wp\/v2\/categories?post=57259"},{"taxonomy":"post_tag","embeddable":true,"href":"https:\/\/diariodocomercio.com.br\/mix\/wp-json\/wp\/v2\/tags?post=57259"}],"curies":[{"name":"wp","href":"https:\/\/api.w.org\/{rel}","templated":true}]}}