{"id":57270,"date":"2026-08-31T20:19:00","date_gmt":"2026-08-31T23:19:00","guid":{"rendered":"https:\/\/diariodocomercio.com.br\/mix\/?p=57270"},"modified":"2026-08-31T07:15:58","modified_gmt":"2026-08-31T10:15:58","slug":"criancas-e-adolescentes-podem-usar-canetas-emagrecedoras-veja-o-que-dizem-os-especialistas","status":"publish","type":"post","link":"https:\/\/diariodocomercio.com.br\/mix\/criancas-e-adolescentes-podem-usar-canetas-emagrecedoras-veja-o-que-dizem-os-especialistas\/","title":{"rendered":"Crian\u00e7as e adolescentes podem usar canetas emagrecedoras? Veja o que dizem os especialistas"},"content":{"rendered":"\n<p class=\"wp-block-paragraph\">O uso de <strong>canetas emagrecedoras por crian\u00e7as e adolescentes<\/strong> passou a preocupar especialistas ap\u00f3s v\u00eddeos de pais aplicando medicamentos nos pr\u00f3prios filhos ganharem repercuss\u00e3o nas redes sociais. Diante do aumento da exposi\u00e7\u00e3o a esses produtos, a Sociedade Brasileira de Pediatria (SBP) publicou um alerta sobre os poss\u00edveis riscos para pessoas que ainda est\u00e3o em fase de desenvolvimento.<\/p>\n\n\n\n<p class=\"wp-block-paragraph\">Os medicamentos que ganharam popularidade para emagrecimento pertencem, em muitos casos, \u00e0 classe dos agonistas do receptor de <strong>GLP-1<\/strong>, horm\u00f4nio produzido naturalmente pelo organismo. Entre os princ\u00edpios ativos dessa categoria est\u00e3o subst\u00e2ncias como semaglutida e tirzepatida.<\/p>\n\n\n\n<p class=\"wp-block-paragraph\">A SBP chama aten\u00e7\u00e3o principalmente para o risco de transformar o uso desses medicamentos em uma pr\u00e1tica sem acompanhamento adequado. Em crian\u00e7as e adolescentes, a avalia\u00e7\u00e3o precisa considerar n\u00e3o apenas o peso, mas tamb\u00e9m crescimento, desenvolvimento f\u00edsico, alimenta\u00e7\u00e3o, condi\u00e7\u00f5es de sa\u00fade e est\u00e1gio de matura\u00e7\u00e3o.<\/p>\n\n\n<div class=\"wp-block-image\">\n<figure class=\"aligncenter size-full\"><img decoding=\"async\" width=\"1200\" height=\"800\" src=\"https:\/\/diariodocomercio.com.br\/mix\/wp-content\/uploads\/2025\/11\/image-175.png\" alt=\"mounjaro\" class=\"wp-image-27323\" srcset=\"https:\/\/diariodocomercio.com.br\/mix\/wp-content\/uploads\/2025\/11\/image-175.png 1200w, https:\/\/diariodocomercio.com.br\/mix\/wp-content\/uploads\/2025\/11\/image-175-300x200.png 300w, https:\/\/diariodocomercio.com.br\/mix\/wp-content\/uploads\/2025\/11\/image-175-768x512.png 768w, https:\/\/diariodocomercio.com.br\/mix\/wp-content\/uploads\/2025\/11\/image-175-150x100.png 150w, https:\/\/diariodocomercio.com.br\/mix\/wp-content\/uploads\/2025\/11\/image-175-750x500.png 750w, https:\/\/diariodocomercio.com.br\/mix\/wp-content\/uploads\/2025\/11\/image-175-1140x760.png 1140w\" sizes=\"(max-width: 1200px) 100vw, 1200px\" \/><figcaption class=\"wp-element-caption\">(Reprodu\u00e7\u00e3o\/Shutterstock)<\/figcaption><\/figure>\n<\/div>\n\n\n<h2 class=\"wp-block-heading\"><strong>V\u00eddeos nas redes sociais aumentam preocupa\u00e7\u00e3o<\/strong><\/h2>\n\n\n\n<p class=\"wp-block-paragraph\">O alerta da entidade ocorreu ap\u00f3s publica\u00e7\u00f5es de m\u00e3es utilizando medicamentos para emagrecimento em seus filhos circularem nas redes sociais.<\/p>\n\n\n\n<p class=\"wp-block-paragraph\">Em uma das grava\u00e7\u00f5es, uma m\u00e3e afirma aplicar o medicamento na filha de 17 anos por recomenda\u00e7\u00e3o m\u00e9dica. Em outra publica\u00e7\u00e3o, uma mulher relata ter levado a filha, de 11 anos e 70 quilos, a um m\u00e9dico e recebido indica\u00e7\u00e3o para utiliza\u00e7\u00e3o da tirzepatida.<\/p>\n\n\n\n<p class=\"wp-block-paragraph\">A exposi\u00e7\u00e3o desses casos ocorre em meio \u00e0 explos\u00e3o da popularidade das chamadas canetas emagrecedoras. O interesse por medicamentos como o Ozempic cresceu rapidamente nas plataformas digitais. V\u00eddeos associados \u00e0 hashtag #Ozempic no TikTok, por exemplo, passaram de cerca de <strong>2 milh\u00f5es de visualiza\u00e7\u00f5es em 2021 para mais de 1,2 bilh\u00e3o em 2023<\/strong>.<\/p>\n\n\n\n<p class=\"wp-block-paragraph\">A populariza\u00e7\u00e3o tamb\u00e9m contribuiu para o aumento das prescri\u00e7\u00f5es, inclusive entre adolescentes.<\/p>\n\n\n\n<h2 class=\"wp-block-heading\"><strong>Uso entre adolescentes cresceu quase 600%<\/strong><\/h2>\n\n\n\n<p class=\"wp-block-paragraph\">Nos Estados Unidos, o uso de medicamentos da classe dos GLP-1 entre adolescentes aumentou <strong>quase 600% em cinco anos<\/strong>, segundo dados publicados no JAMA.<\/p>\n\n\n\n<p class=\"wp-block-paragraph\">O crescimento est\u00e1 relacionado \u00e0 expans\u00e3o dos tratamentos contra a obesidade infantil e \u00e0s autoriza\u00e7\u00f5es regulat\u00f3rias para determinados medicamentos a partir dos 12 anos no pa\u00eds. Entretanto, a disponibilidade e as regras variam de acordo com cada localidade.<\/p>\n\n\n\n<p class=\"wp-block-paragraph\">Pesquisadores da Universidade Yale estimam que aproximadamente <strong>17 milh\u00f5es de adolescentes e jovens adultos norte-americanos entre 12 e 25 anos<\/strong> poderiam atender atualmente aos crit\u00e9rios para algum tipo de terapia com GLP-1.<\/p>\n\n\n\n<p class=\"wp-block-paragraph\">Apesar do aumento da procura, o acesso ainda \u00e9 limitado. Um estudo publicado no JAMA Pediatrics, que analisou mais de <strong>2 milh\u00f5es de adolescentes com obesidade<\/strong>, apontou que menos de 1% havia recebido prescri\u00e7\u00e3o de um medicamento dessa classe. Entre os obst\u00e1culos est\u00e3o principalmente custos elevados e dificuldades de cobertura por seguros de sa\u00fade.<\/p>\n\n\n\n<h2 class=\"wp-block-heading\"><strong>Por que especialistas recomendam cautela?<\/strong><\/h2>\n\n\n\n<p class=\"wp-block-paragraph\">Os agonistas de GLP-1 atuam em mecanismos relacionados \u00e0 saciedade, ao controle da glicose e ao funcionamento do sistema digestivo. Medicamentos mais recentes dessa classe ganharam espa\u00e7o no tratamento da obesidade e do diabetes tipo 2.<\/p>\n\n\n\n<p class=\"wp-block-paragraph\">Embora estudos apontem benef\u00edcios importantes para determinados pacientes, especialistas destacam que ainda existem <strong>lacunas nas evid\u00eancias espec\u00edficas para crian\u00e7as e adolescentes<\/strong>, principalmente quando se considera o uso prolongado.<\/p>\n\n\n\n<p class=\"wp-block-paragraph\">Uma das preocupa\u00e7\u00f5es envolve poss\u00edveis efeitos sobre a <strong>puberdade, o crescimento e o desenvolvimento<\/strong>, aspectos que ainda n\u00e3o foram suficientemente esclarecidos para todas as situa\u00e7\u00f5es.<\/p>\n\n\n\n<p class=\"wp-block-paragraph\">Isso n\u00e3o significa que medicamentos da classe sejam necessariamente proibidos para todos os pacientes pedi\u00e1tricos. Em determinadas circunst\u00e2ncias, especialistas consideram os GLP-1 uma ferramenta que pode fazer parte do tratamento da obesidade infantil, desde que exista indica\u00e7\u00e3o cl\u00ednica e acompanhamento adequado.<\/p>\n\n\n\n<h2 class=\"wp-block-heading\"><strong>Tratamento precisa ser individualizado<\/strong><\/h2>\n\n\n\n<p class=\"wp-block-paragraph\">A obesidade durante a inf\u00e2ncia e a adolesc\u00eancia \u00e9 uma condi\u00e7\u00e3o complexa e pode permanecer na vida adulta. Por isso, entidades m\u00e9dicas reconhecem que os medicamentos podem ter espa\u00e7o no tratamento de pacientes selecionados.<\/p>\n\n\n\n<p class=\"wp-block-paragraph\">O problema est\u00e1 no uso motivado apenas por padr\u00f5es est\u00e9ticos ou pela influ\u00eancia das redes sociais, sem avalia\u00e7\u00e3o profissional.<\/p>\n\n\n\n<p class=\"wp-block-paragraph\">Al\u00e9m dos poss\u00edveis efeitos adversos, estudos recentes apontam dificuldades relacionadas \u00e0 continuidade do tratamento. Fam\u00edlias podem enfrentar problemas financeiros, falta de cobertura e interrup\u00e7\u00f5es provocadas por efeitos colaterais ou falhas no acompanhamento m\u00e9dico.<\/p>\n\n\n\n<p class=\"wp-block-paragraph\">Por isso, a utiliza\u00e7\u00e3o de uma caneta emagrecedora por uma crian\u00e7a ou adolescente <strong>n\u00e3o deve ser decidida com base em v\u00eddeos, relatos de terceiros ou compara\u00e7\u00e3o de resultados<\/strong>. A indica\u00e7\u00e3o depende da avalia\u00e7\u00e3o individual do paciente e deve levar em conta o est\u00e1gio de crescimento e desenvolvimento.<\/p>\n\n\n\n<p class=\"wp-block-paragraph\"><\/p>\n","protected":false},"excerpt":{"rendered":"<p>O uso de canetas emagrecedoras por crian\u00e7as e adolescentes passou a preocupar especialistas ap\u00f3s v\u00eddeos de pais aplicando medicamentos nos pr\u00f3prios filhos ganharem repercuss\u00e3o nas redes sociais. Diante do aumento da exposi\u00e7\u00e3o a esses produtos, a Sociedade Brasileira de Pediatria (SBP) publicou um alerta sobre os poss\u00edveis riscos para pessoas que ainda est\u00e3o em fase [&hellip;]<\/p>\n","protected":false},"author":9,"featured_media":22639,"comment_status":"closed","ping_status":"closed","sticky":false,"template":"","format":"standard","meta":{"jnews-multi-image_gallery":[],"jnews_single_post":{"format":"standard"},"jnews_primary_category":[],"jnews_social_meta":[],"jnews_post_split":[],"footnotes":""},"categories":[1],"tags":[],"class_list":["post-57270","post","type-post","status-publish","format-standard","has-post-thumbnail","hentry","category-geral"],"_referencia":"","_links":{"self":[{"href":"https:\/\/diariodocomercio.com.br\/mix\/wp-json\/wp\/v2\/posts\/57270","targetHints":{"allow":["GET"]}}],"collection":[{"href":"https:\/\/diariodocomercio.com.br\/mix\/wp-json\/wp\/v2\/posts"}],"about":[{"href":"https:\/\/diariodocomercio.com.br\/mix\/wp-json\/wp\/v2\/types\/post"}],"author":[{"embeddable":true,"href":"https:\/\/diariodocomercio.com.br\/mix\/wp-json\/wp\/v2\/users\/9"}],"replies":[{"embeddable":true,"href":"https:\/\/diariodocomercio.com.br\/mix\/wp-json\/wp\/v2\/comments?post=57270"}],"version-history":[{"count":1,"href":"https:\/\/diariodocomercio.com.br\/mix\/wp-json\/wp\/v2\/posts\/57270\/revisions"}],"predecessor-version":[{"id":57271,"href":"https:\/\/diariodocomercio.com.br\/mix\/wp-json\/wp\/v2\/posts\/57270\/revisions\/57271"}],"wp:featuredmedia":[{"embeddable":true,"href":"https:\/\/diariodocomercio.com.br\/mix\/wp-json\/wp\/v2\/media\/22639"}],"wp:attachment":[{"href":"https:\/\/diariodocomercio.com.br\/mix\/wp-json\/wp\/v2\/media?parent=57270"}],"wp:term":[{"taxonomy":"category","embeddable":true,"href":"https:\/\/diariodocomercio.com.br\/mix\/wp-json\/wp\/v2\/categories?post=57270"},{"taxonomy":"post_tag","embeddable":true,"href":"https:\/\/diariodocomercio.com.br\/mix\/wp-json\/wp\/v2\/tags?post=57270"}],"curies":[{"name":"wp","href":"https:\/\/api.w.org\/{rel}","templated":true}]}}