{"id":57274,"date":"2026-08-31T19:41:00","date_gmt":"2026-08-31T22:41:00","guid":{"rendered":"https:\/\/diariodocomercio.com.br\/mix\/?p=57274"},"modified":"2026-08-31T07:29:33","modified_gmt":"2026-08-31T10:29:33","slug":"empresa-conhecida-por-praticamente-todos-os-brasileiros-recebera-r-6-bilhoes-do-governo","status":"publish","type":"post","link":"https:\/\/diariodocomercio.com.br\/mix\/empresa-conhecida-por-praticamente-todos-os-brasileiros-recebera-r-6-bilhoes-do-governo\/","title":{"rendered":"Empresa conhecida por praticamente todos os brasileiros receber\u00e1 R$ 6 bilh\u00f5es do governo"},"content":{"rendered":"\n<p class=\"wp-block-paragraph\">O governo federal prev\u00ea destinar <strong>R$ 6 bilh\u00f5es aos Correios em 2027<\/strong> para refor\u00e7ar a liquidez da estatal e apoiar o processo de reestrutura\u00e7\u00e3o financeira. O valor est\u00e1 inclu\u00eddo no Projeto de Lei Or\u00e7ament\u00e1ria Anual (PLOA) de 2027, que ser\u00e1 encaminhado ao Congresso Nacional nesta segunda-feira (31).<\/p>\n\n\n\n<p class=\"wp-block-paragraph\">O recurso est\u00e1 relacionado ao acordo de financiamento firmado pelos Correios no fim de 2025 e tem como objetivo permitir que a empresa mantenha suas opera\u00e7\u00f5es enquanto coloca em pr\u00e1tica medidas para reduzir despesas, reorganizar o fluxo de caixa e recuperar os resultados.<\/p>\n\n\n\n<p class=\"wp-block-paragraph\">A previs\u00e3o do aporte foi apresentada pelos ministros das Comunica\u00e7\u00f5es, da Gest\u00e3o e da Inova\u00e7\u00e3o em Servi\u00e7os P\u00fablicos e do Planejamento e Or\u00e7amento. A informa\u00e7\u00e3o havia sido antecipada pelo jornal <em>Folha de S.Paulo<\/em>.<\/p>\n\n\n<div class=\"wp-block-image\">\n<figure class=\"aligncenter size-full\"><img decoding=\"async\" width=\"1170\" height=\"700\" src=\"https:\/\/diariodocomercio.com.br\/mix\/wp-content\/uploads\/2025\/07\/image-22.png\" alt=\"Correios\" class=\"wp-image-11741\" srcset=\"https:\/\/diariodocomercio.com.br\/mix\/wp-content\/uploads\/2025\/07\/image-22.png 1170w, https:\/\/diariodocomercio.com.br\/mix\/wp-content\/uploads\/2025\/07\/image-22-300x179.png 300w, https:\/\/diariodocomercio.com.br\/mix\/wp-content\/uploads\/2025\/07\/image-22-768x459.png 768w, https:\/\/diariodocomercio.com.br\/mix\/wp-content\/uploads\/2025\/07\/image-22-150x90.png 150w, https:\/\/diariodocomercio.com.br\/mix\/wp-content\/uploads\/2025\/07\/image-22-750x449.png 750w, https:\/\/diariodocomercio.com.br\/mix\/wp-content\/uploads\/2025\/07\/image-22-1140x682.png 1140w\" sizes=\"(max-width: 1170px) 100vw, 1170px\" \/><figcaption class=\"wp-element-caption\">(Reprodu\u00e7\u00e3o\/Fernando Fraz\u00e3o\/Ag\u00eancia Brasil)<\/figcaption><\/figure>\n<\/div>\n\n\n<h2 class=\"wp-block-heading\"><strong>Estatal enfrenta sequ\u00eancia de resultados negativos<\/strong><\/h2>\n\n\n\n<p class=\"wp-block-paragraph\">Apesar de apresentar alguma melhora entre o primeiro e o segundo trimestre deste ano, a situa\u00e7\u00e3o financeira dos Correios continua pressionada.<\/p>\n\n\n\n<p class=\"wp-block-paragraph\">Entre abril e junho de 2026, a estatal registrou <strong>preju\u00edzo l\u00edquido de R$ 2,39 bilh\u00f5es<\/strong>. O resultado representa uma redu\u00e7\u00e3o de 5,5% em rela\u00e7\u00e3o ao rombo de R$ 2,53 bilh\u00f5es registrado no mesmo per\u00edodo de 2025.<\/p>\n\n\n\n<p class=\"wp-block-paragraph\">Na compara\u00e7\u00e3o com os primeiros tr\u00eas meses deste ano, a melhora foi mais expressiva. No primeiro trimestre, a empresa havia contabilizado preju\u00edzo de aproximadamente <strong>R$ 3,16 bilh\u00f5es<\/strong>. Assim, a perda trimestral diminuiu 24,4%.<\/p>\n\n\n\n<p class=\"wp-block-paragraph\">A melhora, por\u00e9m, n\u00e3o foi suficiente para impedir a deteriora\u00e7\u00e3o do resultado acumulado. No primeiro semestre, os Correios registraram <strong>preju\u00edzo de aproximadamente R$ 5,55 bilh\u00f5es<\/strong>, valor 30,4% superior aos R$ 4,26 bilh\u00f5es negativos contabilizados nos seis primeiros meses de 2025.<\/p>\n\n\n\n<p class=\"wp-block-paragraph\">Segundo os dados divulgados pela pr\u00f3pria companhia, a estatal acumula <strong>16 trimestres consecutivos com resultado negativo<\/strong>.<\/p>\n\n\n\n<h2 class=\"wp-block-heading\"><strong>Receita cresce, mas n\u00e3o consegue compensar rombo<\/strong><\/h2>\n\n\n\n<p class=\"wp-block-paragraph\">Os n\u00fameros do segundo trimestre mostram alguns sinais de recupera\u00e7\u00e3o operacional. A receita l\u00edquida dos Correios aumentou <strong>3,8%<\/strong>, passando de R$ 3,86 bilh\u00f5es no primeiro trimestre para R$ 4,01 bilh\u00f5es entre abril e junho.<\/p>\n\n\n\n<p class=\"wp-block-paragraph\">O resultado negativo antes das despesas financeiras tamb\u00e9m apresentou melhora, recuando cerca de 25%, de R$ 2,52 bilh\u00f5es para R$ 1,89 bilh\u00e3o.<\/p>\n\n\n\n<p class=\"wp-block-paragraph\">Mesmo assim, a companhia segue enfrentando uma estrutura de custos elevada e forte press\u00e3o financeira. Na virada de 2025 para 2026, os Correios encerraram o ano com um preju\u00edzo de <strong>R$ 8,5 bilh\u00f5es<\/strong>, considerado recorde para a estatal.<\/p>\n\n\n\n<h2 class=\"wp-block-heading\"><strong>Empr\u00e9stimo de R$ 12 bilh\u00f5es est\u00e1 na origem do novo aporte<\/strong><\/h2>\n\n\n\n<p class=\"wp-block-paragraph\">O aporte de R$ 6 bilh\u00f5es previsto para 2027 tamb\u00e9m est\u00e1 relacionado ao <strong>empr\u00e9stimo de R$ 12 bilh\u00f5es<\/strong> obtido pelos Correios em 2025, opera\u00e7\u00e3o que contou com apoio do Tesouro Nacional.<\/p>\n\n\n\n<p class=\"wp-block-paragraph\">Parte dos recursos foi utilizada para regularizar pagamentos que estavam atrasados e melhorar a situa\u00e7\u00e3o imediata do caixa da empresa.<\/p>\n\n\n\n<p class=\"wp-block-paragraph\">Como contrapartida ao financiamento, os Correios assumiram a execu\u00e7\u00e3o de um plano de reestrutura\u00e7\u00e3o. Entre as medidas est\u00e3o a redu\u00e7\u00e3o de despesas, a reorganiza\u00e7\u00e3o do fluxo financeiro e a\u00e7\u00f5es voltadas \u00e0 recupera\u00e7\u00e3o dos resultados.<\/p>\n\n\n\n<p class=\"wp-block-paragraph\">O novo aporte, portanto, est\u00e1 inserido nesse processo e pretende oferecer condi\u00e7\u00f5es para que a empresa tenha recursos suficientes para avan\u00e7ar na recupera\u00e7\u00e3o financeira.<\/p>\n\n\n\n<h2 class=\"wp-block-heading\"><strong>Despesas financeiras aumentam press\u00e3o<\/strong><\/h2>\n\n\n\n<p class=\"wp-block-paragraph\">Um dos principais obst\u00e1culos para a recupera\u00e7\u00e3o dos Correios est\u00e1 nas despesas financeiras.<\/p>\n\n\n\n<p class=\"wp-block-paragraph\">No primeiro semestre de 2026, essas despesas chegaram a aproximadamente <strong>R$ 1,7 bilh\u00e3o<\/strong>, aumento de <strong>161%<\/strong> em rela\u00e7\u00e3o ao mesmo per\u00edodo do ano anterior.<\/p>\n\n\n\n<p class=\"wp-block-paragraph\">O crescimento est\u00e1 relacionado principalmente a juros e encargos de contratos, empr\u00e9stimos e outras obriga\u00e7\u00f5es acumuladas pela companhia. Tamb\u00e9m pesam sobre o resultado as conting\u00eancias judiciais e os precat\u00f3rios.<\/p>\n\n\n\n<p class=\"wp-block-paragraph\">Dessa forma, mesmo com a melhora registrada no segundo trimestre e o crescimento da receita l\u00edquida, a press\u00e3o provocada pelas despesas financeiras continua reduzindo o impacto das medidas operacionais adotadas pela estatal.<\/p>\n\n\n\n<p class=\"wp-block-paragraph\"><\/p>\n","protected":false},"excerpt":{"rendered":"<p>O governo federal prev\u00ea destinar R$ 6 bilh\u00f5es aos Correios em 2027 para refor\u00e7ar a liquidez da estatal e apoiar o processo de reestrutura\u00e7\u00e3o financeira. O valor est\u00e1 inclu\u00eddo no Projeto de Lei Or\u00e7ament\u00e1ria Anual (PLOA) de 2027, que ser\u00e1 encaminhado ao Congresso Nacional nesta segunda-feira (31). O recurso est\u00e1 relacionado ao acordo de financiamento [&hellip;]<\/p>\n","protected":false},"author":9,"featured_media":43566,"comment_status":"closed","ping_status":"closed","sticky":false,"template":"","format":"standard","meta":{"jnews-multi-image_gallery":[],"jnews_single_post":{"format":"standard"},"jnews_primary_category":[],"jnews_social_meta":[],"jnews_post_split":[],"footnotes":""},"categories":[1],"tags":[],"class_list":["post-57274","post","type-post","status-publish","format-standard","has-post-thumbnail","hentry","category-geral"],"_referencia":"","_links":{"self":[{"href":"https:\/\/diariodocomercio.com.br\/mix\/wp-json\/wp\/v2\/posts\/57274","targetHints":{"allow":["GET"]}}],"collection":[{"href":"https:\/\/diariodocomercio.com.br\/mix\/wp-json\/wp\/v2\/posts"}],"about":[{"href":"https:\/\/diariodocomercio.com.br\/mix\/wp-json\/wp\/v2\/types\/post"}],"author":[{"embeddable":true,"href":"https:\/\/diariodocomercio.com.br\/mix\/wp-json\/wp\/v2\/users\/9"}],"replies":[{"embeddable":true,"href":"https:\/\/diariodocomercio.com.br\/mix\/wp-json\/wp\/v2\/comments?post=57274"}],"version-history":[{"count":1,"href":"https:\/\/diariodocomercio.com.br\/mix\/wp-json\/wp\/v2\/posts\/57274\/revisions"}],"predecessor-version":[{"id":57275,"href":"https:\/\/diariodocomercio.com.br\/mix\/wp-json\/wp\/v2\/posts\/57274\/revisions\/57275"}],"wp:featuredmedia":[{"embeddable":true,"href":"https:\/\/diariodocomercio.com.br\/mix\/wp-json\/wp\/v2\/media\/43566"}],"wp:attachment":[{"href":"https:\/\/diariodocomercio.com.br\/mix\/wp-json\/wp\/v2\/media?parent=57274"}],"wp:term":[{"taxonomy":"category","embeddable":true,"href":"https:\/\/diariodocomercio.com.br\/mix\/wp-json\/wp\/v2\/categories?post=57274"},{"taxonomy":"post_tag","embeddable":true,"href":"https:\/\/diariodocomercio.com.br\/mix\/wp-json\/wp\/v2\/tags?post=57274"}],"curies":[{"name":"wp","href":"https:\/\/api.w.org\/{rel}","templated":true}]}}