{"id":57276,"date":"2026-08-31T14:26:00","date_gmt":"2026-08-31T17:26:00","guid":{"rendered":"https:\/\/diariodocomercio.com.br\/mix\/?p=57276"},"modified":"2026-08-31T07:35:09","modified_gmt":"2026-08-31T10:35:09","slug":"especialistas-pedem-que-brasileiros-preparem-o-bolso-para-o-que-vai-acontecer-com-a-conta-de-luz-em-setembro","status":"publish","type":"post","link":"https:\/\/diariodocomercio.com.br\/mix\/especialistas-pedem-que-brasileiros-preparem-o-bolso-para-o-que-vai-acontecer-com-a-conta-de-luz-em-setembro\/","title":{"rendered":"Especialistas pedem que brasileiros preparem o bolso para o que vai acontecer com a conta de luz em setembro"},"content":{"rendered":"\n<p class=\"wp-block-paragraph\">Os brasileiros devem continuar atentos \u00e0 <strong>conta de luz em setembro<\/strong>. A Ag\u00eancia Nacional de Energia El\u00e9trica (Aneel) confirmou na \u00faltima sexta-feira (28) a manuten\u00e7\u00e3o da <strong>bandeira tarif\u00e1ria amarela<\/strong>, mantendo uma cobran\u00e7a adicional sobre o consumo de energia no pr\u00f3ximo m\u00eas.<\/p>\n\n\n\n<p class=\"wp-block-paragraph\">Na pr\u00e1tica, os consumidores pagar\u00e3o <strong>R$ 1,885 a mais a cada 100 quilowatts-hora (kWh)<\/strong> utilizados. A cobran\u00e7a alcan\u00e7a os consumidores cativos das distribuidoras de energia el\u00e9trica de todo o pa\u00eds, com exce\u00e7\u00e3o daqueles atendidos por sistemas isolados.<\/p>\n\n\n\n<p class=\"wp-block-paragraph\">A decis\u00e3o reflete um cen\u00e1rio menos favor\u00e1vel para a gera\u00e7\u00e3o de eletricidade e exige aten\u00e7\u00e3o principalmente de fam\u00edlias que possuem equipamentos de alto consumo ou que aumentam o uso de energia durante per\u00edodos espec\u00edficos.<\/p>\n\n\n\n<p class=\"wp-block-paragraph\">O sistema de bandeiras tarif\u00e1rias foi criado pela Aneel para informar aos consumidores, m\u00eas a m\u00eas, as condi\u00e7\u00f5es de gera\u00e7\u00e3o de energia e os custos envolvidos.<\/p>\n\n\n\n<p class=\"wp-block-paragraph\">A <strong>bandeira verde<\/strong> representa um cen\u00e1rio favor\u00e1vel e n\u00e3o gera cobran\u00e7a adicional. J\u00e1 a <strong>amarela<\/strong>, que continuar\u00e1 vigente em setembro, indica condi\u00e7\u00f5es menos favor\u00e1veis de produ\u00e7\u00e3o e acrescenta <strong>R$ 18,85 por megawatt-hora (MWh)<\/strong>, equivalente aos R$ 1,885 para cada 100 kWh consumidos.<\/p>\n\n\n\n<p class=\"wp-block-paragraph\">Quando o cen\u00e1rio de gera\u00e7\u00e3o se deteriora ainda mais, a ag\u00eancia pode acionar as bandeiras vermelhas.<\/p>\n\n\n\n<p class=\"wp-block-paragraph\">No <strong>patamar 1<\/strong>, a cobran\u00e7a chega a <strong>R$ 44,63 por MWh<\/strong>, ou R$ 4,463 a cada 100 kWh. J\u00e1 no <strong>patamar 2<\/strong>, de maior custo, o adicional alcan\u00e7a <strong>R$ 78,77 por MWh<\/strong>, equivalente a R$ 7,877 a cada 100 kWh.<\/p>\n\n\n\n<p class=\"wp-block-paragraph\">Por isso, quanto maior o consumo mensal, maior tende a ser o impacto financeiro da bandeira sobre a fatura.<\/p>\n\n\n\n<h2 class=\"wp-block-heading\"><strong>Por que a cobran\u00e7a extra foi mantida?<\/strong><\/h2>\n\n\n\n<p class=\"wp-block-paragraph\">A defini\u00e7\u00e3o da bandeira est\u00e1 diretamente relacionada \u00e0s condi\u00e7\u00f5es de gera\u00e7\u00e3o de energia el\u00e9trica no pa\u00eds.<\/p>\n\n\n\n<p class=\"wp-block-paragraph\">Quando h\u00e1 menor disponibilidade de recursos para as usinas hidrel\u00e9tricas, por exemplo, o sistema el\u00e9trico pode precisar recorrer com maior intensidade \u00e0s <strong>termel\u00e9tricas<\/strong>. Essas unidades possuem custos de gera\u00e7\u00e3o mais elevados, o que acaba sendo refletido nas bandeiras tarif\u00e1rias.<\/p>\n\n\n\n<p class=\"wp-block-paragraph\">A l\u00f3gica do sistema \u00e9 justamente sinalizar antecipadamente essa mudan\u00e7a de custo ao consumidor. Em vez de os valores adicionais serem considerados somente em reajustes tarif\u00e1rios posteriores, a cobran\u00e7a \u00e9 apresentada mensalmente de acordo com as condi\u00e7\u00f5es de gera\u00e7\u00e3o.<\/p>\n\n\n\n<p class=\"wp-block-paragraph\">A Aneel divulga a bandeira que ser\u00e1 aplicada antes do in\u00edcio de cada per\u00edodo de cobran\u00e7a.<\/p>\n\n\n\n<h2 class=\"wp-block-heading\"><strong>Como reduzir o impacto no bolso<\/strong><\/h2>\n\n\n\n<p class=\"wp-block-paragraph\">Com a bandeira amarela mantida em setembro, especialistas recomendam que os consumidores adotem medidas para diminuir o consumo e evitar que o acr\u00e9scimo tarif\u00e1rio pese ainda mais sobre o or\u00e7amento.<\/p>\n\n\n\n<p class=\"wp-block-paragraph\">Entre as principais estrat\u00e9gias est\u00e3o:<\/p>\n\n\n\n<ul class=\"wp-block-list\">\n<li><strong>Trocar l\u00e2mpadas antigas por modelos de LED<\/strong>, que s\u00e3o mais eficientes;<\/li>\n\n\n\n<li><strong>Evitar deixar aparelhos em modo stand-by<\/strong> quando n\u00e3o estiverem sendo utilizados;<\/li>\n\n\n\n<li><strong>Usar eletrodom\u00e9sticos de maior consumo de maneira mais eficiente<\/strong>, evitando funcionamento desnecess\u00e1rio;<\/li>\n\n\n\n<li><strong>Reduzir o tempo de utiliza\u00e7\u00e3o de equipamentos que consomem muita energia<\/strong>;<\/li>\n\n\n\n<li>Adotar h\u00e1bitos que evitem desperd\u00edcios no cotidiano.<\/li>\n<\/ul>\n\n\n\n<p class=\"wp-block-paragraph\">Mesmo medidas aparentemente pequenas podem fazer diferen\u00e7a quando aplicadas de maneira constante, principalmente em resid\u00eancias com consumo elevado.<\/p>\n\n\n\n<h2 class=\"wp-block-heading\"><strong>Bandeira pode mudar conforme cen\u00e1rio energ\u00e9tico<\/strong><\/h2>\n\n\n\n<p class=\"wp-block-paragraph\">A manuten\u00e7\u00e3o da bandeira amarela n\u00e3o significa que o adicional permanecer\u00e1 obrigatoriamente nos meses seguintes. O mecanismo \u00e9 atualizado de acordo com as condi\u00e7\u00f5es do sistema el\u00e9trico.<\/p>\n\n\n\n<p class=\"wp-block-paragraph\">Em um cen\u00e1rio de maior disponibilidade de recursos para gera\u00e7\u00e3o, a bandeira verde pode voltar a ser acionada, eliminando a cobran\u00e7a extra. Por outro lado, uma piora nas condi\u00e7\u00f5es de gera\u00e7\u00e3o pode levar \u00e0 utiliza\u00e7\u00e3o das bandeiras vermelhas, elevando significativamente o custo adicional.<\/p>\n\n\n\n<p class=\"wp-block-paragraph\"><\/p>\n","protected":false},"excerpt":{"rendered":"<p>Os brasileiros devem continuar atentos \u00e0 conta de luz em setembro. A Ag\u00eancia Nacional de Energia El\u00e9trica (Aneel) confirmou na \u00faltima sexta-feira (28) a manuten\u00e7\u00e3o da bandeira tarif\u00e1ria amarela, mantendo uma cobran\u00e7a adicional sobre o consumo de energia no pr\u00f3ximo m\u00eas. Na pr\u00e1tica, os consumidores pagar\u00e3o R$ 1,885 a mais a cada 100 quilowatts-hora (kWh) [&hellip;]<\/p>\n","protected":false},"author":9,"featured_media":5436,"comment_status":"closed","ping_status":"closed","sticky":false,"template":"","format":"standard","meta":{"jnews-multi-image_gallery":[],"jnews_single_post":{"format":"standard"},"jnews_primary_category":[],"jnews_social_meta":[],"jnews_post_split":[],"footnotes":""},"categories":[1],"tags":[],"class_list":["post-57276","post","type-post","status-publish","format-standard","has-post-thumbnail","hentry","category-geral"],"_referencia":"","_links":{"self":[{"href":"https:\/\/diariodocomercio.com.br\/mix\/wp-json\/wp\/v2\/posts\/57276","targetHints":{"allow":["GET"]}}],"collection":[{"href":"https:\/\/diariodocomercio.com.br\/mix\/wp-json\/wp\/v2\/posts"}],"about":[{"href":"https:\/\/diariodocomercio.com.br\/mix\/wp-json\/wp\/v2\/types\/post"}],"author":[{"embeddable":true,"href":"https:\/\/diariodocomercio.com.br\/mix\/wp-json\/wp\/v2\/users\/9"}],"replies":[{"embeddable":true,"href":"https:\/\/diariodocomercio.com.br\/mix\/wp-json\/wp\/v2\/comments?post=57276"}],"version-history":[{"count":1,"href":"https:\/\/diariodocomercio.com.br\/mix\/wp-json\/wp\/v2\/posts\/57276\/revisions"}],"predecessor-version":[{"id":57277,"href":"https:\/\/diariodocomercio.com.br\/mix\/wp-json\/wp\/v2\/posts\/57276\/revisions\/57277"}],"wp:featuredmedia":[{"embeddable":true,"href":"https:\/\/diariodocomercio.com.br\/mix\/wp-json\/wp\/v2\/media\/5436"}],"wp:attachment":[{"href":"https:\/\/diariodocomercio.com.br\/mix\/wp-json\/wp\/v2\/media?parent=57276"}],"wp:term":[{"taxonomy":"category","embeddable":true,"href":"https:\/\/diariodocomercio.com.br\/mix\/wp-json\/wp\/v2\/categories?post=57276"},{"taxonomy":"post_tag","embeddable":true,"href":"https:\/\/diariodocomercio.com.br\/mix\/wp-json\/wp\/v2\/tags?post=57276"}],"curies":[{"name":"wp","href":"https:\/\/api.w.org\/{rel}","templated":true}]}}