{"id":57278,"date":"2026-09-05T13:19:00","date_gmt":"2026-09-05T16:19:00","guid":{"rendered":"https:\/\/diariodocomercio.com.br\/mix\/?p=57278"},"modified":"2026-08-31T07:40:15","modified_gmt":"2026-08-31T10:40:15","slug":"japoneses-fazem-o-impossivel-e-movem-castelo-de-400-toneladas-somente-usando-a-forca-do-braco","status":"publish","type":"post","link":"https:\/\/diariodocomercio.com.br\/mix\/japoneses-fazem-o-impossivel-e-movem-castelo-de-400-toneladas-somente-usando-a-forca-do-braco\/","title":{"rendered":"Japoneses fazem o imposs\u00edvel e movem castelo de 400 toneladas somente usando a &#8220;for\u00e7a do bra\u00e7o&#8221;"},"content":{"rendered":"\n<p class=\"wp-block-paragraph\">Uma opera\u00e7\u00e3o que parece sa\u00edda de um filme hist\u00f3rico chamou a aten\u00e7\u00e3o no Jap\u00e3o. Cerca de <strong>1.800 pessoas participaram da movimenta\u00e7\u00e3o de uma torre de aproximadamente 360 toneladas do Castelo de Hirosaki<\/strong>, na prov\u00edncia de Aomori, utilizando cordas e for\u00e7a humana para deslocar a estrutura pouco mais de dois metros em dire\u00e7\u00e3o ao local onde ela foi originalmente constru\u00edda.<\/p>\n\n\n\n<p class=\"wp-block-paragraph\">A opera\u00e7\u00e3o emprega uma antiga t\u00e9cnica japonesa de movimenta\u00e7\u00e3o de edif\u00edcios conhecida como <strong>hikiya<\/strong>, que permite deslocar constru\u00e7\u00f5es inteiras sem desmont\u00e1-las. A torre de tr\u00eas andares foi colocada sobre roletes e trilhos, enquanto grupos de volunt\u00e1rios se revezaram para pux\u00e1-la com grandes cordas.<\/p>\n\n\n\n<p class=\"wp-block-paragraph\">O deslocamento faz parte de um projeto de restaura\u00e7\u00e3o iniciado h\u00e1 anos e busca devolver a constru\u00e7\u00e3o ao complexo hist\u00f3rico do castelo.<\/p>\n\n\n\n<figure class=\"wp-block-embed is-type-video is-provider-youtube wp-block-embed-youtube wp-embed-aspect-16-9 wp-has-aspect-ratio\"><div class=\"wp-block-embed__wrapper\">\n<div class=\"jeg_video_container jeg_video_content\"><iframe loading=\"lazy\" title=\"Japan\u2019s Hirosaki Castle dragged by 1,800 people using ropes and rollers\" width=\"500\" height=\"281\" src=\"https:\/\/www.youtube.com\/embed\/fRzE6O49r6E?feature=oembed\" frameborder=\"0\" allow=\"accelerometer; autoplay; clipboard-write; encrypted-media; gyroscope; picture-in-picture; web-share\" referrerpolicy=\"strict-origin-when-cross-origin\" allowfullscreen><\/iframe><\/div>\n<\/div><\/figure>\n\n\n\n<h2 class=\"wp-block-heading\"><strong>Torre foi constru\u00edda em 1810<\/strong><\/h2>\n\n\n\n<p class=\"wp-block-paragraph\">A estrutura atualmente possui tr\u00eas andares e foi originalmente constru\u00edda em <strong>1810<\/strong>. Ela \u00e9 uma das apenas <strong>12 torres originais de castelos japoneses que permanecem de p\u00e9<\/strong>.<\/p>\n\n\n\n<p class=\"wp-block-paragraph\">A hist\u00f3ria da constru\u00e7\u00e3o, por\u00e9m, \u00e9 ainda mais antiga. A torre chegou a ter cinco andares, mas os dois superiores foram destru\u00eddos ap\u00f3s ser atingida por um raio.<\/p>\n\n\n\n<p class=\"wp-block-paragraph\">Em 2015, a torre foi retirada de sua posi\u00e7\u00e3o original para permitir a realiza\u00e7\u00e3o de uma extensa obra de recupera\u00e7\u00e3o das estruturas de pedra que formavam sua base. O trabalho, considerado na \u00e9poca um dos maiores projetos de restaura\u00e7\u00e3o do pa\u00eds, chegou a ser chamado de <strong>\u201cprojeto do s\u00e9culo\u201d<\/strong>.<\/p>\n\n\n\n<p class=\"wp-block-paragraph\">A previs\u00e3o inicial era concluir a recupera\u00e7\u00e3o da funda\u00e7\u00e3o em 2023. No entanto, novos pontos fr\u00e1geis foram encontrados durante as interven\u00e7\u00f5es, prolongando os trabalhos. A restaura\u00e7\u00e3o foi finalmente conclu\u00edda em 2024, abrindo caminho para o retorno da torre.<\/p>\n\n\n\n<h2 class=\"wp-block-heading\"><strong>T\u00e9cnica tradicional substitui m\u00e1quinas na primeira etapa<\/strong><\/h2>\n\n\n\n<p class=\"wp-block-paragraph\">Em vez de desmontar a constru\u00e7\u00e3o ou utilizar diretamente equipamentos pesados, a cidade decidiu recorrer novamente ao <strong>hikiya<\/strong>, m\u00e9todo tradicional japon\u00eas empregado h\u00e1 s\u00e9culos para deslocar edifica\u00e7\u00f5es.<\/p>\n\n\n\n<p class=\"wp-block-paragraph\">A t\u00e9cnica consiste em apoiar a estrutura sobre elementos que permitem seu deslocamento e utilizar cordas para conduzi-la lentamente at\u00e9 a posi\u00e7\u00e3o desejada. A escolha tamb\u00e9m est\u00e1 relacionada ao fato de a torre ser considerada um <strong>importante patrim\u00f4nio cultural nacional<\/strong>, o que impede que ela seja simplesmente desmontada para ser transportada.<\/p>\n\n\n\n<p class=\"wp-block-paragraph\">Na opera\u00e7\u00e3o realizada recentemente, os participantes utilizaram <strong>cordas de aproximadamente 30 metros de comprimento<\/strong>. Os volunt\u00e1rios foram divididos em grupos de cerca de 80 pessoas, que se revezaram durante o esfor\u00e7o.<\/p>\n\n\n\n<p class=\"wp-block-paragraph\">O resultado foi um deslocamento de <strong>2,22 metros<\/strong> em dois dias. No primeiro dia, a torre avan\u00e7ou 1,13 metro. No segundo, percorreu mais 1,09 metro.<\/p>\n\n\n\n<h2 class=\"wp-block-heading\"><strong>Mais de 4 mil pessoas devem participar<\/strong><\/h2>\n\n\n\n<p class=\"wp-block-paragraph\">A movimenta\u00e7\u00e3o n\u00e3o termina nos pouco mais de dois metros j\u00e1 percorridos. A opera\u00e7\u00e3o volunt\u00e1ria continuar\u00e1 ao longo do restante do m\u00eas.<\/p>\n\n\n\n<p class=\"wp-block-paragraph\">A expectativa \u00e9 que aproximadamente <strong>4.100 pessoas<\/strong> participem das diferentes etapas do processo, levando a torre a um deslocamento total de cerca de <strong>cinco metros<\/strong> por meio do esfor\u00e7o humano.<\/p>\n\n\n\n<p class=\"wp-block-paragraph\">Depois dessa primeira fase, entretanto, o restante do percurso ser\u00e1 realizado com aux\u00edlio de m\u00e1quinas. A torre ainda precisar\u00e1 percorrer aproximadamente <strong>73 metros<\/strong> at\u00e9 chegar \u00e0 posi\u00e7\u00e3o definitiva, com a conclus\u00e3o de toda a movimenta\u00e7\u00e3o prevista para antes do fim do ano.<\/p>\n\n\n\n<p class=\"wp-block-paragraph\">A iniciativa recupera uma t\u00e9cnica tradicional e, ao mesmo tempo, transforma a restaura\u00e7\u00e3o em uma atividade comunit\u00e1ria, permitindo que moradores participem diretamente da preserva\u00e7\u00e3o de um dos s\u00edmbolos hist\u00f3ricos da regi\u00e3o.<\/p>\n\n\n\n<p class=\"wp-block-paragraph\"><\/p>\n","protected":false},"excerpt":{"rendered":"<p>Uma opera\u00e7\u00e3o que parece sa\u00edda de um filme hist\u00f3rico chamou a aten\u00e7\u00e3o no Jap\u00e3o. Cerca de 1.800 pessoas participaram da movimenta\u00e7\u00e3o de uma torre de aproximadamente 360 toneladas do Castelo de Hirosaki, na prov\u00edncia de Aomori, utilizando cordas e for\u00e7a humana para deslocar a estrutura pouco mais de dois metros em dire\u00e7\u00e3o ao local onde [&hellip;]<\/p>\n","protected":false},"author":9,"featured_media":56816,"comment_status":"closed","ping_status":"closed","sticky":false,"template":"","format":"standard","meta":{"jnews-multi-image_gallery":[],"jnews_single_post":{"format":"standard"},"jnews_primary_category":[],"jnews_social_meta":[],"jnews_post_split":[],"footnotes":""},"categories":[1],"tags":[],"class_list":["post-57278","post","type-post","status-publish","format-standard","has-post-thumbnail","hentry","category-geral"],"_referencia":"","_links":{"self":[{"href":"https:\/\/diariodocomercio.com.br\/mix\/wp-json\/wp\/v2\/posts\/57278","targetHints":{"allow":["GET"]}}],"collection":[{"href":"https:\/\/diariodocomercio.com.br\/mix\/wp-json\/wp\/v2\/posts"}],"about":[{"href":"https:\/\/diariodocomercio.com.br\/mix\/wp-json\/wp\/v2\/types\/post"}],"author":[{"embeddable":true,"href":"https:\/\/diariodocomercio.com.br\/mix\/wp-json\/wp\/v2\/users\/9"}],"replies":[{"embeddable":true,"href":"https:\/\/diariodocomercio.com.br\/mix\/wp-json\/wp\/v2\/comments?post=57278"}],"version-history":[{"count":1,"href":"https:\/\/diariodocomercio.com.br\/mix\/wp-json\/wp\/v2\/posts\/57278\/revisions"}],"predecessor-version":[{"id":57280,"href":"https:\/\/diariodocomercio.com.br\/mix\/wp-json\/wp\/v2\/posts\/57278\/revisions\/57280"}],"wp:featuredmedia":[{"embeddable":true,"href":"https:\/\/diariodocomercio.com.br\/mix\/wp-json\/wp\/v2\/media\/56816"}],"wp:attachment":[{"href":"https:\/\/diariodocomercio.com.br\/mix\/wp-json\/wp\/v2\/media?parent=57278"}],"wp:term":[{"taxonomy":"category","embeddable":true,"href":"https:\/\/diariodocomercio.com.br\/mix\/wp-json\/wp\/v2\/categories?post=57278"},{"taxonomy":"post_tag","embeddable":true,"href":"https:\/\/diariodocomercio.com.br\/mix\/wp-json\/wp\/v2\/tags?post=57278"}],"curies":[{"name":"wp","href":"https:\/\/api.w.org\/{rel}","templated":true}]}}