{"id":57284,"date":"2026-08-31T16:33:00","date_gmt":"2026-08-31T19:33:00","guid":{"rendered":"https:\/\/diariodocomercio.com.br\/mix\/?p=57284"},"modified":"2026-08-31T07:52:12","modified_gmt":"2026-08-31T10:52:12","slug":"especialistas-pedem-que-brasileiros-se-preparem-para-ciclone-com-temporais-ventos-de-ate-100-km-h-e-granizo-nos-dias-31-08-e-01-09","status":"publish","type":"post","link":"https:\/\/diariodocomercio.com.br\/mix\/especialistas-pedem-que-brasileiros-se-preparem-para-ciclone-com-temporais-ventos-de-ate-100-km-h-e-granizo-nos-dias-31-08-e-01-09\/","title":{"rendered":"Especialistas pedem que brasileiros se preparem para ciclone com temporais, ventos de at\u00e9 100 km\/h e granizo nos dias 31\/08 e 01\/09"},"content":{"rendered":"\n<p class=\"wp-block-paragraph\">O tempo deve mudar de forma significativa no Sul do Brasil nos pr\u00f3ximos dias. A partir deste domingo (30), \u00e1reas de instabilidade come\u00e7am a ganhar for\u00e7a e podem favorecer a forma\u00e7\u00e3o de um <strong>ciclone extratropical entre segunda-feira (31) e ter\u00e7a-feira (1\u00ba)<\/strong>. O sistema estar\u00e1 associado a uma frente fria que posteriormente deve avan\u00e7ar em dire\u00e7\u00e3o ao Sudeste.<\/p>\n\n\n\n<p class=\"wp-block-paragraph\">A previs\u00e3o aponta para <strong>temporais, chuva intensa, granizo e rajadas de vento entre 60 e 100 km\/h<\/strong>, principalmente no Rio Grande do Sul, em Santa Catarina e no Paran\u00e1. Com o avan\u00e7o da frente fria, outras \u00e1reas do pa\u00eds tamb\u00e9m devem registrar mudan\u00e7as nas condi\u00e7\u00f5es meteorol\u00f3gicas.<\/p>\n\n\n\n<p class=\"wp-block-paragraph\">Al\u00e9m dos fen\u00f4menos associados ao vento e \u00e0s tempestades, os acumulados de chuva elevam a preocupa\u00e7\u00e3o com <strong>alagamentos, enxurradas e deslizamentos<\/strong>, especialmente em munic\u00edpios que j\u00e1 registraram precipita\u00e7\u00f5es nos \u00faltimos dias.<\/p>\n\n\n<div class=\"wp-block-image\">\n<figure class=\"aligncenter size-full is-resized\"><img decoding=\"async\" width=\"612\" height=\"344\" src=\"https:\/\/diariodocomercio.com.br\/mix\/wp-content\/uploads\/2026\/01\/image-141.png\" alt=\"enchente\" class=\"wp-image-32086\" style=\"width:678px;height:auto\" srcset=\"https:\/\/diariodocomercio.com.br\/mix\/wp-content\/uploads\/2026\/01\/image-141.png 612w, https:\/\/diariodocomercio.com.br\/mix\/wp-content\/uploads\/2026\/01\/image-141-300x169.png 300w, https:\/\/diariodocomercio.com.br\/mix\/wp-content\/uploads\/2026\/01\/image-141-150x84.png 150w\" sizes=\"(max-width: 612px) 100vw, 612px\" \/><figcaption class=\"wp-element-caption\">(Reprodu\u00e7\u00e3o\/Shutterstock)<\/figcaption><\/figure>\n<\/div>\n\n\n<p class=\"wp-block-paragraph\">O avan\u00e7o das \u00e1reas de instabilidade come\u00e7a a ser percebido ainda neste domingo. Na segunda-feira, quando o novo ciclone deve come\u00e7ar a se organizar, a chuva continuar\u00e1 atuando sobre a Regi\u00e3o Sul.<\/p>\n\n\n\n<p class=\"wp-block-paragraph\">Os temporais devem atingir principalmente o <strong>sul do Paran\u00e1, Santa Catarina e o centro-norte do Rio Grande do Sul<\/strong>, incluindo a regi\u00e3o de Porto Alegre. O Inmet tamb\u00e9m aponta possibilidade de granizo em \u00e1reas entre o sul paranaense, Santa Catarina e o norte ga\u00facho.<\/p>\n\n\n\n<p class=\"wp-block-paragraph\">As rajadas de vento podem alcan\u00e7ar <strong>at\u00e9 aproximadamente 100 km\/h<\/strong> nos pontos mais afetados pelo sistema, aumentando o risco de queda de \u00e1rvores, interrup\u00e7\u00f5es no fornecimento de energia e outros transtornos associados \u00e0s tempestades.<\/p>\n\n\n\n<h2 class=\"wp-block-heading\"><strong>Chuva aumenta risco de alagamentos e enxurradas<\/strong><\/h2>\n\n\n\n<p class=\"wp-block-paragraph\">A combina\u00e7\u00e3o entre novas precipita\u00e7\u00f5es e os volumes de chuva j\u00e1 registrados deixa algumas cidades em situa\u00e7\u00e3o de maior aten\u00e7\u00e3o.<\/p>\n\n\n\n<p class=\"wp-block-paragraph\">A possibilidade de ocorr\u00eancia de <strong>eventos hidrol\u00f3gicos \u00e9 considerada alta em Caxias do Sul (RS), Crici\u00fama, Florian\u00f3polis e Lages (SC)<\/strong>. Nessas \u00e1reas, a chuva pode ocorrer em pancadas de intensidade moderada a forte durante o dia, somando-se aos acumulados anteriores.<\/p>\n\n\n\n<p class=\"wp-block-paragraph\">Tamb\u00e9m existe possibilidade moderada de eventos hidrol\u00f3gicos em <strong>Passo Fundo, Santa Cruz do Sul, Lajeado e Porto Alegre<\/strong>, no Rio Grande do Sul; <strong>Chapec\u00f3, Ca\u00e7ador, Joinville e Blumenau<\/strong>, em Santa Catarina; e <strong>Curitiba<\/strong>, no Paran\u00e1.<\/p>\n\n\n\n<p class=\"wp-block-paragraph\">O cen\u00e1rio pode favorecer o transbordamento de c\u00f3rregos, enxurradas e alagamentos em \u00e1reas urbanas, principalmente onde os sistemas de drenagem n\u00e3o conseguem absorver rapidamente o volume de \u00e1gua.<\/p>\n\n\n\n<h2 class=\"wp-block-heading\"><strong>Crici\u00fama tem aten\u00e7\u00e3o especial para deslizamentos<\/strong><\/h2>\n\n\n\n<p class=\"wp-block-paragraph\">Os riscos n\u00e3o ficam restritos \u00e0s \u00e1reas urbanas sujeitas a alagamentos. O solo j\u00e1 encharcado tamb\u00e9m aumenta a possibilidade de movimentos de massa em regi\u00f5es de encosta.<\/p>\n\n\n\n<p class=\"wp-block-paragraph\">Em <strong>Crici\u00fama (SC)<\/strong>, o risco de deslizamentos \u00e9 considerado alto devido \u00e0 combina\u00e7\u00e3o entre os acumulados das \u00faltimas 24 horas, a presen\u00e7a de \u00e1reas naturalmente mais suscet\u00edveis e a previs\u00e3o de chuva forte durante a segunda-feira.<\/p>\n\n\n\n<p class=\"wp-block-paragraph\">A possibilidade de deslizamentos \u00e9 considerada moderada em <strong>Porto Alegre, Caxias do Sul e Passo Fundo<\/strong>, no Rio Grande do Sul; <strong>Lages, Florian\u00f3polis, Chapec\u00f3, Ca\u00e7ador, Blumenau e Joinville<\/strong>, em Santa Catarina; al\u00e9m de <strong>Curitiba<\/strong>, no Paran\u00e1.<\/p>\n\n\n\n<h2 class=\"wp-block-heading\"><strong>Frente fria avan\u00e7a e derruba temperaturas<\/strong><\/h2>\n\n\n\n<p class=\"wp-block-paragraph\">Depois de atuar inicialmente sobre o Sul, a frente fria associada ao ciclone deve avan\u00e7ar para o <strong>Sudeste<\/strong>.<\/p>\n\n\n\n<p class=\"wp-block-paragraph\">A principal mudan\u00e7a nessa regi\u00e3o tende a ocorrer a partir de ter\u00e7a-feira (1\u00ba), quando o sistema deve provocar <strong>aumento das chuvas e queda nas temperaturas<\/strong> em \u00e1reas que encerram agosto sob condi\u00e7\u00f5es de calor mais intenso.<\/p>\n\n\n\n<p class=\"wp-block-paragraph\">A mudan\u00e7a ser\u00e1 especialmente percept\u00edvel pela diferen\u00e7a entre as temperaturas elevadas registradas no fim de agosto e a chegada do ar mais frio associado \u00e0 frente.<\/p>\n\n\n\n<p class=\"wp-block-paragraph\"><\/p>\n","protected":false},"excerpt":{"rendered":"<p>O tempo deve mudar de forma significativa no Sul do Brasil nos pr\u00f3ximos dias. A partir deste domingo (30), \u00e1reas de instabilidade come\u00e7am a ganhar for\u00e7a e podem favorecer a forma\u00e7\u00e3o de um ciclone extratropical entre segunda-feira (31) e ter\u00e7a-feira (1\u00ba). O sistema estar\u00e1 associado a uma frente fria que posteriormente deve avan\u00e7ar em dire\u00e7\u00e3o [&hellip;]<\/p>\n","protected":false},"author":9,"featured_media":55571,"comment_status":"closed","ping_status":"closed","sticky":false,"template":"","format":"standard","meta":{"jnews-multi-image_gallery":[],"jnews_single_post":{"format":"standard"},"jnews_primary_category":[],"jnews_social_meta":[],"jnews_post_split":[],"footnotes":""},"categories":[1],"tags":[],"class_list":["post-57284","post","type-post","status-publish","format-standard","has-post-thumbnail","hentry","category-geral"],"_referencia":"","_links":{"self":[{"href":"https:\/\/diariodocomercio.com.br\/mix\/wp-json\/wp\/v2\/posts\/57284","targetHints":{"allow":["GET"]}}],"collection":[{"href":"https:\/\/diariodocomercio.com.br\/mix\/wp-json\/wp\/v2\/posts"}],"about":[{"href":"https:\/\/diariodocomercio.com.br\/mix\/wp-json\/wp\/v2\/types\/post"}],"author":[{"embeddable":true,"href":"https:\/\/diariodocomercio.com.br\/mix\/wp-json\/wp\/v2\/users\/9"}],"replies":[{"embeddable":true,"href":"https:\/\/diariodocomercio.com.br\/mix\/wp-json\/wp\/v2\/comments?post=57284"}],"version-history":[{"count":1,"href":"https:\/\/diariodocomercio.com.br\/mix\/wp-json\/wp\/v2\/posts\/57284\/revisions"}],"predecessor-version":[{"id":57285,"href":"https:\/\/diariodocomercio.com.br\/mix\/wp-json\/wp\/v2\/posts\/57284\/revisions\/57285"}],"wp:featuredmedia":[{"embeddable":true,"href":"https:\/\/diariodocomercio.com.br\/mix\/wp-json\/wp\/v2\/media\/55571"}],"wp:attachment":[{"href":"https:\/\/diariodocomercio.com.br\/mix\/wp-json\/wp\/v2\/media?parent=57284"}],"wp:term":[{"taxonomy":"category","embeddable":true,"href":"https:\/\/diariodocomercio.com.br\/mix\/wp-json\/wp\/v2\/categories?post=57284"},{"taxonomy":"post_tag","embeddable":true,"href":"https:\/\/diariodocomercio.com.br\/mix\/wp-json\/wp\/v2\/tags?post=57284"}],"curies":[{"name":"wp","href":"https:\/\/api.w.org\/{rel}","templated":true}]}}