{"id":57288,"date":"2026-09-05T11:31:00","date_gmt":"2026-09-05T14:31:00","guid":{"rendered":"https:\/\/diariodocomercio.com.br\/mix\/?p=57288"},"modified":"2026-08-31T08:21:35","modified_gmt":"2026-08-31T11:21:35","slug":"zico-pega-todo-o-mundo-do-futebol-de-surpresa-e-confirma-e-do-vasco-da-gama","status":"publish","type":"post","link":"https:\/\/diariodocomercio.com.br\/mix\/zico-pega-todo-o-mundo-do-futebol-de-surpresa-e-confirma-e-do-vasco-da-gama\/","title":{"rendered":"Zico pega todo o mundo do futebol de surpresa e confirma: \u00e9 do Vasco da Gama!"},"content":{"rendered":"\n<p class=\"wp-block-paragraph\">Zico surpreendeu o mundo do futebol neste s\u00e1bado (29) ao revelar que, mesmo sendo o maior \u00eddolo da hist\u00f3ria do Flamengo e conhecido torcedor rubro-negro, <strong>vai torcer pelo Vasco da Gama na sequ\u00eancia da Copa do Brasil 2026<\/strong>. A declara\u00e7\u00e3o foi feita durante entrevista \u00e0 Caz\u00e9TV e rapidamente chamou aten\u00e7\u00e3o pela hist\u00f3rica rivalidade entre os dois clubes cariocas.<\/p>\n\n\n\n<p class=\"wp-block-paragraph\">O ex-jogador explicou que sua prefer\u00eancia est\u00e1 relacionada ao desejo de ver o futebol do Rio de Janeiro representado nas fases decisivas da competi\u00e7\u00e3o. Com o Flamengo j\u00e1 eliminado, o Vasco passou a ser o representante carioca que o \u00eddolo pretende acompanhar na disputa pelo t\u00edtulo.<\/p>\n\n\n\n<p class=\"wp-block-paragraph\">\u201cEu vou torcer sempre para as equipes do Rio de Janeiro. Meu Flamengo n\u00e3o est\u00e1 mais, mas tem o Vasco\u201d, afirmou Zico, em tom descontra\u00eddo. O Galinho ainda destacou que o Cruz-Maltino eliminou o Fluminense em uma fase anterior e disse que seria positivo para o futebol carioca uma conquista vasca\u00edna.<\/p>\n\n\n\n<h2 class=\"wp-block-heading\"><strong>Vasco busca vaga na semifinal<\/strong><\/h2>\n\n\n\n<p class=\"wp-block-paragraph\">A declara\u00e7\u00e3o de Zico ocorreu justamente \u00e0s v\u00e9speras de uma partida decisiva para o Vasco na Copa do Brasil.<\/p>\n\n\n\n<p class=\"wp-block-paragraph\">A equipe comandada por <strong>Pedro Emanuel<\/strong> venceu o Vit\u00f3ria por <strong>1 a 0<\/strong>, em S\u00e3o Janu\u00e1rio, no primeiro confronto das quartas de final. Com a vantagem constru\u00edda no Rio de Janeiro, o time pode garantir a classifica\u00e7\u00e3o para a semifinal com um empate no jogo de volta.<\/p>\n\n\n\n<p class=\"wp-block-paragraph\">A segunda partida est\u00e1 marcada para a pr\u00f3xima quarta-feira, no Barrad\u00e3o. Uma eventual classifica\u00e7\u00e3o colocaria o Vasco entre os quatro melhores clubes da competi\u00e7\u00e3o e aumentaria a expectativa dos torcedores pelo restante da campanha.<\/p>\n\n\n\n<p class=\"wp-block-paragraph\">Foi nesse contexto que Zico manifestou publicamente seu apoio ao rival. Para o \u00eddolo flamenguista, a possibilidade de o Vasco avan\u00e7ar representa tamb\u00e9m uma oportunidade de manter o futebol do Rio de Janeiro em evid\u00eancia no torneio nacional.<\/p>\n\n\n\n<h2 class=\"wp-block-heading\"><strong>\u00cddolo do Flamengo tamb\u00e9m ajudou a transformar o futebol japon\u00eas<\/strong><\/h2>\n\n\n\n<p class=\"wp-block-paragraph\">A rela\u00e7\u00e3o de Zico com o futebol, entretanto, ultrapassa as fronteiras brasileiras. O ex-jogador teve papel importante na transforma\u00e7\u00e3o do esporte no Jap\u00e3o a partir dos anos 1990.<\/p>\n\n\n\n<p class=\"wp-block-paragraph\">Pouco tempo depois de participar das Copas do Mundo de <strong>1978, 1982 e 1986<\/strong>, recebeu o convite para atuar no Sumitomo Metals, clube que posteriormente se tornaria o <strong>Kashima Antlers<\/strong>.<\/p>\n\n\n\n<p class=\"wp-block-paragraph\">Naquele per\u00edodo, o futebol japon\u00eas ainda possu\u00eda uma estrutura bastante diferente da atual. Os clubes eram ligados a grandes empresas e a liga profissional ainda n\u00e3o havia sido consolidada.<\/p>\n\n\n\n<p class=\"wp-block-paragraph\">A chegada do brasileiro ajudou a impulsionar uma mudan\u00e7a de mentalidade no pa\u00eds e esteve ligada ao processo que levou \u00e0 cria\u00e7\u00e3o da <strong>J.League<\/strong>, profissionalizada na d\u00e9cada de 1990.<\/p>\n\n\n\n<h2 class=\"wp-block-heading\"><strong>Zico virou s\u00edmbolo do futebol no Jap\u00e3o<\/strong><\/h2>\n\n\n\n<p class=\"wp-block-paragraph\">Durante sua passagem pelo Kashima, Zico n\u00e3o apenas entrou em campo. O brasileiro tamb\u00e9m contribuiu para a forma\u00e7\u00e3o de uma nova cultura futebol\u00edstica no pa\u00eds e se tornou uma das figuras respons\u00e1veis pela populariza\u00e7\u00e3o do esporte entre os japoneses.<\/p>\n\n\n\n<p class=\"wp-block-paragraph\">Depois de se aposentar definitivamente como jogador, o Galinho continuou ligado ao Jap\u00e3o. Entre <strong>1996 e 2002<\/strong>, trabalhou como diretor t\u00e9cnico do Kashima Antlers.<\/p>\n\n\n\n<p class=\"wp-block-paragraph\">Em seguida, assumiu um dos principais desafios de sua carreira fora dos gramados: entre <strong>2002 e 2006<\/strong>, comandou a sele\u00e7\u00e3o japonesa.<\/p>\n\n\n\n<p class=\"wp-block-paragraph\">Zico chegou a dirigir o Jap\u00e3o na <strong>Copa do Mundo de 2006<\/strong>, disputada na Alemanha. A campanha terminou ainda na fase de grupos, com elimina\u00e7\u00e3o ap\u00f3s uma derrota por 4 a 1 justamente para a Sele\u00e7\u00e3o Brasileira.<\/p>\n\n\n\n<p class=\"wp-block-paragraph\">Apesar do desfecho no Mundial, o retrospecto do brasileiro \u00e0 frente dos \u201cSamurais Azuis\u201d foi expressivo. Em <strong>64 partidas<\/strong>, a equipe japonesa conquistou <strong>36 vit\u00f3rias, 13 empates e 15 derrotas<\/strong>, aproveitamento de aproximadamente 63%.<\/p>\n\n\n\n<p class=\"wp-block-paragraph\"><\/p>\n","protected":false},"excerpt":{"rendered":"<p>Zico surpreendeu o mundo do futebol neste s\u00e1bado (29) ao revelar que, mesmo sendo o maior \u00eddolo da hist\u00f3ria do Flamengo e conhecido torcedor rubro-negro, vai torcer pelo Vasco da Gama na sequ\u00eancia da Copa do Brasil 2026. A declara\u00e7\u00e3o foi feita durante entrevista \u00e0 Caz\u00e9TV e rapidamente chamou aten\u00e7\u00e3o pela hist\u00f3rica rivalidade entre os [&hellip;]<\/p>\n","protected":false},"author":9,"featured_media":36786,"comment_status":"closed","ping_status":"closed","sticky":false,"template":"","format":"standard","meta":{"jnews-multi-image_gallery":[],"jnews_single_post":{"format":"standard"},"jnews_primary_category":[],"jnews_social_meta":[],"jnews_post_split":[],"footnotes":""},"categories":[1],"tags":[],"class_list":["post-57288","post","type-post","status-publish","format-standard","has-post-thumbnail","hentry","category-geral"],"_referencia":"","_links":{"self":[{"href":"https:\/\/diariodocomercio.com.br\/mix\/wp-json\/wp\/v2\/posts\/57288","targetHints":{"allow":["GET"]}}],"collection":[{"href":"https:\/\/diariodocomercio.com.br\/mix\/wp-json\/wp\/v2\/posts"}],"about":[{"href":"https:\/\/diariodocomercio.com.br\/mix\/wp-json\/wp\/v2\/types\/post"}],"author":[{"embeddable":true,"href":"https:\/\/diariodocomercio.com.br\/mix\/wp-json\/wp\/v2\/users\/9"}],"replies":[{"embeddable":true,"href":"https:\/\/diariodocomercio.com.br\/mix\/wp-json\/wp\/v2\/comments?post=57288"}],"version-history":[{"count":2,"href":"https:\/\/diariodocomercio.com.br\/mix\/wp-json\/wp\/v2\/posts\/57288\/revisions"}],"predecessor-version":[{"id":57956,"href":"https:\/\/diariodocomercio.com.br\/mix\/wp-json\/wp\/v2\/posts\/57288\/revisions\/57956"}],"wp:featuredmedia":[{"embeddable":true,"href":"https:\/\/diariodocomercio.com.br\/mix\/wp-json\/wp\/v2\/media\/36786"}],"wp:attachment":[{"href":"https:\/\/diariodocomercio.com.br\/mix\/wp-json\/wp\/v2\/media?parent=57288"}],"wp:term":[{"taxonomy":"category","embeddable":true,"href":"https:\/\/diariodocomercio.com.br\/mix\/wp-json\/wp\/v2\/categories?post=57288"},{"taxonomy":"post_tag","embeddable":true,"href":"https:\/\/diariodocomercio.com.br\/mix\/wp-json\/wp\/v2\/tags?post=57288"}],"curies":[{"name":"wp","href":"https:\/\/api.w.org\/{rel}","templated":true}]}}