{"id":57290,"date":"2026-08-31T18:06:00","date_gmt":"2026-08-31T21:06:00","guid":{"rendered":"https:\/\/diariodocomercio.com.br\/mix\/?p=57290"},"modified":"2026-08-31T08:31:48","modified_gmt":"2026-08-31T11:31:48","slug":"brasileira-surfa-onda-do-tamanho-de-um-predio-e-bate-recorde-mundial-em-praia-da-europa","status":"publish","type":"post","link":"https:\/\/diariodocomercio.com.br\/mix\/brasileira-surfa-onda-do-tamanho-de-um-predio-e-bate-recorde-mundial-em-praia-da-europa\/","title":{"rendered":"Brasileira surfa onda do tamanho de um pr\u00e9dio e bate recorde mundial em praia da Europa"},"content":{"rendered":"\n<p class=\"wp-block-paragraph\">H\u00e1 exatamente seis anos, uma brasileira protagonizou uma das cenas mais impressionantes da hist\u00f3ria do surfe. Em <strong>11 de fevereiro de 2020<\/strong>, Maya Gabeira desafiou as gigantescas ondas da Praia do Norte, em Nazar\u00e9, Portugal, e surfou uma parede de \u00e1gua de <strong>22,4 metros de altura<\/strong>, equivalente a 73,5 p\u00e9s \u2014 aproximadamente a altura de um pr\u00e9dio de sete andares.<\/p>\n\n\n\n<p class=\"wp-block-paragraph\">O feito n\u00e3o foi apenas uma demonstra\u00e7\u00e3o de coragem. A onda garantiu a Maya o <strong>recorde mundial do Guinness World Records para a maior onda j\u00e1 surfada por uma mulher<\/strong>, superando a pr\u00f3pria marca que ela havia estabelecido no mesmo local, em 2018, por cerca de 1,7 metro.<\/p>\n\n\n\n<p class=\"wp-block-paragraph\">Seis anos depois, o epis\u00f3dio continua sendo lembrado como um dos momentos mais marcantes do esporte brasileiro e do surfe de ondas gigantes.<\/p>\n\n\n\n<figure class=\"wp-block-embed is-type-video is-provider-youtube wp-block-embed-youtube wp-embed-aspect-16-9 wp-has-aspect-ratio\"><div class=\"wp-block-embed__wrapper\">\n<div class=\"jeg_video_container jeg_video_content\"><iframe loading=\"lazy\" title=\"Brasileira Maya Gabeira bate recorde da maior onda j\u00e1 surfada por uma mulher\" width=\"500\" height=\"281\" src=\"https:\/\/www.youtube.com\/embed\/5TmkGj2mZi4?feature=oembed\" frameborder=\"0\" allow=\"accelerometer; autoplay; clipboard-write; encrypted-media; gyroscope; picture-in-picture; web-share\" referrerpolicy=\"strict-origin-when-cross-origin\" allowfullscreen><\/iframe><\/div>\n<\/div><\/figure>\n\n\n\n<h2 class=\"wp-block-heading\"><strong>Onda foi registrada e analisada por especialistas<\/strong><\/h2>\n\n\n\n<p class=\"wp-block-paragraph\">A dimens\u00e3o da onda n\u00e3o foi determinada apenas pela impress\u00e3o causada pelas imagens. Como medir ondas gigantes \u00e9 uma tarefa complexa, o registro passou por uma an\u00e1lise cient\u00edfica antes da confirma\u00e7\u00e3o oficial.<\/p>\n\n\n\n<p class=\"wp-block-paragraph\">Equipes da <strong>University of Southern California, da WaveCo Science Team e da Scripps Institution of Oceanography<\/strong> examinaram fotografias e v\u00eddeos feitos durante o momento.<\/p>\n\n\n\n<p class=\"wp-block-paragraph\">Para chegar \u00e0 medida final, os especialistas utilizaram coordenadas reais e diferentes pontos de refer\u00eancia presentes nas imagens. Entre os par\u00e2metros considerados estavam a altura da pr\u00f3pria surfista e o comprimento de sua prancha.<\/p>\n\n\n\n<p class=\"wp-block-paragraph\">O resultado das an\u00e1lises apontou para <strong>22,4 metros<\/strong>, medida posteriormente validada pelo Red Bull Big Wave Award. A World Surf League tamb\u00e9m reconheceu Maya como vencedora do pr\u00eamio <strong>cbdMD XXL Biggest Wave Award<\/strong>.<\/p>\n\n\n\n<p class=\"wp-block-paragraph\">A pr\u00f3pria surfista descreveu a experi\u00eancia como especial, embora cercada de medo diante da dimens\u00e3o da onda.<\/p>\n\n\n\n<h2 class=\"wp-block-heading\"><strong>Recorde anterior tamb\u00e9m havia sido estabelecido por Maya<\/strong><\/h2>\n\n\n\n<p class=\"wp-block-paragraph\">A marca de 2020 teve um significado ainda maior porque n\u00e3o era a primeira vez que Maya Gabeira fazia hist\u00f3ria em Nazar\u00e9.<\/p>\n\n\n\n<p class=\"wp-block-paragraph\">Em <strong>2018<\/strong>, a brasileira havia estabelecido o recorde feminino de maior onda surfada no mundo. Dois anos depois, voltou \u00e0s mesmas \u00e1guas e aumentou a pr\u00f3pria marca.<\/p>\n\n\n\n<p class=\"wp-block-paragraph\">Nazar\u00e9 se tornou um dos principais palcos mundiais para ondas gigantes devido \u00e0s caracter\u00edsticas do fundo submarino da regi\u00e3o, que contribuem para a forma\u00e7\u00e3o de paredes de \u00e1gua extraordin\u00e1rias.<\/p>\n\n\n\n<p class=\"wp-block-paragraph\">O local fica aproximadamente <strong>120 quil\u00f4metros ao norte de Lisboa<\/strong>, capital portuguesa, e tamb\u00e9m \u00e9 cen\u00e1rio do recorde masculino.<\/p>\n\n\n\n<h2 class=\"wp-block-heading\"><strong>Brasileira enfrentou acidentes e traumas na carreira<\/strong><\/h2>\n\n\n\n<p class=\"wp-block-paragraph\">A trajet\u00f3ria de Maya at\u00e9 os recordes foi marcada por momentos de extremo risco. Em <strong>2013<\/strong>, um acidente em Nazar\u00e9 a deixou inconsciente dentro da \u00e1gua. Ela acabou sendo resgatada pelo tamb\u00e9m surfista brasileiro <strong>Carlos Burle<\/strong>.<\/p>\n\n\n\n<p class=\"wp-block-paragraph\">Mesmo depois do epis\u00f3dio, das les\u00f5es e de outros traumas graves, Maya continuou ligada ao esporte.<\/p>\n\n\n\n<p class=\"wp-block-paragraph\">Sua carreira profissional come\u00e7ou em <strong>2004<\/strong>, quando tinha apenas 17 anos. Cinco anos depois, em 2009, recebeu um <strong>pr\u00eamio ESPY<\/strong> na categoria de Melhor Atleta Feminina de Esportes de A\u00e7\u00e3o.<\/p>\n\n\n\n<p class=\"wp-block-paragraph\">A rela\u00e7\u00e3o com as ondas gigantes, portanto, foi constru\u00edda ao longo de anos de treinamento e desafios.<\/p>\n\n\n\n<h2 class=\"wp-block-heading\"><strong>Uma marca que entrou para a hist\u00f3ria<\/strong><\/h2>\n\n\n\n<p class=\"wp-block-paragraph\">Ao conquistar os 22,4 metros em 2020, Maya transformou uma onda gigantesca em uma marca hist\u00f3rica para o esporte feminino.<\/p>\n\n\n\n<p class=\"wp-block-paragraph\">O feito tamb\u00e9m colocou novamente o Brasil no centro do surfe de ondas grandes. No masculino, o pa\u00eds tamb\u00e9m possui uma marca hist\u00f3rica em Nazar\u00e9: <strong>Rodrigo Koxa surfou uma onda de 24,38 metros<\/strong>, equivalente a 80 p\u00e9s.<\/p>\n\n\n\n<p class=\"wp-block-paragraph\"><\/p>\n","protected":false},"excerpt":{"rendered":"<p>H\u00e1 exatamente seis anos, uma brasileira protagonizou uma das cenas mais impressionantes da hist\u00f3ria do surfe. Em 11 de fevereiro de 2020, Maya Gabeira desafiou as gigantescas ondas da Praia do Norte, em Nazar\u00e9, Portugal, e surfou uma parede de \u00e1gua de 22,4 metros de altura, equivalente a 73,5 p\u00e9s \u2014 aproximadamente a altura de [&hellip;]<\/p>\n","protected":false},"author":9,"featured_media":44858,"comment_status":"closed","ping_status":"closed","sticky":false,"template":"","format":"standard","meta":{"jnews-multi-image_gallery":[],"jnews_single_post":{"format":"standard"},"jnews_primary_category":[],"jnews_social_meta":[],"jnews_post_split":[],"footnotes":""},"categories":[1],"tags":[],"class_list":["post-57290","post","type-post","status-publish","format-standard","has-post-thumbnail","hentry","category-geral"],"_referencia":"","_links":{"self":[{"href":"https:\/\/diariodocomercio.com.br\/mix\/wp-json\/wp\/v2\/posts\/57290","targetHints":{"allow":["GET"]}}],"collection":[{"href":"https:\/\/diariodocomercio.com.br\/mix\/wp-json\/wp\/v2\/posts"}],"about":[{"href":"https:\/\/diariodocomercio.com.br\/mix\/wp-json\/wp\/v2\/types\/post"}],"author":[{"embeddable":true,"href":"https:\/\/diariodocomercio.com.br\/mix\/wp-json\/wp\/v2\/users\/9"}],"replies":[{"embeddable":true,"href":"https:\/\/diariodocomercio.com.br\/mix\/wp-json\/wp\/v2\/comments?post=57290"}],"version-history":[{"count":1,"href":"https:\/\/diariodocomercio.com.br\/mix\/wp-json\/wp\/v2\/posts\/57290\/revisions"}],"predecessor-version":[{"id":57292,"href":"https:\/\/diariodocomercio.com.br\/mix\/wp-json\/wp\/v2\/posts\/57290\/revisions\/57292"}],"wp:featuredmedia":[{"embeddable":true,"href":"https:\/\/diariodocomercio.com.br\/mix\/wp-json\/wp\/v2\/media\/44858"}],"wp:attachment":[{"href":"https:\/\/diariodocomercio.com.br\/mix\/wp-json\/wp\/v2\/media?parent=57290"}],"wp:term":[{"taxonomy":"category","embeddable":true,"href":"https:\/\/diariodocomercio.com.br\/mix\/wp-json\/wp\/v2\/categories?post=57290"},{"taxonomy":"post_tag","embeddable":true,"href":"https:\/\/diariodocomercio.com.br\/mix\/wp-json\/wp\/v2\/tags?post=57290"}],"curies":[{"name":"wp","href":"https:\/\/api.w.org\/{rel}","templated":true}]}}