{"id":57293,"date":"2026-09-05T14:43:00","date_gmt":"2026-09-05T17:43:00","guid":{"rendered":"https:\/\/diariodocomercio.com.br\/mix\/?p=57293"},"modified":"2026-08-31T22:25:22","modified_gmt":"2026-09-01T01:25:22","slug":"viagem-por-um-dos-rios-mais-famosos-do-mundo-permite-conhecer-5-paises-em-poucos-dias-na-europa","status":"publish","type":"post","link":"https:\/\/diariodocomercio.com.br\/mix\/viagem-por-um-dos-rios-mais-famosos-do-mundo-permite-conhecer-5-paises-em-poucos-dias-na-europa\/","title":{"rendered":"Viagem por um dos rios mais famosos do mundo permite conhecer 5 pa\u00edses em poucos dias na Europa"},"content":{"rendered":"\n<p class=\"wp-block-paragraph\">Percorrer o <strong>rio Dan\u00fabio<\/strong> \u00e9 embarcar em uma viagem que combina hist\u00f3ria, cultura e paisagens de diferentes pa\u00edses europeus. Em um roteiro de poucos dias, o viajante pode acompanhar cerca de <strong>600 quil\u00f4metros do curso do rio e passar por cinco pa\u00edses: Hungria, Eslov\u00e1quia, \u00c1ustria, Rep\u00fablica Tcheca e Alemanha<\/strong>, conectados por uma das principais vias naturais do continente.<\/p>\n\n\n\n<p class=\"wp-block-paragraph\">O Dan\u00fabio \u00e9 muito mais que um cen\u00e1rio bonito em viagens, ele funciona como uma esp\u00e9cie de corredor hist\u00f3rico. Ao longo de suas margens est\u00e3o cidades que foram centros de grandes imp\u00e9rios, constru\u00e7\u00f5es medievais, fortalezas, vilarejos e monumentos que ajudam a contar diferentes cap\u00edtulos da hist\u00f3ria europeia.<\/p>\n\n\n\n<p class=\"wp-block-paragraph\">Para quem nunca fez uma viagem fluvial, o Dan\u00fabio pode ser uma porta de entrada para esse tipo de turismo. O ritmo mais tranquilo do rio permite observar as mudan\u00e7as na paisagem sem a necessidade de acompanhar estradas ou ferrovias.<\/p>\n\n\n\n<p class=\"wp-block-paragraph\">H\u00e1 op\u00e7\u00f5es de <strong>cruzeiros de aproximadamente uma semana<\/strong> pelo chamado Dan\u00fabio Cl\u00e1ssico, passando por alguns dos principais pontos tur\u00edsticos entre Alemanha, \u00c1ustria e Hungria. Tamb\u00e9m existem roteiros de cerca de duas semanas que seguem em dire\u00e7\u00e3o ao Baixo Dan\u00fabio e chegam at\u00e9 regi\u00f5es pr\u00f3ximas ao delta do rio.<\/p>\n\n\n\n<p class=\"wp-block-paragraph\">Entre os destaques est\u00e1 o <strong>vale de Wachau<\/strong>, na \u00c1ustria. O trecho tem aproximadamente 39 quil\u00f4metros e \u00e9 reconhecido como Patrim\u00f4nio Mundial pela Unesco. Vinhedos em terra\u00e7os, pomares, abadias e fortalezas medievais aparecem \u00e0s margens do rio, formando uma das paisagens mais conhecidas do percurso.<\/p>\n\n\n\n<p class=\"wp-block-paragraph\">Depois, o roteiro pode alcan\u00e7ar <strong>Viena<\/strong>, marcada pelos antigos pal\u00e1cios da dinastia Habsburgo, e <strong>Budapeste<\/strong>, conhecida pela arquitetura e pelos tradicionais banhos termais.<\/p>\n\n\n<div class=\"wp-block-image\">\n<figure class=\"aligncenter size-large\"><img decoding=\"async\" width=\"1200\" height=\"675\" src=\"https:\/\/diariodocomercio.com.br\/mix\/wp-content\/uploads\/2026\/09\/budapest-parliament-hungary-342093995-1200x675.webp\" alt=\"budapeste cruzeiro rio\" class=\"wp-image-57373\" srcset=\"https:\/\/diariodocomercio.com.br\/mix\/wp-content\/uploads\/2026\/09\/budapest-parliament-hungary-342093995-1200x675.webp 1200w, https:\/\/diariodocomercio.com.br\/mix\/wp-content\/uploads\/2026\/09\/budapest-parliament-hungary-342093995-300x169.webp 300w, https:\/\/diariodocomercio.com.br\/mix\/wp-content\/uploads\/2026\/09\/budapest-parliament-hungary-342093995-768x432.webp 768w, https:\/\/diariodocomercio.com.br\/mix\/wp-content\/uploads\/2026\/09\/budapest-parliament-hungary-342093995-1536x864.webp 1536w, https:\/\/diariodocomercio.com.br\/mix\/wp-content\/uploads\/2026\/09\/budapest-parliament-hungary-342093995-150x84.webp 150w, https:\/\/diariodocomercio.com.br\/mix\/wp-content\/uploads\/2026\/09\/budapest-parliament-hungary-342093995-750x422.webp 750w, https:\/\/diariodocomercio.com.br\/mix\/wp-content\/uploads\/2026\/09\/budapest-parliament-hungary-342093995-1140x641.webp 1140w, https:\/\/diariodocomercio.com.br\/mix\/wp-content\/uploads\/2026\/09\/budapest-parliament-hungary-342093995.webp 1920w\" sizes=\"(max-width: 1200px) 100vw, 1200px\" \/><figcaption class=\"wp-element-caption\">Foto: (Reprodu\u00e7\u00e3o\/Shutterstock)<\/figcaption><\/figure>\n<\/div>\n\n\n<h2 class=\"wp-block-heading\"><strong>Caminho tamb\u00e9m pode ser percorrido de bicicleta<\/strong><\/h2>\n\n\n\n<p class=\"wp-block-paragraph\">O Dan\u00fabio n\u00e3o precisa ser explorado apenas a bordo de uma embarca\u00e7\u00e3o. O <strong>Danube Cycle Path<\/strong>, ou Caminho Cicl\u00e1vel do Dan\u00fabio, acompanha o curso do rio desde a regi\u00e3o da Floresta Negra, na Alemanha, at\u00e9 o Mar Negro.<\/p>\n\n\n\n<p class=\"wp-block-paragraph\">Percorrer toda a extens\u00e3o de bicicleta \u00e9 uma aventura que pode levar <strong>entre um m\u00eas e seis semanas<\/strong>. A primeira parte da rota, entre a Alemanha e Budapeste, \u00e9 considerada mais acess\u00edvel, com trechos predominantemente planos, infraestrutura tur\u00edstica e boa sinaliza\u00e7\u00e3o.<\/p>\n\n\n\n<p class=\"wp-block-paragraph\">A segunda parte exige mais planejamento, principalmente pela menor disponibilidade de servi\u00e7os tur\u00edsticos e pela exist\u00eancia de trechos sem pavimenta\u00e7\u00e3o.<\/p>\n\n\n\n<p class=\"wp-block-paragraph\">O trajeto tamb\u00e9m pode ser adaptado para fam\u00edlias. Como h\u00e1 poucos desn\u00edveis, principalmente no trecho superior do Dan\u00fabio, a rota entre <strong>Passau, na Alemanha, e Viena<\/strong> \u00e9 considerada uma alternativa interessante para quem viaja com crian\u00e7as.<\/p>\n\n\n\n<h2 class=\"wp-block-heading\"><strong>Um rio que atravessa dez pa\u00edses<\/strong><\/h2>\n\n\n\n<p class=\"wp-block-paragraph\">Embora o roteiro cl\u00e1ssico permita conhecer cinco pa\u00edses em poucos dias, o Dan\u00fabio possui uma dimens\u00e3o ainda maior. O rio percorre ou forma fronteiras de <strong>dez pa\u00edses<\/strong>, sendo considerado um dos principais rios internacionais da Europa.<\/p>\n\n\n\n<p class=\"wp-block-paragraph\">A facilidade para atravessar determinadas fronteiras depende das regras de cada pa\u00eds. Entre na\u00e7\u00f5es integrantes da Uni\u00e3o Europeia e do espa\u00e7o Schengen, a circula\u00e7\u00e3o \u00e9 mais simples. J\u00e1 a entrada em pa\u00edses que n\u00e3o fazem parte desses acordos exige passagem por pontos oficiais de fronteira e apresenta\u00e7\u00e3o do passaporte.<\/p>\n\n\n\n<p class=\"wp-block-paragraph\">Quanto mais o viajante avan\u00e7a para o leste, por\u00e9m, a infraestrutura tur\u00edstica e a disponibilidade de informa\u00e7\u00f5es em ingl\u00eas podem diminuir. Essa caracter\u00edstica tamb\u00e9m transforma alguns trechos menos explorados em experi\u00eancias mais aventureiras.<\/p>\n\n\n\n<h2 class=\"wp-block-heading\"><strong>Da Europa dos grandes imp\u00e9rios \u00e0s paisagens naturais<\/strong><\/h2>\n\n\n\n<p class=\"wp-block-paragraph\">A diversidade \u00e9 um dos principais atrativos do Dan\u00fabio. Em determinadas regi\u00f5es, o visitante encontra grandes capitais europeias e monumentos ligados a antigos imp\u00e9rios. Em outras, surgem pequenas comunidades, fortalezas e \u00e1reas naturais preservadas.<\/p>\n\n\n\n<p class=\"wp-block-paragraph\">Na dire\u00e7\u00e3o dos B\u00e1lc\u00e3s, o rio revela atra\u00e7\u00f5es menos conhecidas do grande p\u00fablico. Na Cro\u00e1cia, por exemplo, est\u00e3o a fortaleza de <strong>Tvr\u0111a<\/strong>, constru\u00edda no s\u00e9culo XVIII, e o Parque Natural de <strong>Kopa\u010dki Rit<\/strong>, uma extensa \u00e1rea de v\u00e1rzea que abriga diversas esp\u00e9cies de aves.<\/p>\n\n\n\n<p class=\"wp-block-paragraph\">Na S\u00e9rvia, o Dan\u00fabio passa pela <strong>Fortaleza de Golubac<\/strong>, constru\u00edda junto \u00e0s encostas, al\u00e9m do desfiladeiro dos <strong>Port\u00f5es de Ferro<\/strong>, uma das paisagens mais impressionantes do curso do rio. A regi\u00e3o tamb\u00e9m abriga <strong>Lepenski Vir<\/strong>, s\u00edtio arqueol\u00f3gico considerado um dos mais antigos assentamentos planejados da Europa.<\/p>\n\n\n\n<p class=\"wp-block-paragraph\"><\/p>\n","protected":false},"excerpt":{"rendered":"<p>Percorrer o rio Dan\u00fabio \u00e9 embarcar em uma viagem que combina hist\u00f3ria, cultura e paisagens de diferentes pa\u00edses europeus. Em um roteiro de poucos dias, o viajante pode acompanhar cerca de 600 quil\u00f4metros do curso do rio e passar por cinco pa\u00edses: Hungria, Eslov\u00e1quia, \u00c1ustria, Rep\u00fablica Tcheca e Alemanha, conectados por uma das principais vias [&hellip;]<\/p>\n","protected":false},"author":9,"featured_media":57372,"comment_status":"closed","ping_status":"closed","sticky":false,"template":"","format":"standard","meta":{"jnews-multi-image_gallery":[],"jnews_single_post":{"format":"standard"},"jnews_primary_category":[],"jnews_social_meta":[],"jnews_post_split":[],"footnotes":""},"categories":[1],"tags":[],"class_list":["post-57293","post","type-post","status-publish","format-standard","has-post-thumbnail","hentry","category-geral"],"_referencia":"","_links":{"self":[{"href":"https:\/\/diariodocomercio.com.br\/mix\/wp-json\/wp\/v2\/posts\/57293","targetHints":{"allow":["GET"]}}],"collection":[{"href":"https:\/\/diariodocomercio.com.br\/mix\/wp-json\/wp\/v2\/posts"}],"about":[{"href":"https:\/\/diariodocomercio.com.br\/mix\/wp-json\/wp\/v2\/types\/post"}],"author":[{"embeddable":true,"href":"https:\/\/diariodocomercio.com.br\/mix\/wp-json\/wp\/v2\/users\/9"}],"replies":[{"embeddable":true,"href":"https:\/\/diariodocomercio.com.br\/mix\/wp-json\/wp\/v2\/comments?post=57293"}],"version-history":[{"count":2,"href":"https:\/\/diariodocomercio.com.br\/mix\/wp-json\/wp\/v2\/posts\/57293\/revisions"}],"predecessor-version":[{"id":57374,"href":"https:\/\/diariodocomercio.com.br\/mix\/wp-json\/wp\/v2\/posts\/57293\/revisions\/57374"}],"wp:featuredmedia":[{"embeddable":true,"href":"https:\/\/diariodocomercio.com.br\/mix\/wp-json\/wp\/v2\/media\/57372"}],"wp:attachment":[{"href":"https:\/\/diariodocomercio.com.br\/mix\/wp-json\/wp\/v2\/media?parent=57293"}],"wp:term":[{"taxonomy":"category","embeddable":true,"href":"https:\/\/diariodocomercio.com.br\/mix\/wp-json\/wp\/v2\/categories?post=57293"},{"taxonomy":"post_tag","embeddable":true,"href":"https:\/\/diariodocomercio.com.br\/mix\/wp-json\/wp\/v2\/tags?post=57293"}],"curies":[{"name":"wp","href":"https:\/\/api.w.org\/{rel}","templated":true}]}}