{"id":57303,"date":"2026-08-31T11:40:07","date_gmt":"2026-08-31T14:40:07","guid":{"rendered":"https:\/\/diariodocomercio.com.br\/mix\/?p=57303"},"modified":"2026-08-31T11:40:08","modified_gmt":"2026-08-31T14:40:08","slug":"especialistas-revelam-6-alimentos-que-brasileiros-devem-comer-nos-dias-de-calor","status":"publish","type":"post","link":"https:\/\/diariodocomercio.com.br\/mix\/especialistas-revelam-6-alimentos-que-brasileiros-devem-comer-nos-dias-de-calor\/","title":{"rendered":"Especialistas revelam 6 alimentos que brasileiros devem comer nos dias de calor"},"content":{"rendered":"\n<p class=\"wp-block-paragraph\">O inverno est\u00e1 chegando ao fim e o fen\u00f4meno El Ni\u00f1o deve trazer ainda mais calor para os brasileiros nos pr\u00f3ximos meses. Nesses dias quentes, refor\u00e7ar a hidrata\u00e7\u00e3o e escolher os alimentos certos \u00e9 fundamental para evitar aquele t\u00edpico mal-estar de dias mais quentes, ainda mais quando as altas temperaturas se combinam com baixa umidade do ar (mais um dos efeitos do El Ni\u00f1o). A jun\u00e7\u00e3o dos dois fatores pode causar irrita\u00e7\u00e3o nos olhos, ressecamento da pele e uma queda no rendimento f\u00edsico e mental, segundo o Metr\u00f3poles.<\/p>\n\n\n\n<h2 class=\"wp-block-heading\">Confira seis alimentos ideais para os dias de calor:<\/h2>\n\n\n\n<h3 class=\"wp-block-heading\">1. Melancia<\/h3>\n\n\n\n<p class=\"wp-block-paragraph\">\u00c9 claro que a melancia n\u00e3o poderia ficar de fora de uma lista do tipo. A fruta \u00e9 uma das queridinhas dos tempos de calor e n\u00e3o \u00e9 por acaso. Composta por cerca de 90% de \u00e1gua, ela ajuda a refor\u00e7ar a hidrata\u00e7\u00e3o, \u00e9 rica em vitaminas A e C, que protegem a pele e d\u00e3o energia, e ainda tem um leve efeito diur\u00e9tico, que ajuda a eliminar o excesso de l\u00edquidos.<\/p>\n\n\n\n<h3 class=\"wp-block-heading\">2. Mel\u00e3o<\/h3>\n\n\n\n<p class=\"wp-block-paragraph\">Outra fruta muito rica em \u00e1gua, rica em vitamina C e minerais como pot\u00e1ssio, o mel\u00e3o \u00e9 outro alimento queridinho do ver\u00e3o.<\/p>\n\n\n\n<h3 class=\"wp-block-heading\">3. Laranja<\/h3>\n\n\n\n<p class=\"wp-block-paragraph\">\u00daltima fruta da nossa lista, a laranja tamb\u00e9m \u00e9 rica em \u00e1gua e nutrientes, ajudando a repor l\u00edquidos e nutrientes que voc\u00ea vai perdendo nos dias quentes, principalmente nos que voc\u00ea sua bastante. <\/p>\n\n\n\n<h3 class=\"wp-block-heading\">4. Alface<\/h3>\n\n\n\n<p class=\"wp-block-paragraph\">Com bastante \u00e1gua em sua composi\u00e7\u00e3o, a alface \u00e9 bastante recomendada para os dias de calor. Ironicamente, ao mesmo tempo, o tempo quente pode prejudicar bastante o cultivo dessa verdura.<\/p>\n\n\n\n<h3 class=\"wp-block-heading\">5. Tomate<\/h3>\n\n\n\n<p class=\"wp-block-paragraph\">A essa altura do campeonato, corremos o risco de come\u00e7ar a nos repetir. O tomate \u00e9 mais um exemplo de alimento rico em \u00e1gua e nutrientes e que \u00e9 uma \u00f3tima op\u00e7\u00e3o para o ver\u00e3o.<\/p>\n\n\n\n<h3 class=\"wp-block-heading\">6. Pepino<\/h3>\n\n\n\n<p class=\"wp-block-paragraph\">Mais um exemplo de alimento rico em \u00e1gua, leve e com nutrientes. <\/p>\n\n\n<style>@media (min-width: 992px) {\n    .recomendadorV2Area1 {\n        width: 280px;\n    }\n    .recomendadorV2Area2 {\n        padding: 0px 20px;\n        width: calc(100% - 280px);\n    }\n}\n\n@media (max-width: 992px) {\n    .recomendadorV2Button {\n        margin: 0 auto;\n    }\n    .recomendadorV2Area {\n        flex-direction: column;\n        text-align: center;\n    }\n    .recomendadorV2Area2 {\n        padding: 0px 20px;\n    }\n}\n\n.recomendadorV2Area {\n    background: #eeeeee3d;\n    border-radius: 10px;\n    padding: 15px;\n    display: flex;\n    margin: 15px auto;\n    border: 1px solid #00000014;\n    max-width: 800px;\n}\n\n.recomendadorV2Area1 img {\n    width: 280px;\n    height: auto;\n    border-radius: 8px;\n}\n\n.linkrecomendadorv2 {\n    text-decoration: none !important;\n}\n\n.recomendadorV2Area2 .recomendadorV2Type {\n    text-transform: uppercase;\n    font-weight: 500;\n    font-size: 11px;\n    letter-spacing: 2px;\n    color: #666;\n    margin: 12px 0;\n    display: block;\n}\n\n.recomendadorV2Title h2 {\n    padding-top: 0px !important;\n    margin: 0px !important;\n    border-left: none !important;\n    padding-left: 0px !important;\n    line-height: 1.3;\n    color: #000 !important;\n    font-size: 24px;\n    margin-bottom: 12px !important;\n}\n\n.recomendadorV2Desc {\n    color: #333;\n    margin: 12px 0px !important;\n    font-size: 15px;\n    line-height: 1.5;\n}\n\n.recomendadorV2Button {\n    width: auto;\n    max-width: 200px;\n    margin: 0;\n    display: inline-flex;\n    align-items: center;\n    background: #1D3557;\n    border-radius: 8px;\n    color: #fff;\n    height: 36px;\n    justify-content: center;\n    text-align: center;\n    font-size: 14px;\n    padding: 0 20px;\n    transition: background-color 0.2s ease;\n}\n\n.recomendadorV2Button:hover {\n    background: #2a4d7a;\n}\n\n.recomendadorV2Button:after {\n    margin-top: -2px;\n    content: \"\u2192\";\n    padding: 0px 0px 0px 8px;\n}\n\n.recomendadorV2Alert {\n    text-align: left;\n    font-size: 11px;\n    margin-top: 8px;\n    color: #666;\n}\n\n.recomendadorFixedArea {\n    width: 100%;\n    display: flex;\n    justify-content: center;\n    align-items: center;\n}\n\n@media (min-width: 992px) {\n    #recomendadorFixed {\n        width: 32% !important;\n        left: 5%;\n    }\n    .recomendadorCloseFixed{\n        right: inherit !important;\n        left: 378px !important;\n    }\n}\n\n#recomendadorFixed {\n    width: 90%;\n    box-shadow: 0 10px 20px 0px #00000057;\n    display: none;\n    height: 90px;\n    background: #F6F6F6;\n    position: fixed;\n    flex-direction: row;\n    bottom: 10px;\n    z-index: 9999;\n    border-radius: 16px;\n    padding: 7px 10px;\n}\n\n.recomendadorLeftArea {\n    width: 160px;\n}\n\n.recomendadorRightArea h2 {\n    padding-top: 0px;\n    margin: 2px 0px 4px 0px !important;\n    font-weight: 400;\n    text-align: center;\n    padding-left: 0px !important;\n    color: #000 !important;\n    border-left: none !important;\n    line-height: 20px;\n    font-size: 12px !important;\n}\n\n.recomendadorImgFixed {\n    overflow: hidden;\n    padding: 8px 6px;\n    height: 100%;\n}\n\n.recomendadorImgFixed img {\n    height: 100% !important;\n    border-radius: 16px;\n}\n\n.recomendadorRightArea {\n    padding-top: 6px;\n    display: flex;\n    width: calc(100% - 130px);\n    justify-content: space-between;\n    align-items: center;\n    flex-direction: column;\n}\n\n.recomendadorButtonFixed {\n    margin: 0 auto;\n    background: #1D3557;\n    width: 80%;\n    text-align: center;\n    font-size: 10px;\n    color: #FFF;\n    padding: 2px 10px;\n    border-radius: 3px;\n}\n\n.recomendadorButtonFixed:after {\n    margin-top: -3px;\n    content: \"\u2192\";\n    padding: 0px 0px 0px 10px;\n}\n\n.recomendadorAlertFixed {\n    font-weight: 400;\n    text-align: center;\n    color: #484848;\n    font-size: 8px;\n}\n\n.recomendadorCloseFixed {\n    z-index: 99999;\n    display: none;\n    right: 0px;\n    left: inherit;\n    bottom: 99px;\n    position: fixed;\n    justify-content: center;\n    background: #F6F6F6;\n    width: 25px;\n    align-items: center;\n    height: 25px;\n    font-weight: 800;\n    border-radius: 50%;\n    border: 1px solid #EBEBEB;\n}\n\n.recomendadorV2Desc{\n    color: #000000;\n    margin: 20px 0px;\n}\n\n@media (max-width: 576px) {\n    .recomendadorV2Area {\n      padding: 10px;\n      max-width: 100%;\n    }\n  \n    .recomendadorV2Area1 img {\n      width: 100%;\n      border-radius: 6px;\n    }\n  \n    .recomendadorV2Area2 .recomendadorV2Type {\n      font-size: 9px;\n      letter-spacing: 1px;\n      margin: 8px 0;\n    }\n  \n    .recomendadorV2Title h2 {\n      font-size: 18px !important;\n      margin-bottom: 8px !important;\n      line-height: 1.2;\n    }\n  \n    .recomendadorV2Desc {\n      font-size: 14px;\n      margin: 8px 0 !important;\n      line-height: 1.4;\n    }\n  \n    .recomendadorV2Button {\n      font-size: 14px;\n      height: 40px;\n      padding: 0 12px;\n      max-width: 100%;\n      width: 100%;\n    }\n  \n    .recomendadorV2Button:after {\n      padding-left: 6px;\n    }\n  }\n  <\/style>\n        <div class=\"lazyblock-recomendador-v2-2jDGz wp-block-lazyblock-recomendador-v2\">\n        <a class=\"linkrecomendadorv2\" href=\"https:\/\/diariodocomercio.com.br\/mix\/melhor-remedio-para-quem-tem-dificuldade-em-dormir-chega-ao-brasil\/%20\">\n            <div class=\"recomendadorV2Area\">\n            <div class=\"recomendadorV2Area1\">\n                <div class=\"recomendadorV2Img\">\n                <img width=\"768\" height=\"346\" src=\"https:\/\/diariodocomercio.com.br\/mix\/wp-content\/uploads\/2026\/08\/remedio-dormir-768x346.jpg\" class=\"lazyloaded\" alt=\"\" sizes=\"auto, (min-width: 577px) 280px, calc(100vw - 20px)\" decoding=\"async\" loading=\"lazy\" srcset=\"https:\/\/diariodocomercio.com.br\/mix\/wp-content\/uploads\/2026\/08\/remedio-dormir-768x346.jpg 768w, https:\/\/diariodocomercio.com.br\/mix\/wp-content\/uploads\/2026\/08\/remedio-dormir-300x135.jpg 300w, https:\/\/diariodocomercio.com.br\/mix\/wp-content\/uploads\/2026\/08\/remedio-dormir-150x68.jpg 150w, https:\/\/diariodocomercio.com.br\/mix\/wp-content\/uploads\/2026\/08\/remedio-dormir-750x338.jpg 750w, https:\/\/diariodocomercio.com.br\/mix\/wp-content\/uploads\/2026\/08\/remedio-dormir-1140x513.jpg 1140w, https:\/\/diariodocomercio.com.br\/mix\/wp-content\/uploads\/2026\/08\/remedio-dormir.jpg 1200w\" \/>\n                <\/div>\n            <\/div>\n            <div class=\"recomendadorV2Area2\">\n                <div class=\"recomendadorV2Type\">\n                    <span>MEDICAMENTO t\u00edtulo=Melhor rem\u00e9dio para quem tem dificuldade em dormir chega ao Brasil <\/span>\n                <\/div>\n                <div class=\"recomendadorV2Title\">\n                <h2><span><\/span><\/h2>\n                <\/div>\n                <div class=\"recomendadorV2Desc\">\n                <span>Segundo uma pesquisa do Instituto de Psiquiatria (IPq) da Faculdade de Medicina da USP (FMUSP), um em cada tr\u00eas brasileiros \u2026 <\/span>\n                <\/div>\n                <div class=\"recomendadorV2Button\">Leia mais <\/div>\n                <div class=\"recomendadorV2Alert\"><\/div>\n            <\/div>\n            <\/div>\n        <\/a>\n        <div>\n            <div style=\"z-index:99999;\" id=\"buttonClose\" onclick=\"closeRecomendadorFixed()\">\n            <div class=\"recomendadorCloseFixed\">X<\/div>\n            <\/div>\n            <a href=\"https:\/\/diariodocomercio.com.br\/mix\/melhor-remedio-para-quem-tem-dificuldade-em-dormir-chega-ao-brasil\/%20\">\n            <div class=\"recomendadorFixedArea\">\n                <div id=\"recomendadorFixed\">\n                <div class=\"recomendadorLeftArea\">\n                    <div class=\"recomendadorImgFixed\">\n                    <img width=\"300\" height=\"135\" src=\"https:\/\/diariodocomercio.com.br\/mix\/wp-content\/uploads\/2026\/08\/remedio-dormir-300x135.jpg\" class=\"lazyload\" alt=\"\" sizes=\"auto, 160px\" decoding=\"async\" loading=\"lazy\" srcset=\"https:\/\/diariodocomercio.com.br\/mix\/wp-content\/uploads\/2026\/08\/remedio-dormir-300x135.jpg 300w, https:\/\/diariodocomercio.com.br\/mix\/wp-content\/uploads\/2026\/08\/remedio-dormir-768x346.jpg 768w, https:\/\/diariodocomercio.com.br\/mix\/wp-content\/uploads\/2026\/08\/remedio-dormir-150x68.jpg 150w, https:\/\/diariodocomercio.com.br\/mix\/wp-content\/uploads\/2026\/08\/remedio-dormir-750x338.jpg 750w, https:\/\/diariodocomercio.com.br\/mix\/wp-content\/uploads\/2026\/08\/remedio-dormir-1140x513.jpg 1140w, https:\/\/diariodocomercio.com.br\/mix\/wp-content\/uploads\/2026\/08\/remedio-dormir.jpg 1200w\" \/>\n                    <\/div>\n                <\/div>\n                <div class=\"recomendadorRightArea\">\n                    <div class=\"recomendadorTitleFixed\">\n                    <h2><span><\/span><\/h2>\n                    <\/div>\n                    <div class=\"recomendadorButtonFixed\">Leia mais <\/div>\n                    <div class=\"recomendadorAlertFixed\"><\/div>\n                <\/div>\n                <\/div>\n            <\/div>\n            <\/a>\n        <\/div>\n        <\/div>\n","protected":false},"excerpt":{"rendered":"<p>O inverno est\u00e1 chegando ao fim e o fen\u00f4meno El Ni\u00f1o deve trazer ainda mais calor para os brasileiros nos pr\u00f3ximos meses. Nesses dias quentes, refor\u00e7ar a hidrata\u00e7\u00e3o e escolher os alimentos certos \u00e9 fundamental para evitar aquele t\u00edpico mal-estar de dias mais quentes, ainda mais quando as altas temperaturas se combinam com baixa umidade [&hellip;]<\/p>\n","protected":false},"author":6,"featured_media":45484,"comment_status":"closed","ping_status":"closed","sticky":false,"template":"","format":"standard","meta":{"jnews-multi-image_gallery":[],"jnews_single_post":{"format":"standard"},"jnews_primary_category":[],"jnews_social_meta":[],"jnews_post_split":[],"footnotes":""},"categories":[1],"tags":[],"class_list":["post-57303","post","type-post","status-publish","format-standard","has-post-thumbnail","hentry","category-geral"],"_referencia":"","_links":{"self":[{"href":"https:\/\/diariodocomercio.com.br\/mix\/wp-json\/wp\/v2\/posts\/57303","targetHints":{"allow":["GET"]}}],"collection":[{"href":"https:\/\/diariodocomercio.com.br\/mix\/wp-json\/wp\/v2\/posts"}],"about":[{"href":"https:\/\/diariodocomercio.com.br\/mix\/wp-json\/wp\/v2\/types\/post"}],"author":[{"embeddable":true,"href":"https:\/\/diariodocomercio.com.br\/mix\/wp-json\/wp\/v2\/users\/6"}],"replies":[{"embeddable":true,"href":"https:\/\/diariodocomercio.com.br\/mix\/wp-json\/wp\/v2\/comments?post=57303"}],"version-history":[{"count":1,"href":"https:\/\/diariodocomercio.com.br\/mix\/wp-json\/wp\/v2\/posts\/57303\/revisions"}],"predecessor-version":[{"id":57306,"href":"https:\/\/diariodocomercio.com.br\/mix\/wp-json\/wp\/v2\/posts\/57303\/revisions\/57306"}],"wp:featuredmedia":[{"embeddable":true,"href":"https:\/\/diariodocomercio.com.br\/mix\/wp-json\/wp\/v2\/media\/45484"}],"wp:attachment":[{"href":"https:\/\/diariodocomercio.com.br\/mix\/wp-json\/wp\/v2\/media?parent=57303"}],"wp:term":[{"taxonomy":"category","embeddable":true,"href":"https:\/\/diariodocomercio.com.br\/mix\/wp-json\/wp\/v2\/categories?post=57303"},{"taxonomy":"post_tag","embeddable":true,"href":"https:\/\/diariodocomercio.com.br\/mix\/wp-json\/wp\/v2\/tags?post=57303"}],"curies":[{"name":"wp","href":"https:\/\/api.w.org\/{rel}","templated":true}]}}