{"id":57304,"date":"2026-08-31T11:40:00","date_gmt":"2026-08-31T14:40:00","guid":{"rendered":"https:\/\/diariodocomercio.com.br\/mix\/?p=57304"},"modified":"2026-08-31T11:40:02","modified_gmt":"2026-08-31T14:40:02","slug":"aposentados-que-ficaram-fora-da-antecipacao-ainda-recebem-o-13o-salario-veja-quando-o-dinheiro-entra","status":"publish","type":"post","link":"https:\/\/diariodocomercio.com.br\/mix\/aposentados-que-ficaram-fora-da-antecipacao-ainda-recebem-o-13o-salario-veja-quando-o-dinheiro-entra\/","title":{"rendered":"Aposentados que ficaram fora da antecipa\u00e7\u00e3o ainda recebem o 13\u00ba sal\u00e1rio; veja quando o dinheiro entra"},"content":{"rendered":"\n<p class=\"wp-block-paragraph\">O Instituto Nacional do Seguro Social definiu que os segurados que tiveram seus benef\u00edcios concedidos a partir do <strong>m\u00eas de maio<\/strong> receber\u00e3o o <strong>13\u00ba sal\u00e1rio<\/strong> apenas em <strong>novembro<\/strong>, de acordo com o calend\u00e1rio regular de pagamentos. A informa\u00e7\u00e3o foi divulgada pelo pr\u00f3prio \u00f3rg\u00e3o previdenci\u00e1rio.<\/p>\n\n\n\n<p class=\"wp-block-paragraph\">Para os aposentados, pensionistas e demais benefici\u00e1rios que j\u00e1 estavam em gozo do benef\u00edcio at\u00e9 abril, o INSS promoveu a antecipa\u00e7\u00e3o do abono anual, com os dep\u00f3sitos realizados nos meses de abril e maio. Essa medida, por\u00e9m, n\u00e3o se estende aos segurados que tiveram o benef\u00edcio concedido ap\u00f3s o per\u00edodo da antecipa\u00e7\u00e3o. Para esses, o pagamento ocorrer\u00e1 no m\u00eas de novembro, desde que o benef\u00edcio concedido d\u00ea direito ao abono.<\/p>\n\n\n\n<h2 class=\"wp-block-heading\">Datas de dep\u00f3sito<\/h2>\n\n\n\n<p class=\"wp-block-paragraph\">Os dep\u00f3sitos referentes ao m\u00eas de novembro ocorrer\u00e3o entre os dias 24 de novembro e 7 de dezembro, conforme a numera\u00e7\u00e3o final do cart\u00e3o de benef\u00edcio. O 13\u00ba sal\u00e1rio \u00e9 destinado aos titulares de benef\u00edcios previdenci\u00e1rios, como aposentadorias e pens\u00f5es por morte, al\u00e9m de outros benef\u00edcios previstos em legisla\u00e7\u00e3o especial.<\/p>\n\n\n\n<p class=\"wp-block-paragraph\">Ficam exclu\u00eddos do direito ao abono anual os benefici\u00e1rios do Benef\u00edcio de Presta\u00e7\u00e3o Continuada, conhecido como BPC ou Loas, uma vez que se trata de um benef\u00edcio de natureza assistencial, e n\u00e3o previdenci\u00e1ria.<\/p>\n\n\n\n<p class=\"wp-block-paragraph\">Para os benef\u00edcios de car\u00e1ter tempor\u00e1rio ou aqueles concedidos posteriormente ao per\u00edodo de antecipa\u00e7\u00e3o, como o aux\u00edlio por incapacidade tempor\u00e1ria e o sal\u00e1rio-maternidade, o c\u00e1lculo do 13\u00ba sal\u00e1rio \u00e9 feito de forma proporcional ao per\u00edodo efetivo de recebimento. Nesses casos, o pagamento ocorre durante a pr\u00f3pria vig\u00eancia do benef\u00edcio, observadas as regras espec\u00edficas aplic\u00e1veis a cada modalidade.<\/p>\n\n\n\n<p class=\"wp-block-paragraph\">O INSS orienta os segurados a verificarem o extrato de pagamento e o calend\u00e1rio dispon\u00edvel nos canais oficiais para confirmar as datas e os valores a serem recebidos. A institui\u00e7\u00e3o tamb\u00e9m recomenda que os benefici\u00e1rios mantenham seus dados cadastrais atualizados para evitar qualquer tipo de bloqueio ou suspens\u00e3o no pagamento do abono anual. Qualquer d\u00favida pode ser esclarecida por meio da central de atendimento <strong>135<\/strong> ou pelo aplicativo <strong>Meu INSS.<\/strong><\/p>\n","protected":false},"excerpt":{"rendered":"<p>Repasses foram confirmados. Confira detalhes.<\/p>\n","protected":false},"author":12,"featured_media":11031,"comment_status":"closed","ping_status":"closed","sticky":false,"template":"","format":"standard","meta":{"jnews-multi-image_gallery":[],"jnews_single_post":{"format":"standard"},"jnews_primary_category":[],"jnews_social_meta":[],"jnews_post_split":[],"footnotes":""},"categories":[1],"tags":[],"class_list":["post-57304","post","type-post","status-publish","format-standard","has-post-thumbnail","hentry","category-geral"],"_referencia":"","_links":{"self":[{"href":"https:\/\/diariodocomercio.com.br\/mix\/wp-json\/wp\/v2\/posts\/57304","targetHints":{"allow":["GET"]}}],"collection":[{"href":"https:\/\/diariodocomercio.com.br\/mix\/wp-json\/wp\/v2\/posts"}],"about":[{"href":"https:\/\/diariodocomercio.com.br\/mix\/wp-json\/wp\/v2\/types\/post"}],"author":[{"embeddable":true,"href":"https:\/\/diariodocomercio.com.br\/mix\/wp-json\/wp\/v2\/users\/12"}],"replies":[{"embeddable":true,"href":"https:\/\/diariodocomercio.com.br\/mix\/wp-json\/wp\/v2\/comments?post=57304"}],"version-history":[{"count":1,"href":"https:\/\/diariodocomercio.com.br\/mix\/wp-json\/wp\/v2\/posts\/57304\/revisions"}],"predecessor-version":[{"id":57305,"href":"https:\/\/diariodocomercio.com.br\/mix\/wp-json\/wp\/v2\/posts\/57304\/revisions\/57305"}],"wp:featuredmedia":[{"embeddable":true,"href":"https:\/\/diariodocomercio.com.br\/mix\/wp-json\/wp\/v2\/media\/11031"}],"wp:attachment":[{"href":"https:\/\/diariodocomercio.com.br\/mix\/wp-json\/wp\/v2\/media?parent=57304"}],"wp:term":[{"taxonomy":"category","embeddable":true,"href":"https:\/\/diariodocomercio.com.br\/mix\/wp-json\/wp\/v2\/categories?post=57304"},{"taxonomy":"post_tag","embeddable":true,"href":"https:\/\/diariodocomercio.com.br\/mix\/wp-json\/wp\/v2\/tags?post=57304"}],"curies":[{"name":"wp","href":"https:\/\/api.w.org\/{rel}","templated":true}]}}