{"id":57310,"date":"2026-09-05T17:38:00","date_gmt":"2026-09-05T20:38:00","guid":{"rendered":"https:\/\/diariodocomercio.com.br\/mix\/?p=57310"},"modified":"2026-08-31T13:47:47","modified_gmt":"2026-08-31T16:47:47","slug":"nova-exigencia-comeca-em-portugal-e-brasileiros-que-viajarem-precisarao-ficar-atentos","status":"publish","type":"post","link":"https:\/\/diariodocomercio.com.br\/mix\/nova-exigencia-comeca-em-portugal-e-brasileiros-que-viajarem-precisarao-ficar-atentos\/","title":{"rendered":"Nova exig\u00eancia come\u00e7a em Portugal e brasileiros que viajarem precisar\u00e3o ficar atentos"},"content":{"rendered":"\n<p class=\"wp-block-paragraph\">Brasileiro com viagem marcada para Portugal ou que faz alguma escala no pa\u00eds em breve? Ent\u00e3o voc\u00ea precisa saber de uma nova exig\u00eancia que vai entrar em voga para viajantes de fora da Uni\u00e3o Europeia (UE). A partir do dia 6 de setembro, esses viajantes v\u00e3o ter que passar por coleta de 100% dos dados biom\u00e9tricos atrav\u00e9s do Sistema de Entrada\/Sa\u00edda, o EES (Entry\/Exit System) ao desembarcarem em aeroportos portugueses.<\/p>\n\n\n\n<p class=\"wp-block-paragraph\">Lembrando que esse cadastro \u00e9 feito apenas na primeira vez em que voc\u00ea entra na Europa. Se voc\u00ea j\u00e1 fez esse cadastro em outras viagens para Europa nos \u00faltimos tr\u00eas anos, os seus dados ficam salvos no sistema. Outro ponto importante \u00e9 que o EES \u00e9 gratuito, ent\u00e3o voc\u00ea n\u00e3o precisa se preocupar com mais gastos na sua viagem.<\/p>\n\n\n\n<p class=\"wp-block-paragraph\">Essa coleta de dados biom\u00e9tricos n\u00e3o \u00e9 100% uma novidade. A fase de testes durou alguns meses e, inclusive, gerou muitas reclama\u00e7\u00f5es na imigra\u00e7\u00e3o. De acordo com o Metr\u00f3poles, mesmo com o sistema automatizado, algumas pessoas relataram que tiveram que ficar at\u00e9 seis horas esperando para conseguirem se registrar.<\/p>\n\n\n\n<p class=\"wp-block-paragraph\">O primeiro-ministro portugu\u00eas Lu\u00eds Montenegro revelou a nova regra em visita ao aeroporto de Lisboa na \u00faltima quinta-feira (27\/08). No an\u00fancio, Montenegro reconheceu os &#8220;desafios&#8221; do novo sistema, mas afirmou que tudo ser\u00e1 feito de forma a causar o menor impacto poss\u00edvel para os viajantes que desembarcam em Portugal.<\/p>\n\n\n\n<h2 class=\"wp-block-heading\">Sistema de Portugal j\u00e1 \u00e9 usado em outros pa\u00edses<\/h2>\n\n\n\n<p class=\"wp-block-paragraph\">De acordo com o Travel to Europe, site oficial da Uni\u00e3o Europeia, o sistema EES tamb\u00e9m \u00e9 usado pelos seguintes pa\u00edses:<\/p>\n\n\n\n<ul class=\"wp-block-list\">\n<li>Alemanha<\/li>\n\n\n\n<li>\u00c1ustria<\/li>\n\n\n\n<li>B\u00e9lgica<\/li>\n\n\n\n<li>Bulg\u00e1ria<\/li>\n\n\n\n<li>Ch\u00e9quia<\/li>\n\n\n\n<li>Cro\u00e1cia<\/li>\n\n\n\n<li>Dinamarca<\/li>\n\n\n\n<li>Eslov\u00e1quia<\/li>\n\n\n\n<li>Eslov\u00e9nia<\/li>\n\n\n\n<li>Espanha<\/li>\n\n\n\n<li>Est\u00f3nia<\/li>\n\n\n\n<li>Finl\u00e2ndia<\/li>\n\n\n\n<li>Fran\u00e7a<\/li>\n\n\n\n<li>Gr\u00e9cia<\/li>\n\n\n\n<li>Hungria<\/li>\n\n\n\n<li>Isl\u00e2ndia<\/li>\n\n\n\n<li>It\u00e1lia<\/li>\n\n\n\n<li>Let\u00f3nia<\/li>\n\n\n\n<li>Listenstaine<\/li>\n\n\n\n<li>Litu\u00e2nia<\/li>\n\n\n\n<li>Luxemburgo<\/li>\n\n\n\n<li>Malta<\/li>\n\n\n\n<li>Noruega<\/li>\n\n\n\n<li>Pa\u00edses Baixos<\/li>\n\n\n\n<li>Pol\u00f3nia<\/li>\n\n\n\n<li>Portugal<\/li>\n\n\n\n<li>Rom\u00eania<\/li>\n\n\n\n<li>Su\u00e9cia<\/li>\n\n\n\n<li>Su\u00ed\u00e7a<\/li>\n<\/ul>\n\n\n<style>@media (min-width: 992px) {\n    .recomendadorV2Area1 {\n        width: 280px;\n    }\n    .recomendadorV2Area2 {\n        padding: 0px 20px;\n        width: calc(100% - 280px);\n    }\n}\n\n@media (max-width: 992px) {\n    .recomendadorV2Button {\n        margin: 0 auto;\n    }\n    .recomendadorV2Area {\n        flex-direction: column;\n        text-align: center;\n    }\n    .recomendadorV2Area2 {\n        padding: 0px 20px;\n    }\n}\n\n.recomendadorV2Area {\n    background: #eeeeee3d;\n    border-radius: 10px;\n    padding: 15px;\n    display: flex;\n    margin: 15px auto;\n    border: 1px solid #00000014;\n    max-width: 800px;\n}\n\n.recomendadorV2Area1 img {\n    width: 280px;\n    height: auto;\n    border-radius: 8px;\n}\n\n.linkrecomendadorv2 {\n    text-decoration: none !important;\n}\n\n.recomendadorV2Area2 .recomendadorV2Type {\n    text-transform: uppercase;\n    font-weight: 500;\n    font-size: 11px;\n    letter-spacing: 2px;\n    color: #666;\n    margin: 12px 0;\n    display: block;\n}\n\n.recomendadorV2Title h2 {\n    padding-top: 0px !important;\n    margin: 0px !important;\n    border-left: none !important;\n    padding-left: 0px !important;\n    line-height: 1.3;\n    color: #000 !important;\n    font-size: 24px;\n    margin-bottom: 12px !important;\n}\n\n.recomendadorV2Desc {\n    color: #333;\n    margin: 12px 0px !important;\n    font-size: 15px;\n    line-height: 1.5;\n}\n\n.recomendadorV2Button {\n    width: auto;\n    max-width: 200px;\n    margin: 0;\n    display: inline-flex;\n    align-items: center;\n    background: #1D3557;\n    border-radius: 8px;\n    color: #fff;\n    height: 36px;\n    justify-content: center;\n    text-align: center;\n    font-size: 14px;\n    padding: 0 20px;\n    transition: background-color 0.2s ease;\n}\n\n.recomendadorV2Button:hover {\n    background: #2a4d7a;\n}\n\n.recomendadorV2Button:after {\n    margin-top: -2px;\n    content: \"\u2192\";\n    padding: 0px 0px 0px 8px;\n}\n\n.recomendadorV2Alert {\n    text-align: left;\n    font-size: 11px;\n    margin-top: 8px;\n    color: #666;\n}\n\n.recomendadorFixedArea {\n    width: 100%;\n    display: flex;\n    justify-content: center;\n    align-items: center;\n}\n\n@media (min-width: 992px) {\n    #recomendadorFixed {\n        width: 32% !important;\n        left: 5%;\n    }\n    .recomendadorCloseFixed{\n        right: inherit !important;\n        left: 378px !important;\n    }\n}\n\n#recomendadorFixed {\n    width: 90%;\n    box-shadow: 0 10px 20px 0px #00000057;\n    display: none;\n    height: 90px;\n    background: #F6F6F6;\n    position: fixed;\n    flex-direction: row;\n    bottom: 10px;\n    z-index: 9999;\n    border-radius: 16px;\n    padding: 7px 10px;\n}\n\n.recomendadorLeftArea {\n    width: 160px;\n}\n\n.recomendadorRightArea h2 {\n    padding-top: 0px;\n    margin: 2px 0px 4px 0px !important;\n    font-weight: 400;\n    text-align: center;\n    padding-left: 0px !important;\n    color: #000 !important;\n    border-left: none !important;\n    line-height: 20px;\n    font-size: 12px !important;\n}\n\n.recomendadorImgFixed {\n    overflow: hidden;\n    padding: 8px 6px;\n    height: 100%;\n}\n\n.recomendadorImgFixed img {\n    height: 100% !important;\n    border-radius: 16px;\n}\n\n.recomendadorRightArea {\n    padding-top: 6px;\n    display: flex;\n    width: calc(100% - 130px);\n    justify-content: space-between;\n    align-items: center;\n    flex-direction: column;\n}\n\n.recomendadorButtonFixed {\n    margin: 0 auto;\n    background: #1D3557;\n    width: 80%;\n    text-align: center;\n    font-size: 10px;\n    color: #FFF;\n    padding: 2px 10px;\n    border-radius: 3px;\n}\n\n.recomendadorButtonFixed:after {\n    margin-top: -3px;\n    content: \"\u2192\";\n    padding: 0px 0px 0px 10px;\n}\n\n.recomendadorAlertFixed {\n    font-weight: 400;\n    text-align: center;\n    color: #484848;\n    font-size: 8px;\n}\n\n.recomendadorCloseFixed {\n    z-index: 99999;\n    display: none;\n    right: 0px;\n    left: inherit;\n    bottom: 99px;\n    position: fixed;\n    justify-content: center;\n    background: #F6F6F6;\n    width: 25px;\n    align-items: center;\n    height: 25px;\n    font-weight: 800;\n    border-radius: 50%;\n    border: 1px solid #EBEBEB;\n}\n\n.recomendadorV2Desc{\n    color: #000000;\n    margin: 20px 0px;\n}\n\n@media (max-width: 576px) {\n    .recomendadorV2Area {\n      padding: 10px;\n      max-width: 100%;\n    }\n  \n    .recomendadorV2Area1 img {\n      width: 100%;\n      border-radius: 6px;\n    }\n  \n    .recomendadorV2Area2 .recomendadorV2Type {\n      font-size: 9px;\n      letter-spacing: 1px;\n      margin: 8px 0;\n    }\n  \n    .recomendadorV2Title h2 {\n      font-size: 18px !important;\n      margin-bottom: 8px !important;\n      line-height: 1.2;\n    }\n  \n    .recomendadorV2Desc {\n      font-size: 14px;\n      margin: 8px 0 !important;\n      line-height: 1.4;\n    }\n  \n    .recomendadorV2Button {\n      font-size: 14px;\n      height: 40px;\n      padding: 0 12px;\n      max-width: 100%;\n      width: 100%;\n    }\n  \n    .recomendadorV2Button:after {\n      padding-left: 6px;\n    }\n  }\n  <\/style>\n        <div class=\"lazyblock-recomendador-v2-2jDGz wp-block-lazyblock-recomendador-v2\">\n        <a class=\"linkrecomendadorv2\" href=\"https:\/\/diariodocomercio.com.br\/mix\/quem-ama-cuida-atriz-levou-tapa-de-verdade-em-gravacao-de-cena\/%20\">\n            <div class=\"recomendadorV2Area\">\n            <div class=\"recomendadorV2Area1\">\n                <div class=\"recomendadorV2Img\">\n                <img width=\"768\" height=\"432\" src=\"https:\/\/diariodocomercio.com.br\/mix\/wp-content\/uploads\/2026\/06\/quem-ama-cuida-768x432.jpg\" class=\"lazyloaded\" alt=\"\" sizes=\"auto, (min-width: 577px) 280px, calc(100vw - 20px)\" decoding=\"async\" loading=\"lazy\" srcset=\"https:\/\/diariodocomercio.com.br\/mix\/wp-content\/uploads\/2026\/06\/quem-ama-cuida-768x432.jpg 768w, https:\/\/diariodocomercio.com.br\/mix\/wp-content\/uploads\/2026\/06\/quem-ama-cuida-300x169.jpg 300w, https:\/\/diariodocomercio.com.br\/mix\/wp-content\/uploads\/2026\/06\/quem-ama-cuida-1200x675.jpg 1200w, https:\/\/diariodocomercio.com.br\/mix\/wp-content\/uploads\/2026\/06\/quem-ama-cuida-150x84.jpg 150w, https:\/\/diariodocomercio.com.br\/mix\/wp-content\/uploads\/2026\/06\/quem-ama-cuida-750x422.jpg 750w, https:\/\/diariodocomercio.com.br\/mix\/wp-content\/uploads\/2026\/06\/quem-ama-cuida-1140x641.jpg 1140w, https:\/\/diariodocomercio.com.br\/mix\/wp-content\/uploads\/2026\/06\/quem-ama-cuida.jpg 1280w\" \/>\n                <\/div>\n            <\/div>\n            <div class=\"recomendadorV2Area2\">\n                <div class=\"recomendadorV2Type\">\n                    <span>TELEVIS\u00c3O t\u00edtulo=Quem Ama Cuida: atriz levou tapa de verdade em grava\u00e7\u00e3o de cena <\/span>\n                <\/div>\n                <div class=\"recomendadorV2Title\">\n                <h2><span><\/span><\/h2>\n                <\/div>\n                <div class=\"recomendadorV2Desc\">\n                <span>H\u00e1 alguns dias, Quem Ama Cuida exibiu uma cena de tapa, algo cl\u00e1ssico das novelas brasileiras. Quem \u00e9 noveleiro sabe \u2026 <\/span>\n                <\/div>\n                <div class=\"recomendadorV2Button\">Leia mais <\/div>\n                <div class=\"recomendadorV2Alert\"><\/div>\n            <\/div>\n            <\/div>\n        <\/a>\n        <div>\n            <div style=\"z-index:99999;\" id=\"buttonClose\" onclick=\"closeRecomendadorFixed()\">\n            <div class=\"recomendadorCloseFixed\">X<\/div>\n            <\/div>\n            <a href=\"https:\/\/diariodocomercio.com.br\/mix\/quem-ama-cuida-atriz-levou-tapa-de-verdade-em-gravacao-de-cena\/%20\">\n            <div class=\"recomendadorFixedArea\">\n                <div id=\"recomendadorFixed\">\n                <div class=\"recomendadorLeftArea\">\n                    <div class=\"recomendadorImgFixed\">\n                    <img width=\"300\" height=\"169\" src=\"https:\/\/diariodocomercio.com.br\/mix\/wp-content\/uploads\/2026\/06\/quem-ama-cuida-300x169.jpg\" class=\"lazyload\" alt=\"\" sizes=\"auto, 160px\" decoding=\"async\" loading=\"lazy\" srcset=\"https:\/\/diariodocomercio.com.br\/mix\/wp-content\/uploads\/2026\/06\/quem-ama-cuida-300x169.jpg 300w, https:\/\/diariodocomercio.com.br\/mix\/wp-content\/uploads\/2026\/06\/quem-ama-cuida-1200x675.jpg 1200w, https:\/\/diariodocomercio.com.br\/mix\/wp-content\/uploads\/2026\/06\/quem-ama-cuida-768x432.jpg 768w, https:\/\/diariodocomercio.com.br\/mix\/wp-content\/uploads\/2026\/06\/quem-ama-cuida-150x84.jpg 150w, https:\/\/diariodocomercio.com.br\/mix\/wp-content\/uploads\/2026\/06\/quem-ama-cuida-750x422.jpg 750w, https:\/\/diariodocomercio.com.br\/mix\/wp-content\/uploads\/2026\/06\/quem-ama-cuida-1140x641.jpg 1140w, https:\/\/diariodocomercio.com.br\/mix\/wp-content\/uploads\/2026\/06\/quem-ama-cuida.jpg 1280w\" \/>\n                    <\/div>\n                <\/div>\n                <div class=\"recomendadorRightArea\">\n                    <div class=\"recomendadorTitleFixed\">\n                    <h2><span><\/span><\/h2>\n                    <\/div>\n                    <div class=\"recomendadorButtonFixed\">Leia mais <\/div>\n                    <div class=\"recomendadorAlertFixed\"><\/div>\n                <\/div>\n                <\/div>\n            <\/div>\n            <\/a>\n        <\/div>\n        <\/div>\n","protected":false},"excerpt":{"rendered":"<p>Brasileiro com viagem marcada para Portugal ou que faz alguma escala no pa\u00eds em breve? Ent\u00e3o voc\u00ea precisa saber de uma nova exig\u00eancia que vai entrar em voga para viajantes de fora da Uni\u00e3o Europeia (UE). A partir do dia 6 de setembro, esses viajantes v\u00e3o ter que passar por coleta de 100% dos dados [&hellip;]<\/p>\n","protected":false},"author":6,"featured_media":57311,"comment_status":"closed","ping_status":"closed","sticky":false,"template":"","format":"standard","meta":{"jnews-multi-image_gallery":[],"jnews_single_post":{"format":"standard"},"jnews_primary_category":[],"jnews_social_meta":[],"jnews_post_split":[],"footnotes":""},"categories":[1],"tags":[],"class_list":["post-57310","post","type-post","status-publish","format-standard","has-post-thumbnail","hentry","category-geral"],"_referencia":"","_links":{"self":[{"href":"https:\/\/diariodocomercio.com.br\/mix\/wp-json\/wp\/v2\/posts\/57310","targetHints":{"allow":["GET"]}}],"collection":[{"href":"https:\/\/diariodocomercio.com.br\/mix\/wp-json\/wp\/v2\/posts"}],"about":[{"href":"https:\/\/diariodocomercio.com.br\/mix\/wp-json\/wp\/v2\/types\/post"}],"author":[{"embeddable":true,"href":"https:\/\/diariodocomercio.com.br\/mix\/wp-json\/wp\/v2\/users\/6"}],"replies":[{"embeddable":true,"href":"https:\/\/diariodocomercio.com.br\/mix\/wp-json\/wp\/v2\/comments?post=57310"}],"version-history":[{"count":2,"href":"https:\/\/diariodocomercio.com.br\/mix\/wp-json\/wp\/v2\/posts\/57310\/revisions"}],"predecessor-version":[{"id":57313,"href":"https:\/\/diariodocomercio.com.br\/mix\/wp-json\/wp\/v2\/posts\/57310\/revisions\/57313"}],"wp:featuredmedia":[{"embeddable":true,"href":"https:\/\/diariodocomercio.com.br\/mix\/wp-json\/wp\/v2\/media\/57311"}],"wp:attachment":[{"href":"https:\/\/diariodocomercio.com.br\/mix\/wp-json\/wp\/v2\/media?parent=57310"}],"wp:term":[{"taxonomy":"category","embeddable":true,"href":"https:\/\/diariodocomercio.com.br\/mix\/wp-json\/wp\/v2\/categories?post=57310"},{"taxonomy":"post_tag","embeddable":true,"href":"https:\/\/diariodocomercio.com.br\/mix\/wp-json\/wp\/v2\/tags?post=57310"}],"curies":[{"name":"wp","href":"https:\/\/api.w.org\/{rel}","templated":true}]}}