{"id":57316,"date":"2026-08-31T22:09:00","date_gmt":"2026-09-01T01:09:00","guid":{"rendered":"https:\/\/diariodocomercio.com.br\/mix\/?p=57316"},"modified":"2026-08-31T13:54:25","modified_gmt":"2026-08-31T16:54:25","slug":"seguro-desemprego-trabalhador-demitido-tem-120-dias-para-solicitar-auxilio-mensal-de-ate-r-2-51865","status":"publish","type":"post","link":"https:\/\/diariodocomercio.com.br\/mix\/seguro-desemprego-trabalhador-demitido-tem-120-dias-para-solicitar-auxilio-mensal-de-ate-r-2-51865\/","title":{"rendered":"Seguro-desemprego: trabalhador demitido tem 120 dias para solicitar aux\u00edlio mensal de at\u00e9 R$ 2.518,65"},"content":{"rendered":"\n<p class=\"wp-block-paragraph\">O Minist\u00e9rio do Trabalho e Emprego publicou os novos valores do <strong>seguro-desemprego<\/strong> para o ano de 2026, com vig\u00eancia a partir de 11 de janeiro. O teto do benef\u00edcio foi fixado em <strong>2.518,65 reais<\/strong>, enquanto o piso, atrelado ao sal\u00e1rio m\u00ednimo nacional, passou a ser de 1.621,00 reais. O reajuste considera a varia\u00e7\u00e3o do \u00cdndice Nacional de Pre\u00e7os ao Consumidor e o novo valor do m\u00ednimo.<\/p>\n\n\n\n<p class=\"wp-block-paragraph\">O c\u00e1lculo da parcela leva em conta a m\u00e9dia salarial dos tr\u00eas meses anteriores \u00e0 dispensa e \u00e9 dividido em tr\u00eas faixas. Para trabalhadores com sal\u00e1rio m\u00e9dio de at\u00e9 2.222,17 reais, a parcela corresponde a 80% desse valor. Acima desse patamar, o excedente \u00e9 multiplicado por 50% e somado a 1.777,74 reais. Quando a m\u00e9dia ultrapassa 3.703,99 reais, o valor do benef\u00edcio \u00e9 fixo em 2.518,65 reais.<\/p>\n\n\n\n<p class=\"wp-block-paragraph\">O impacto do seguro-desemprego na economia \u00e9 expressivo. Somente em 2025, o pagamento do benef\u00edcio injetou 1,52 bilh\u00e3o de reais na economia do estado, movimentando com\u00e9rcio e servi\u00e7os.<\/p>\n\n\n\n<h2 class=\"wp-block-heading\">Quem tem direito<\/h2>\n\n\n\n<p class=\"wp-block-paragraph\">T\u00eam direito ao benef\u00edcio os trabalhadores dispensados sem justa causa, incluindo os casos de rescis\u00e3o indireta, que estejam desempregados no momento do pedido, que n\u00e3o possuam renda pr\u00f3pria suficiente para seu sustento e que n\u00e3o recebam benef\u00edcio previdenci\u00e1rio de presta\u00e7\u00e3o continuada, com exce\u00e7\u00e3o do aux\u00edlio-acidente e da pens\u00e3o por morte.<\/p>\n\n\n\n<p class=\"wp-block-paragraph\">O prazo para solicita\u00e7\u00e3o varia: trabalhadores formais t\u00eam entre o 7\u00ba e o 120\u00ba dia ap\u00f3s a demiss\u00e3o, enquanto empregados dom\u00e9sticos precisam pedir entre o 7\u00ba e o 90\u00ba dia.<\/p>\n\n\n\n<p class=\"wp-block-paragraph\">O requerimento pode ser feito presencialmente nas unidades do IDT ou do Sine, ou ainda de forma digital, pelo portal Gov.br ou pelo aplicativo da Carteira de Trabalho Digital.<\/p>\n","protected":false},"excerpt":{"rendered":"<p>O c\u00e1lculo da parcela leva em conta a m\u00e9dia salarial dos tr\u00eas meses anteriores \u00e0 dispensa e \u00e9 dividido em tr\u00eas faixas. <\/p>\n","protected":false},"author":12,"featured_media":15568,"comment_status":"closed","ping_status":"closed","sticky":false,"template":"","format":"standard","meta":{"jnews-multi-image_gallery":[],"jnews_single_post":{"format":"standard"},"jnews_primary_category":[],"jnews_social_meta":[],"jnews_post_split":[],"footnotes":""},"categories":[1],"tags":[],"class_list":["post-57316","post","type-post","status-publish","format-standard","has-post-thumbnail","hentry","category-geral"],"_referencia":"","_links":{"self":[{"href":"https:\/\/diariodocomercio.com.br\/mix\/wp-json\/wp\/v2\/posts\/57316","targetHints":{"allow":["GET"]}}],"collection":[{"href":"https:\/\/diariodocomercio.com.br\/mix\/wp-json\/wp\/v2\/posts"}],"about":[{"href":"https:\/\/diariodocomercio.com.br\/mix\/wp-json\/wp\/v2\/types\/post"}],"author":[{"embeddable":true,"href":"https:\/\/diariodocomercio.com.br\/mix\/wp-json\/wp\/v2\/users\/12"}],"replies":[{"embeddable":true,"href":"https:\/\/diariodocomercio.com.br\/mix\/wp-json\/wp\/v2\/comments?post=57316"}],"version-history":[{"count":2,"href":"https:\/\/diariodocomercio.com.br\/mix\/wp-json\/wp\/v2\/posts\/57316\/revisions"}],"predecessor-version":[{"id":57318,"href":"https:\/\/diariodocomercio.com.br\/mix\/wp-json\/wp\/v2\/posts\/57316\/revisions\/57318"}],"wp:featuredmedia":[{"embeddable":true,"href":"https:\/\/diariodocomercio.com.br\/mix\/wp-json\/wp\/v2\/media\/15568"}],"wp:attachment":[{"href":"https:\/\/diariodocomercio.com.br\/mix\/wp-json\/wp\/v2\/media?parent=57316"}],"wp:term":[{"taxonomy":"category","embeddable":true,"href":"https:\/\/diariodocomercio.com.br\/mix\/wp-json\/wp\/v2\/categories?post=57316"},{"taxonomy":"post_tag","embeddable":true,"href":"https:\/\/diariodocomercio.com.br\/mix\/wp-json\/wp\/v2\/tags?post=57316"}],"curies":[{"name":"wp","href":"https:\/\/api.w.org\/{rel}","templated":true}]}}