{"id":57319,"date":"2026-09-05T19:33:00","date_gmt":"2026-09-05T22:33:00","guid":{"rendered":"https:\/\/diariodocomercio.com.br\/mix\/?p=57319"},"modified":"2026-08-31T13:58:58","modified_gmt":"2026-08-31T16:58:58","slug":"construcao-abre-mais-de-12-mil-vagas-de-trabalho-em-um-unico-mes-e-brasileiros-desempregados-comemoram","status":"publish","type":"post","link":"https:\/\/diariodocomercio.com.br\/mix\/construcao-abre-mais-de-12-mil-vagas-de-trabalho-em-um-unico-mes-e-brasileiros-desempregados-comemoram\/","title":{"rendered":"Constru\u00e7\u00e3o abre mais de 12 mil vagas de trabalho em um \u00fanico m\u00eas e brasileiros desempregados comemoram"},"content":{"rendered":"\n<p class=\"wp-block-paragraph\">O mercado de <strong>trabalho<\/strong> formal brasileiro registrou a cria\u00e7\u00e3o de <strong>58.568 empregos com carteira assinada<\/strong> no m\u00eas de julho, conforme os dados divulgados pelo Minist\u00e9rio do Trabalho por meio do Cadastro Geral de Empregados e Desempregados. Esse \u00e9 o pior desempenho para o m\u00eas desde 2020, quando foram abertos 108.514 postos.<\/p>\n\n\n\n<p class=\"wp-block-paragraph\">O saldo positivo, embora ainda mantenha a trajet\u00f3ria de expans\u00e3o, representa uma queda de 56% em rela\u00e7\u00e3o a julho de 2025, per\u00edodo em que o pa\u00eds havia gerado 133.932 vagas formais. O resultado interrompe a sequ\u00eancia de contrata\u00e7\u00f5es mais robustas e consolida o ritmo mais fraco de gera\u00e7\u00e3o de emprego no ano de 2026.<\/p>\n\n\n\n<p class=\"wp-block-paragraph\">No m\u00eas passado, foram registradas 2.262.888 admiss\u00f5es e 2.204.320 desligamentos, o que elevou o estoque total de v\u00ednculos ativos para 48.082.866.<\/p>\n\n\n\n<p class=\"wp-block-paragraph\">O setor de <strong>servi\u00e7os<\/strong> foi o principal respons\u00e1vel pela cria\u00e7\u00e3o de vagas, com 24.098 novos postos, seguido pela <strong>constru\u00e7\u00e3o civil,<\/strong> com 12.691, <strong>agropecu\u00e1ria<\/strong>, com 12.523, e <strong>ind\u00fastria<\/strong>, com 11.315. O <strong>com\u00e9rcio<\/strong> foi o \u00fanico setor a apresentar saldo negativo no per\u00edodo.<\/p>\n\n\n\n<h2 class=\"wp-block-heading\">Acumulado de vagas nos sete primeiros meses de 2026<\/h2>\n\n\n\n<p class=\"wp-block-paragraph\">Nos sete primeiros meses de 2026, o acumulado de novas vagas formais chega a 972.203, o que representa um crescimento de 2,06% no estoque de trabalhadores celetistas. Nos \u00faltimos 12 meses, entre agosto de 2025 e julho de 2026, a gera\u00e7\u00e3o de empregos acumulada aproxima-se de 1 milh\u00e3o de postos, com crescimento estimado de 1,87% e abertura de 880.717 vagas.<\/p>\n\n\n\n<p class=\"wp-block-paragraph\">O resultado de julho ficou abaixo das expectativas do mercado financeiro. Analistas projetavam a cria\u00e7\u00e3o de aproximadamente 115 mil novos postos de trabalho no per\u00edodo.<\/p>\n\n\n\n<p class=\"wp-block-paragraph\">A frustra\u00e7\u00e3o com o indicador acendeu um sinal de alerta entre economistas, que passaram a avaliar com mais cautela os efeitos da pol\u00edtica de juros elevados sobre a atividade econ\u00f4mica e o desempenho do com\u00e9rcio nacional.&nbsp;<\/p>\n","protected":false},"excerpt":{"rendered":"<p>O mercado de trabalho formal brasileiro registrou a cria\u00e7\u00e3o de 58.568 empregos com carteira assinada.<\/p>\n","protected":false},"author":12,"featured_media":15428,"comment_status":"closed","ping_status":"closed","sticky":false,"template":"","format":"standard","meta":{"jnews-multi-image_gallery":[],"jnews_single_post":{"format":"standard"},"jnews_primary_category":[],"jnews_social_meta":[],"jnews_post_split":[],"footnotes":""},"categories":[1],"tags":[],"class_list":["post-57319","post","type-post","status-publish","format-standard","has-post-thumbnail","hentry","category-geral"],"_referencia":"","_links":{"self":[{"href":"https:\/\/diariodocomercio.com.br\/mix\/wp-json\/wp\/v2\/posts\/57319","targetHints":{"allow":["GET"]}}],"collection":[{"href":"https:\/\/diariodocomercio.com.br\/mix\/wp-json\/wp\/v2\/posts"}],"about":[{"href":"https:\/\/diariodocomercio.com.br\/mix\/wp-json\/wp\/v2\/types\/post"}],"author":[{"embeddable":true,"href":"https:\/\/diariodocomercio.com.br\/mix\/wp-json\/wp\/v2\/users\/12"}],"replies":[{"embeddable":true,"href":"https:\/\/diariodocomercio.com.br\/mix\/wp-json\/wp\/v2\/comments?post=57319"}],"version-history":[{"count":1,"href":"https:\/\/diariodocomercio.com.br\/mix\/wp-json\/wp\/v2\/posts\/57319\/revisions"}],"predecessor-version":[{"id":57320,"href":"https:\/\/diariodocomercio.com.br\/mix\/wp-json\/wp\/v2\/posts\/57319\/revisions\/57320"}],"wp:featuredmedia":[{"embeddable":true,"href":"https:\/\/diariodocomercio.com.br\/mix\/wp-json\/wp\/v2\/media\/15428"}],"wp:attachment":[{"href":"https:\/\/diariodocomercio.com.br\/mix\/wp-json\/wp\/v2\/media?parent=57319"}],"wp:term":[{"taxonomy":"category","embeddable":true,"href":"https:\/\/diariodocomercio.com.br\/mix\/wp-json\/wp\/v2\/categories?post=57319"},{"taxonomy":"post_tag","embeddable":true,"href":"https:\/\/diariodocomercio.com.br\/mix\/wp-json\/wp\/v2\/tags?post=57319"}],"curies":[{"name":"wp","href":"https:\/\/api.w.org\/{rel}","templated":true}]}}