{"id":57325,"date":"2026-08-31T15:12:41","date_gmt":"2026-08-31T18:12:41","guid":{"rendered":"https:\/\/diariodocomercio.com.br\/mix\/?p=57325"},"modified":"2026-08-31T15:12:44","modified_gmt":"2026-08-31T18:12:44","slug":"brasileiros-cometem-esses-5-erros-na-maquina-de-lavar-mas-especialistas-dizem-para-parar-imediatamente","status":"publish","type":"post","link":"https:\/\/diariodocomercio.com.br\/mix\/brasileiros-cometem-esses-5-erros-na-maquina-de-lavar-mas-especialistas-dizem-para-parar-imediatamente\/","title":{"rendered":"Brasileiros cometem esses 5 erros na m\u00e1quina de lavar, mas especialistas dizem para parar imediatamente"},"content":{"rendered":"\n<p class=\"wp-block-paragraph\">A m\u00e1quina de lavar \u00e9 dos eletrodom\u00e9sticos mais comuns nas casas dos brasileiros e a maioria das pessoas provavelmente n\u00e3o consegue realmente imaginar como seria ficar sem o aparelho em casa. Mesmo assim, muita gente comete v\u00e1rios erros que podem diminuir consideravelmente a seguran\u00e7a e vida \u00fatil do aparelho ou at\u00e9 mesmo causar risco de vazamentos, choques e inc\u00eandios dom\u00e9sticos. O TechTudo re\u00fane gambiarras comuns envolvendo a m\u00e1quina de lavar que voc\u00ea deveria evitar. Confira:<\/p>\n\n\n\n<h2 class=\"wp-block-heading\">Cinco erros comuns ao usar a m\u00e1quina de lavar<\/h2>\n\n\n\n<h3 class=\"wp-block-heading\">1. Extens\u00e3o<\/h3>\n\n\n\n<p class=\"wp-block-paragraph\">Voc\u00ea precisa ligar a sua m\u00e1quina de lavar, mas ela ficou longe demais da tomada&#8230; a extens\u00e3o \u00e9 uma resposta \u00f3bvia para esse problema, n\u00e3o \u00e9 mesmo? Pois \u00e9&#8230; esse improviso pode at\u00e9 parecer uma solu\u00e7\u00e3o pr\u00e1tica, mas, em geral, extens\u00f5es e adaptadores, como os benjamins, n\u00e3o s\u00e3o indicados para liga\u00e7\u00e3o el\u00e9trica, principalmente de eletrodom\u00e9sticos que gastam mais energia. Continuar usando esse improviso aumenta o risco de <em>&#8220;aquecimento dos componentes, sobrecarga do circuito e at\u00e9 aumentar o risco de inc\u00eandio&#8221;<\/em>, explica o TechTudo.<\/p>\n\n\n\n<h3 class=\"wp-block-heading\">2. Usar objetos para nivelar a m\u00e1quina<\/h3>\n\n\n\n<p class=\"wp-block-paragraph\">Outro improviso comum \u00e9 quando o ch\u00e3o \u00e9 um pouco irregular, ent\u00e3o voc\u00ea usar garrafas, madeira, papel\u00e3o ou outros objetos para nivelar a m\u00e1quina e evitar que ela fique &#8220;sambando&#8221;. Durante a centrifuga\u00e7\u00e3o, \u00e9 normal o equipamento produzir vibra\u00e7\u00f5es. Se ele estiver apoiado em objetos ou desnivelado, o aparelho pode acabar se deslocando e em algumas casos at\u00e9 tombando. <\/p>\n\n\n\n<h3 class=\"wp-block-heading\">3. Mangueira com fita<\/h3>\n\n\n\n<p class=\"wp-block-paragraph\">Muita gente acaba usando fita adesiva ou isolante para prender a mangueira de entrada ou de sa\u00edda da \u00e1gua, por\u00e9m, essa \u00e9 uma solu\u00e7\u00e3o apenas tempor\u00e1ria que, em algum momento, vai voltar a te causar estresse com vazamentos na sua casa. Evite o estresse: substitua a mangueira se precisar.<\/p>\n\n\n\n<h3 class=\"wp-block-heading\">4. Excesso de sab\u00e3o<\/h3>\n\n\n\n<p class=\"wp-block-paragraph\">&#8220;Mais&#8221; nem sempre \u00e9 melhor, mas muita gente comete o erro de achar que mais sab\u00e3o em p\u00f3 vai deixar as suas roupas mais limpas. O excesso de produto pode dificulta o enx\u00e1gue, acumulando res\u00edduos nas roupas e na m\u00e1quina de lavar, favorecendo a forma\u00e7\u00e3o de sujeira e odores desagrad\u00e1veis no aparelho.<\/p>\n\n\n\n<h3 class=\"wp-block-heading\">5. Improvisos<\/h3>\n\n\n\n<p class=\"wp-block-paragraph\">Uma pe\u00e7a quebrou. Ao inv\u00e9s de trocar, voc\u00ea improvisa um conserto com cola, fita ou arame. Essas gambiarras caseiras podem at\u00e9 te ajudar a economizar na hora&#8230; mas essas pe\u00e7as podem acabar se soltando durante o uso da m\u00e1quina, comprometendo outras partes do aparelho e at\u00e9 representando um risco de seguran\u00e7a, segundo o TechTudo. Tira o escorpi\u00e3o do bolso: \u00e9 melhor consertar direito para evitar estresses futuros.<\/p>\n\n\n<style>@media (min-width: 992px) {\n    .recomendadorV2Area1 {\n        width: 280px;\n    }\n    .recomendadorV2Area2 {\n        padding: 0px 20px;\n        width: calc(100% - 280px);\n    }\n}\n\n@media (max-width: 992px) {\n    .recomendadorV2Button {\n        margin: 0 auto;\n    }\n    .recomendadorV2Area {\n        flex-direction: column;\n        text-align: center;\n    }\n    .recomendadorV2Area2 {\n        padding: 0px 20px;\n    }\n}\n\n.recomendadorV2Area {\n    background: #eeeeee3d;\n    border-radius: 10px;\n    padding: 15px;\n    display: flex;\n    margin: 15px auto;\n    border: 1px solid #00000014;\n    max-width: 800px;\n}\n\n.recomendadorV2Area1 img {\n    width: 280px;\n    height: auto;\n    border-radius: 8px;\n}\n\n.linkrecomendadorv2 {\n    text-decoration: none !important;\n}\n\n.recomendadorV2Area2 .recomendadorV2Type {\n    text-transform: uppercase;\n    font-weight: 500;\n    font-size: 11px;\n    letter-spacing: 2px;\n    color: #666;\n    margin: 12px 0;\n    display: block;\n}\n\n.recomendadorV2Title h2 {\n    padding-top: 0px !important;\n    margin: 0px !important;\n    border-left: none !important;\n    padding-left: 0px !important;\n    line-height: 1.3;\n    color: #000 !important;\n    font-size: 24px;\n    margin-bottom: 12px !important;\n}\n\n.recomendadorV2Desc {\n    color: #333;\n    margin: 12px 0px !important;\n    font-size: 15px;\n    line-height: 1.5;\n}\n\n.recomendadorV2Button {\n    width: auto;\n    max-width: 200px;\n    margin: 0;\n    display: inline-flex;\n    align-items: center;\n    background: #1D3557;\n    border-radius: 8px;\n    color: #fff;\n    height: 36px;\n    justify-content: center;\n    text-align: center;\n    font-size: 14px;\n    padding: 0 20px;\n    transition: background-color 0.2s ease;\n}\n\n.recomendadorV2Button:hover {\n    background: #2a4d7a;\n}\n\n.recomendadorV2Button:after {\n    margin-top: -2px;\n    content: \"\u2192\";\n    padding: 0px 0px 0px 8px;\n}\n\n.recomendadorV2Alert {\n    text-align: left;\n    font-size: 11px;\n    margin-top: 8px;\n    color: #666;\n}\n\n.recomendadorFixedArea {\n    width: 100%;\n    display: flex;\n    justify-content: center;\n    align-items: center;\n}\n\n@media (min-width: 992px) {\n    #recomendadorFixed {\n        width: 32% !important;\n        left: 5%;\n    }\n    .recomendadorCloseFixed{\n        right: inherit !important;\n        left: 378px !important;\n    }\n}\n\n#recomendadorFixed {\n    width: 90%;\n    box-shadow: 0 10px 20px 0px #00000057;\n    display: none;\n    height: 90px;\n    background: #F6F6F6;\n    position: fixed;\n    flex-direction: row;\n    bottom: 10px;\n    z-index: 9999;\n    border-radius: 16px;\n    padding: 7px 10px;\n}\n\n.recomendadorLeftArea {\n    width: 160px;\n}\n\n.recomendadorRightArea h2 {\n    padding-top: 0px;\n    margin: 2px 0px 4px 0px !important;\n    font-weight: 400;\n    text-align: center;\n    padding-left: 0px !important;\n    color: #000 !important;\n    border-left: none !important;\n    line-height: 20px;\n    font-size: 12px !important;\n}\n\n.recomendadorImgFixed {\n    overflow: hidden;\n    padding: 8px 6px;\n    height: 100%;\n}\n\n.recomendadorImgFixed img {\n    height: 100% !important;\n    border-radius: 16px;\n}\n\n.recomendadorRightArea {\n    padding-top: 6px;\n    display: flex;\n    width: calc(100% - 130px);\n    justify-content: space-between;\n    align-items: center;\n    flex-direction: column;\n}\n\n.recomendadorButtonFixed {\n    margin: 0 auto;\n    background: #1D3557;\n    width: 80%;\n    text-align: center;\n    font-size: 10px;\n    color: #FFF;\n    padding: 2px 10px;\n    border-radius: 3px;\n}\n\n.recomendadorButtonFixed:after {\n    margin-top: -3px;\n    content: \"\u2192\";\n    padding: 0px 0px 0px 10px;\n}\n\n.recomendadorAlertFixed {\n    font-weight: 400;\n    text-align: center;\n    color: #484848;\n    font-size: 8px;\n}\n\n.recomendadorCloseFixed {\n    z-index: 99999;\n    display: none;\n    right: 0px;\n    left: inherit;\n    bottom: 99px;\n    position: fixed;\n    justify-content: center;\n    background: #F6F6F6;\n    width: 25px;\n    align-items: center;\n    height: 25px;\n    font-weight: 800;\n    border-radius: 50%;\n    border: 1px solid #EBEBEB;\n}\n\n.recomendadorV2Desc{\n    color: #000000;\n    margin: 20px 0px;\n}\n\n@media (max-width: 576px) {\n    .recomendadorV2Area {\n      padding: 10px;\n      max-width: 100%;\n    }\n  \n    .recomendadorV2Area1 img {\n      width: 100%;\n      border-radius: 6px;\n    }\n  \n    .recomendadorV2Area2 .recomendadorV2Type {\n      font-size: 9px;\n      letter-spacing: 1px;\n      margin: 8px 0;\n    }\n  \n    .recomendadorV2Title h2 {\n      font-size: 18px !important;\n      margin-bottom: 8px !important;\n      line-height: 1.2;\n    }\n  \n    .recomendadorV2Desc {\n      font-size: 14px;\n      margin: 8px 0 !important;\n      line-height: 1.4;\n    }\n  \n    .recomendadorV2Button {\n      font-size: 14px;\n      height: 40px;\n      padding: 0 12px;\n      max-width: 100%;\n      width: 100%;\n    }\n  \n    .recomendadorV2Button:after {\n      padding-left: 6px;\n    }\n  }\n  <\/style>\n        <div class=\"lazyblock-recomendador-v2-2jDGz wp-block-lazyblock-recomendador-v2\">\n        <a class=\"linkrecomendadorv2\" href=\"https:\/\/diariodocomercio.com.br\/mix\/quem-ama-cuida-atriz-levou-tapa-de-verdade-em-gravacao-de-cena\/%20\">\n            <div class=\"recomendadorV2Area\">\n            <div class=\"recomendadorV2Area1\">\n                <div class=\"recomendadorV2Img\">\n                <img width=\"768\" height=\"432\" src=\"https:\/\/diariodocomercio.com.br\/mix\/wp-content\/uploads\/2026\/06\/quem-ama-cuida-768x432.jpg\" class=\"lazyloaded\" alt=\"\" sizes=\"auto, (min-width: 577px) 280px, calc(100vw - 20px)\" decoding=\"async\" loading=\"lazy\" srcset=\"https:\/\/diariodocomercio.com.br\/mix\/wp-content\/uploads\/2026\/06\/quem-ama-cuida-768x432.jpg 768w, https:\/\/diariodocomercio.com.br\/mix\/wp-content\/uploads\/2026\/06\/quem-ama-cuida-300x169.jpg 300w, https:\/\/diariodocomercio.com.br\/mix\/wp-content\/uploads\/2026\/06\/quem-ama-cuida-1200x675.jpg 1200w, https:\/\/diariodocomercio.com.br\/mix\/wp-content\/uploads\/2026\/06\/quem-ama-cuida-150x84.jpg 150w, https:\/\/diariodocomercio.com.br\/mix\/wp-content\/uploads\/2026\/06\/quem-ama-cuida-750x422.jpg 750w, https:\/\/diariodocomercio.com.br\/mix\/wp-content\/uploads\/2026\/06\/quem-ama-cuida-1140x641.jpg 1140w, https:\/\/diariodocomercio.com.br\/mix\/wp-content\/uploads\/2026\/06\/quem-ama-cuida.jpg 1280w\" \/>\n                <\/div>\n            <\/div>\n            <div class=\"recomendadorV2Area2\">\n                <div class=\"recomendadorV2Type\">\n                    <span>TELEVIS\u00c3O t\u00edtulo=Quem Ama Cuida: atriz levou tapa de verdade em grava\u00e7\u00e3o de cena <\/span>\n                <\/div>\n                <div class=\"recomendadorV2Title\">\n                <h2><span><\/span><\/h2>\n                <\/div>\n                <div class=\"recomendadorV2Desc\">\n                <span>H\u00e1 alguns dias, Quem Ama Cuida exibiu uma cena de tapa, algo cl\u00e1ssico das novelas brasileiras. Quem \u00e9 noveleiro sabe \u2026 <\/span>\n                <\/div>\n                <div class=\"recomendadorV2Button\">Leia mais <\/div>\n                <div class=\"recomendadorV2Alert\"><\/div>\n            <\/div>\n            <\/div>\n        <\/a>\n        <div>\n            <div style=\"z-index:99999;\" id=\"buttonClose\" onclick=\"closeRecomendadorFixed()\">\n            <div class=\"recomendadorCloseFixed\">X<\/div>\n            <\/div>\n            <a href=\"https:\/\/diariodocomercio.com.br\/mix\/quem-ama-cuida-atriz-levou-tapa-de-verdade-em-gravacao-de-cena\/%20\">\n            <div class=\"recomendadorFixedArea\">\n                <div id=\"recomendadorFixed\">\n                <div class=\"recomendadorLeftArea\">\n                    <div class=\"recomendadorImgFixed\">\n                    <img width=\"300\" height=\"169\" src=\"https:\/\/diariodocomercio.com.br\/mix\/wp-content\/uploads\/2026\/06\/quem-ama-cuida-300x169.jpg\" class=\"lazyload\" alt=\"\" sizes=\"auto, 160px\" decoding=\"async\" loading=\"lazy\" srcset=\"https:\/\/diariodocomercio.com.br\/mix\/wp-content\/uploads\/2026\/06\/quem-ama-cuida-300x169.jpg 300w, https:\/\/diariodocomercio.com.br\/mix\/wp-content\/uploads\/2026\/06\/quem-ama-cuida-1200x675.jpg 1200w, https:\/\/diariodocomercio.com.br\/mix\/wp-content\/uploads\/2026\/06\/quem-ama-cuida-768x432.jpg 768w, https:\/\/diariodocomercio.com.br\/mix\/wp-content\/uploads\/2026\/06\/quem-ama-cuida-150x84.jpg 150w, https:\/\/diariodocomercio.com.br\/mix\/wp-content\/uploads\/2026\/06\/quem-ama-cuida-750x422.jpg 750w, https:\/\/diariodocomercio.com.br\/mix\/wp-content\/uploads\/2026\/06\/quem-ama-cuida-1140x641.jpg 1140w, https:\/\/diariodocomercio.com.br\/mix\/wp-content\/uploads\/2026\/06\/quem-ama-cuida.jpg 1280w\" \/>\n                    <\/div>\n                <\/div>\n                <div class=\"recomendadorRightArea\">\n                    <div class=\"recomendadorTitleFixed\">\n                    <h2><span><\/span><\/h2>\n                    <\/div>\n                    <div class=\"recomendadorButtonFixed\">Leia mais <\/div>\n                    <div class=\"recomendadorAlertFixed\"><\/div>\n                <\/div>\n                <\/div>\n            <\/div>\n            <\/a>\n        <\/div>\n        <\/div>\n","protected":false},"excerpt":{"rendered":"<p>A m\u00e1quina de lavar \u00e9 dos eletrodom\u00e9sticos mais comuns nas casas dos brasileiros e a maioria das pessoas provavelmente n\u00e3o consegue realmente imaginar como seria ficar sem o aparelho em casa. Mesmo assim, muita gente comete v\u00e1rios erros que podem diminuir consideravelmente a seguran\u00e7a e vida \u00fatil do aparelho ou at\u00e9 mesmo causar risco de [&hellip;]<\/p>\n","protected":false},"author":6,"featured_media":31328,"comment_status":"closed","ping_status":"closed","sticky":false,"template":"","format":"standard","meta":{"jnews-multi-image_gallery":[],"jnews_single_post":{"format":"standard"},"jnews_primary_category":[],"jnews_social_meta":[],"jnews_post_split":[],"footnotes":""},"categories":[1],"tags":[],"class_list":["post-57325","post","type-post","status-publish","format-standard","has-post-thumbnail","hentry","category-geral"],"_referencia":"","_links":{"self":[{"href":"https:\/\/diariodocomercio.com.br\/mix\/wp-json\/wp\/v2\/posts\/57325","targetHints":{"allow":["GET"]}}],"collection":[{"href":"https:\/\/diariodocomercio.com.br\/mix\/wp-json\/wp\/v2\/posts"}],"about":[{"href":"https:\/\/diariodocomercio.com.br\/mix\/wp-json\/wp\/v2\/types\/post"}],"author":[{"embeddable":true,"href":"https:\/\/diariodocomercio.com.br\/mix\/wp-json\/wp\/v2\/users\/6"}],"replies":[{"embeddable":true,"href":"https:\/\/diariodocomercio.com.br\/mix\/wp-json\/wp\/v2\/comments?post=57325"}],"version-history":[{"count":1,"href":"https:\/\/diariodocomercio.com.br\/mix\/wp-json\/wp\/v2\/posts\/57325\/revisions"}],"predecessor-version":[{"id":57326,"href":"https:\/\/diariodocomercio.com.br\/mix\/wp-json\/wp\/v2\/posts\/57325\/revisions\/57326"}],"wp:featuredmedia":[{"embeddable":true,"href":"https:\/\/diariodocomercio.com.br\/mix\/wp-json\/wp\/v2\/media\/31328"}],"wp:attachment":[{"href":"https:\/\/diariodocomercio.com.br\/mix\/wp-json\/wp\/v2\/media?parent=57325"}],"wp:term":[{"taxonomy":"category","embeddable":true,"href":"https:\/\/diariodocomercio.com.br\/mix\/wp-json\/wp\/v2\/categories?post=57325"},{"taxonomy":"post_tag","embeddable":true,"href":"https:\/\/diariodocomercio.com.br\/mix\/wp-json\/wp\/v2\/tags?post=57325"}],"curies":[{"name":"wp","href":"https:\/\/api.w.org\/{rel}","templated":true}]}}