{"id":57335,"date":"2026-08-31T21:38:00","date_gmt":"2026-09-01T00:38:00","guid":{"rendered":"https:\/\/diariodocomercio.com.br\/mix\/?p=57335"},"modified":"2026-08-31T17:21:10","modified_gmt":"2026-08-31T20:21:10","slug":"feng-shui-indica-7-plantas-para-atrair-boas-energias-para-a-sua-casa","status":"publish","type":"post","link":"https:\/\/diariodocomercio.com.br\/mix\/feng-shui-indica-7-plantas-para-atrair-boas-energias-para-a-sua-casa\/","title":{"rendered":"Feng Shui indica 7 plantas para atrair boas energias para a sua casa"},"content":{"rendered":"\n<p class=\"wp-block-paragraph\">Ter plantas em casa pode ser mais do que simplesmente dar um toque de cor \u00e0 sua casa. De acordo com os fundamentos do Feng Shui, as plantas que voc\u00ea coloca no seu ambiente tamb\u00e9m podem influenciar na energia do local. Como explica a revista Claudia, elas podem ajudar a movimentar melhor a energia &#8220;estagnada&#8221;, destravando ou acelerando o fluxo energ\u00e9tico em algumas \u00e1reas. <\/p>\n\n\n\n<p class=\"wp-block-paragraph\">A Roberta Ruschel, arquiteta, consultora, docente da Escola de Feng Shui Budista da Seita Negra e criadora do M\u00e9todo Reforma Energ\u00e9tica, revela sete plantas indicadas pela pr\u00e1tica do Feng Shui para quem quer melhorar as energias da sua casa, confira.<\/p>\n\n\n\n<h2 class=\"wp-block-heading\">1. Bambu-da-sorte<\/h2>\n\n\n\n<p class=\"wp-block-paragraph\">Conhecido como o &#8220;a\u00e7o da natureza&#8221; na cultura chinesa, o bambu-da-sorte carrega uma sumbologia ligada a temas como fidelidade, crescimento e prosperidade. Segundo o Feng Sui, os n\u00f3s simbolizam a capacidade de superar obst\u00e1culos, enquanto o interior oco remete \u00e0 flexibilidade e receptividade.<\/p>\n\n\n\n<iframe loading=\"lazy\" src=\"https:\/\/assets.pinterest.com\/ext\/embed.html?id=580049627051876795\" height=\"618\" width=\"345\"><\/iframe>\n\n\n\n<h2 class=\"wp-block-heading\">2. Girassol<\/h2>\n\n\n\n<p class=\"wp-block-paragraph\">Obviamente, o girassol carrega a simbologia do sol, sendo muito indicada para trazer alegria e boas vibra\u00e7os ao seu ambiente. Se voc\u00ea se sente constantemente cansado, por exemplo, pode ser uma \u00f3tima ideia ter essa flor perto de voc\u00ea.<\/p>\n\n\n\n<iframe loading=\"lazy\" src=\"https:\/\/assets.pinterest.com\/ext\/embed.html?id=690669292857297228\" height=\"560\" width=\"345\"><\/iframe>\n\n\n\n<h2 class=\"wp-block-heading\">3. Zamioculca<\/h2>\n\n\n\n<p class=\"wp-block-paragraph\">Na simbologia do Feng Shui, o formato c\u00f4nico invertido e as folhas arredondas dessa planta transmitem harmonia e suavidade, enquanto o seu crescimento \u00e9 associado \u00e0 abund\u00e2ncia e prosperidade. E um ponto a favor para voc\u00ea ter essa planta em casa \u00e9 que ela \u00e9 de baixa manuten\u00e7\u00e3o e funciona bem at\u00e9 em ambientes com ilumina\u00e7\u00e3o indireta, segundo a Claudia.<\/p>\n\n\n\n<iframe loading=\"lazy\" src=\"https:\/\/assets.pinterest.com\/ext\/embed.html?id=1092404453353931727\" height=\"618\" width=\"345\"><\/iframe>\n\n\n\n<h2 class=\"wp-block-heading\">4. Espada de S\u00e3o Jorge ou Santa B\u00e1rbara<\/h2>\n\n\n\n<p class=\"wp-block-paragraph\">A espada de S\u00e3o Jorge \u00e9 um s\u00edmbolo de prote\u00e7\u00e3o, mas o lugar em que voc\u00ea a coloca tamb\u00e9m faz muita diferen\u00e7a. Associada ao elemento fogo, essa planta cria uma energia de inibi\u00e7\u00e3o ao ser colocada na entrada, sendo uma op\u00e7\u00e3o melhor para o fundo da casa, como varandas, corredores ou lavanderia.<\/p>\n\n\n\n<iframe loading=\"lazy\" src=\"https:\/\/assets.pinterest.com\/ext\/embed.html?id=3377768469213125\" height=\"532\" width=\"345\"><\/iframe>\n\n\n\n<h2 class=\"wp-block-heading\">5. Orqu\u00eddea<\/h2>\n\n\n\n<p class=\"wp-block-paragraph\">S\u00edmbolo de cultura e nobreza, a orqu\u00eddea contribui para elevar o ambiente e \u00e9 vista como uma boa corre\u00e7\u00e3o para quem est\u00e1 em busca de um amor. <\/p>\n\n\n\n<iframe loading=\"lazy\" src=\"https:\/\/assets.pinterest.com\/ext\/embed.html?id=4597682720673705088\" height=\"618\" width=\"345\"><\/iframe>\n\n\n\n<h2 class=\"wp-block-heading\">6. Laranjeira<\/h2>\n\n\n\n<p class=\"wp-block-paragraph\">Assim como a espada de S\u00e3o Jorge, a laranjeira \u00e9 associada aos significados de prote\u00e7\u00e3o espiritual e sorte. Por\u00e9m, trata-se de uma esp\u00e9cie de precisa de bastante luz solar, ent\u00e3o \u00e9 mais indica para colocar em entradas, varandas e espa\u00e7os abertos.<\/p>\n\n\n\n<iframe loading=\"lazy\" src=\"https:\/\/assets.pinterest.com\/ext\/embed.html?id=2814818512821201\" height=\"560\" width=\"345\"><\/iframe>\n\n\n\n<h2 class=\"wp-block-heading\">7. L\u00edrio-da-paz<\/h2>\n\n\n\n<p class=\"wp-block-paragraph\">S\u00edmbolo de equil\u00edbrio e maternidade, essa planta \u00e9 muito indicada para quartos e salas, representando reequil\u00edbrio e acolhimento. Assim como a orqu\u00eddea, essa planta tamb\u00e9m tem uma &#8220;indica\u00e7\u00e3o especial&#8221;. Segundo a Claudia, quem est\u00e1 tentando engravidar devia ter essa planta no seu ambiente.<\/p>\n\n\n\n<iframe loading=\"lazy\" src=\"https:\/\/assets.pinterest.com\/ext\/embed.html?id=32088216098383571\" height=\"714\" width=\"345\"><\/iframe>\n\n\n<style>@media (min-width: 992px) {\n    .recomendadorV2Area1 {\n        width: 280px;\n    }\n    .recomendadorV2Area2 {\n        padding: 0px 20px;\n        width: calc(100% - 280px);\n    }\n}\n\n@media (max-width: 992px) {\n    .recomendadorV2Button {\n        margin: 0 auto;\n    }\n    .recomendadorV2Area {\n        flex-direction: column;\n        text-align: center;\n    }\n    .recomendadorV2Area2 {\n        padding: 0px 20px;\n    }\n}\n\n.recomendadorV2Area {\n    background: #eeeeee3d;\n    border-radius: 10px;\n    padding: 15px;\n    display: flex;\n    margin: 15px auto;\n    border: 1px solid #00000014;\n    max-width: 800px;\n}\n\n.recomendadorV2Area1 img {\n    width: 280px;\n    height: auto;\n    border-radius: 8px;\n}\n\n.linkrecomendadorv2 {\n    text-decoration: none !important;\n}\n\n.recomendadorV2Area2 .recomendadorV2Type {\n    text-transform: uppercase;\n    font-weight: 500;\n    font-size: 11px;\n    letter-spacing: 2px;\n    color: #666;\n    margin: 12px 0;\n    display: block;\n}\n\n.recomendadorV2Title h2 {\n    padding-top: 0px !important;\n    margin: 0px !important;\n    border-left: none !important;\n    padding-left: 0px !important;\n    line-height: 1.3;\n    color: #000 !important;\n    font-size: 24px;\n    margin-bottom: 12px !important;\n}\n\n.recomendadorV2Desc {\n    color: #333;\n    margin: 12px 0px !important;\n    font-size: 15px;\n    line-height: 1.5;\n}\n\n.recomendadorV2Button {\n    width: auto;\n    max-width: 200px;\n    margin: 0;\n    display: inline-flex;\n    align-items: center;\n    background: #1D3557;\n    border-radius: 8px;\n    color: #fff;\n    height: 36px;\n    justify-content: center;\n    text-align: center;\n    font-size: 14px;\n    padding: 0 20px;\n    transition: background-color 0.2s ease;\n}\n\n.recomendadorV2Button:hover {\n    background: #2a4d7a;\n}\n\n.recomendadorV2Button:after {\n    margin-top: -2px;\n    content: \"\u2192\";\n    padding: 0px 0px 0px 8px;\n}\n\n.recomendadorV2Alert {\n    text-align: left;\n    font-size: 11px;\n    margin-top: 8px;\n    color: #666;\n}\n\n.recomendadorFixedArea {\n    width: 100%;\n    display: flex;\n    justify-content: center;\n    align-items: center;\n}\n\n@media (min-width: 992px) {\n    #recomendadorFixed {\n        width: 32% !important;\n        left: 5%;\n    }\n    .recomendadorCloseFixed{\n        right: inherit !important;\n        left: 378px !important;\n    }\n}\n\n#recomendadorFixed {\n    width: 90%;\n    box-shadow: 0 10px 20px 0px #00000057;\n    display: none;\n    height: 90px;\n    background: #F6F6F6;\n    position: fixed;\n    flex-direction: row;\n    bottom: 10px;\n    z-index: 9999;\n    border-radius: 16px;\n    padding: 7px 10px;\n}\n\n.recomendadorLeftArea {\n    width: 160px;\n}\n\n.recomendadorRightArea h2 {\n    padding-top: 0px;\n    margin: 2px 0px 4px 0px !important;\n    font-weight: 400;\n    text-align: center;\n    padding-left: 0px !important;\n    color: #000 !important;\n    border-left: none !important;\n    line-height: 20px;\n    font-size: 12px !important;\n}\n\n.recomendadorImgFixed {\n    overflow: hidden;\n    padding: 8px 6px;\n    height: 100%;\n}\n\n.recomendadorImgFixed img {\n    height: 100% !important;\n    border-radius: 16px;\n}\n\n.recomendadorRightArea {\n    padding-top: 6px;\n    display: flex;\n    width: calc(100% - 130px);\n    justify-content: space-between;\n    align-items: center;\n    flex-direction: column;\n}\n\n.recomendadorButtonFixed {\n    margin: 0 auto;\n    background: #1D3557;\n    width: 80%;\n    text-align: center;\n    font-size: 10px;\n    color: #FFF;\n    padding: 2px 10px;\n    border-radius: 3px;\n}\n\n.recomendadorButtonFixed:after {\n    margin-top: -3px;\n    content: \"\u2192\";\n    padding: 0px 0px 0px 10px;\n}\n\n.recomendadorAlertFixed {\n    font-weight: 400;\n    text-align: center;\n    color: #484848;\n    font-size: 8px;\n}\n\n.recomendadorCloseFixed {\n    z-index: 99999;\n    display: none;\n    right: 0px;\n    left: inherit;\n    bottom: 99px;\n    position: fixed;\n    justify-content: center;\n    background: #F6F6F6;\n    width: 25px;\n    align-items: center;\n    height: 25px;\n    font-weight: 800;\n    border-radius: 50%;\n    border: 1px solid #EBEBEB;\n}\n\n.recomendadorV2Desc{\n    color: #000000;\n    margin: 20px 0px;\n}\n\n@media (max-width: 576px) {\n    .recomendadorV2Area {\n      padding: 10px;\n      max-width: 100%;\n    }\n  \n    .recomendadorV2Area1 img {\n      width: 100%;\n      border-radius: 6px;\n    }\n  \n    .recomendadorV2Area2 .recomendadorV2Type {\n      font-size: 9px;\n      letter-spacing: 1px;\n      margin: 8px 0;\n    }\n  \n    .recomendadorV2Title h2 {\n      font-size: 18px !important;\n      margin-bottom: 8px !important;\n      line-height: 1.2;\n    }\n  \n    .recomendadorV2Desc {\n      font-size: 14px;\n      margin: 8px 0 !important;\n      line-height: 1.4;\n    }\n  \n    .recomendadorV2Button {\n      font-size: 14px;\n      height: 40px;\n      padding: 0 12px;\n      max-width: 100%;\n      width: 100%;\n    }\n  \n    .recomendadorV2Button:after {\n      padding-left: 6px;\n    }\n  }\n  <\/style>\n        <div class=\"lazyblock-recomendador-v2-2jDGz wp-block-lazyblock-recomendador-v2\">\n        <a class=\"linkrecomendadorv2\" href=\"https:\/\/diariodocomercio.com.br\/mix\/brasileiros-cometem-esses-5-erros-na-maquina-de-lavar-mas-especialistas-dizem-para-parar-imediatamente\/%20\">\n            <div class=\"recomendadorV2Area\">\n            <div class=\"recomendadorV2Area1\">\n                <div class=\"recomendadorV2Img\">\n                <img width=\"768\" height=\"346\" src=\"https:\/\/diariodocomercio.com.br\/mix\/wp-content\/uploads\/2026\/01\/maquina-de-lavar-768x346.jpg\" class=\"lazyloaded\" alt=\"\" sizes=\"auto, (min-width: 577px) 280px, calc(100vw - 20px)\" decoding=\"async\" loading=\"lazy\" srcset=\"https:\/\/diariodocomercio.com.br\/mix\/wp-content\/uploads\/2026\/01\/maquina-de-lavar-768x346.jpg 768w, https:\/\/diariodocomercio.com.br\/mix\/wp-content\/uploads\/2026\/01\/maquina-de-lavar-300x135.jpg 300w, https:\/\/diariodocomercio.com.br\/mix\/wp-content\/uploads\/2026\/01\/maquina-de-lavar-150x68.jpg 150w, https:\/\/diariodocomercio.com.br\/mix\/wp-content\/uploads\/2026\/01\/maquina-de-lavar-750x338.jpg 750w, https:\/\/diariodocomercio.com.br\/mix\/wp-content\/uploads\/2026\/01\/maquina-de-lavar-1140x513.jpg 1140w, https:\/\/diariodocomercio.com.br\/mix\/wp-content\/uploads\/2026\/01\/maquina-de-lavar.jpg 1200w\" \/>\n                <\/div>\n            <\/div>\n            <div class=\"recomendadorV2Area2\">\n                <div class=\"recomendadorV2Type\">\n                    <span>CASA t\u00edtulo=Brasileiros cometem esses 5 erros na m\u00e1quina de lavar, mas especialistas dizem para parar imediatamente <\/span>\n                <\/div>\n                <div class=\"recomendadorV2Title\">\n                <h2><span><\/span><\/h2>\n                <\/div>\n                <div class=\"recomendadorV2Desc\">\n                <span>A m\u00e1quina de lavar \u00e9 dos eletrodom\u00e9sticos mais comuns nas casas dos brasileiros e a maioria das pessoas provavelmente n\u00e3o \u2026 <\/span>\n                <\/div>\n                <div class=\"recomendadorV2Button\">Leia mais <\/div>\n                <div class=\"recomendadorV2Alert\"><\/div>\n            <\/div>\n            <\/div>\n        <\/a>\n        <div>\n            <div style=\"z-index:99999;\" id=\"buttonClose\" onclick=\"closeRecomendadorFixed()\">\n            <div class=\"recomendadorCloseFixed\">X<\/div>\n            <\/div>\n            <a href=\"https:\/\/diariodocomercio.com.br\/mix\/brasileiros-cometem-esses-5-erros-na-maquina-de-lavar-mas-especialistas-dizem-para-parar-imediatamente\/%20\">\n            <div class=\"recomendadorFixedArea\">\n                <div id=\"recomendadorFixed\">\n                <div class=\"recomendadorLeftArea\">\n                    <div class=\"recomendadorImgFixed\">\n                    <img width=\"300\" height=\"135\" src=\"https:\/\/diariodocomercio.com.br\/mix\/wp-content\/uploads\/2026\/01\/maquina-de-lavar-300x135.jpg\" class=\"lazyload\" alt=\"\" sizes=\"auto, 160px\" decoding=\"async\" loading=\"lazy\" srcset=\"https:\/\/diariodocomercio.com.br\/mix\/wp-content\/uploads\/2026\/01\/maquina-de-lavar-300x135.jpg 300w, https:\/\/diariodocomercio.com.br\/mix\/wp-content\/uploads\/2026\/01\/maquina-de-lavar-768x346.jpg 768w, https:\/\/diariodocomercio.com.br\/mix\/wp-content\/uploads\/2026\/01\/maquina-de-lavar-150x68.jpg 150w, https:\/\/diariodocomercio.com.br\/mix\/wp-content\/uploads\/2026\/01\/maquina-de-lavar-750x338.jpg 750w, https:\/\/diariodocomercio.com.br\/mix\/wp-content\/uploads\/2026\/01\/maquina-de-lavar-1140x513.jpg 1140w, https:\/\/diariodocomercio.com.br\/mix\/wp-content\/uploads\/2026\/01\/maquina-de-lavar.jpg 1200w\" \/>\n                    <\/div>\n                <\/div>\n                <div class=\"recomendadorRightArea\">\n                    <div class=\"recomendadorTitleFixed\">\n                    <h2><span><\/span><\/h2>\n                    <\/div>\n                    <div class=\"recomendadorButtonFixed\">Leia mais <\/div>\n                    <div class=\"recomendadorAlertFixed\"><\/div>\n                <\/div>\n                <\/div>\n            <\/div>\n            <\/a>\n        <\/div>\n        <\/div>\n","protected":false},"excerpt":{"rendered":"<p>Ter plantas em casa pode ser mais do que simplesmente dar um toque de cor \u00e0 sua casa. De acordo com os fundamentos do Feng Shui, as plantas que voc\u00ea coloca no seu ambiente tamb\u00e9m podem influenciar na energia do local. Como explica a revista Claudia, elas podem ajudar a movimentar melhor a energia &#8220;estagnada&#8221;, [&hellip;]<\/p>\n","protected":false},"author":6,"featured_media":57336,"comment_status":"closed","ping_status":"closed","sticky":false,"template":"","format":"standard","meta":{"jnews-multi-image_gallery":[],"jnews_single_post":{"format":"standard"},"jnews_primary_category":[],"jnews_social_meta":[],"jnews_post_split":[],"footnotes":""},"categories":[1],"tags":[],"class_list":["post-57335","post","type-post","status-publish","format-standard","has-post-thumbnail","hentry","category-geral"],"_referencia":"","_links":{"self":[{"href":"https:\/\/diariodocomercio.com.br\/mix\/wp-json\/wp\/v2\/posts\/57335","targetHints":{"allow":["GET"]}}],"collection":[{"href":"https:\/\/diariodocomercio.com.br\/mix\/wp-json\/wp\/v2\/posts"}],"about":[{"href":"https:\/\/diariodocomercio.com.br\/mix\/wp-json\/wp\/v2\/types\/post"}],"author":[{"embeddable":true,"href":"https:\/\/diariodocomercio.com.br\/mix\/wp-json\/wp\/v2\/users\/6"}],"replies":[{"embeddable":true,"href":"https:\/\/diariodocomercio.com.br\/mix\/wp-json\/wp\/v2\/comments?post=57335"}],"version-history":[{"count":2,"href":"https:\/\/diariodocomercio.com.br\/mix\/wp-json\/wp\/v2\/posts\/57335\/revisions"}],"predecessor-version":[{"id":57338,"href":"https:\/\/diariodocomercio.com.br\/mix\/wp-json\/wp\/v2\/posts\/57335\/revisions\/57338"}],"wp:featuredmedia":[{"embeddable":true,"href":"https:\/\/diariodocomercio.com.br\/mix\/wp-json\/wp\/v2\/media\/57336"}],"wp:attachment":[{"href":"https:\/\/diariodocomercio.com.br\/mix\/wp-json\/wp\/v2\/media?parent=57335"}],"wp:term":[{"taxonomy":"category","embeddable":true,"href":"https:\/\/diariodocomercio.com.br\/mix\/wp-json\/wp\/v2\/categories?post=57335"},{"taxonomy":"post_tag","embeddable":true,"href":"https:\/\/diariodocomercio.com.br\/mix\/wp-json\/wp\/v2\/tags?post=57335"}],"curies":[{"name":"wp","href":"https:\/\/api.w.org\/{rel}","templated":true}]}}