{"id":57341,"date":"2026-08-31T23:36:00","date_gmt":"2026-09-01T02:36:00","guid":{"rendered":"https:\/\/diariodocomercio.com.br\/mix\/?p=57341"},"modified":"2026-08-31T19:41:23","modified_gmt":"2026-08-31T22:41:23","slug":"cientistas-brasileiros-tentam-fazer-plantas-crescerem-fora-da-terra-pela-primeira-vez","status":"publish","type":"post","link":"https:\/\/diariodocomercio.com.br\/mix\/cientistas-brasileiros-tentam-fazer-plantas-crescerem-fora-da-terra-pela-primeira-vez\/","title":{"rendered":"Cientistas brasileiros tentam fazer plantas crescerem fora da Terra pela primeira vez"},"content":{"rendered":"\n<p class=\"wp-block-paragraph\">E se n\u00f3s pud\u00e9ssemos plantar em outros planetas ou at\u00e9 na Lua? Esse \u00e9 um objetivo de muitos cientistas, inclusive de pesquisadores brasileiros, que fazem parte da Rede Space Farming Brazil. Essa rede \u00e9 uma iniciativa de pesquisa da Embrapa (Empresa Brasileira de Pesquisa Agropecu\u00e1ria) em parceria com a Ag\u00eancia Espacial Brasileira (AEB) que surgiu l\u00e1 em 2022. Segundo o site da Embrapa, essa rede <em>&#8220;foi estabelecida com o objetivo de inovar na produ\u00e7\u00e3o de alimentos em ambientes extraterrestres&#8221;.<\/em><\/p>\n\n\n\n<p class=\"wp-block-paragraph\">Essa iniciativa est\u00e1 investindo em desenvolver sistemas de produ\u00e7\u00e3o que possam ser feitos fora do nosso planeta, em locais como Marte ou na Lua, e buscando solu\u00e7\u00f5es para desafios de plantar fora da Terra, como a aus\u00eancia de solo, condi\u00e7\u00f5es de alta radia\u00e7\u00e3o e baixa gravidade. <\/p>\n\n\n\n<h2 class=\"wp-block-heading\">Os primeiros alimentos escolhidos para serem plantados fora da Terra<\/h2>\n\n\n\n<p class=\"wp-block-paragraph\">De acordo com o portal Sou Agro, o primeiro foco da iniciativa foi estudar formas de possibilitar o cultivo de variedades de batata-doce e gr\u00e3o-de-bico, alimentos escolhidos por seu alto valor nutricional e, mais importante, sua alta adaptabilidade a condi\u00e7\u00f5es extremas.<\/p>\n\n\n\n<p class=\"wp-block-paragraph\">Um dos (muitos) desafios que os cientistas enfrentam para tentar possibilitar o plantio fora da Terra \u00e9 a miss\u00e3o de construir um inv\u00f3lucro que possa proteger as plantas da radia\u00e7\u00e3o ionizante c\u00f3smica. J\u00e1 existem testes feitos simulando essas condi\u00e7\u00f5es em laborat\u00f3rios (aqui na Terra, vale observar).<\/p>\n\n\n\n<p class=\"wp-block-paragraph\">No ano passado, o grupo mandou sementes de gr\u00e3o-de-bico e plantas de batata-doce roxa aprimoradas pela Embrapa em um foguete da Blue Origin em miss\u00e3o \u00e0 fronteira espacial. Os pesquisadores est\u00e3o esperando a volta desses alimentos para fazer estudos comparando essas plantas com as que ficaram aqui no nosso planetinha azul.<\/p>\n\n\n<style>@media (min-width: 992px) {\n    .recomendadorV2Area1 {\n        width: 280px;\n    }\n    .recomendadorV2Area2 {\n        padding: 0px 20px;\n        width: calc(100% - 280px);\n    }\n}\n\n@media (max-width: 992px) {\n    .recomendadorV2Button {\n        margin: 0 auto;\n    }\n    .recomendadorV2Area {\n        flex-direction: column;\n        text-align: center;\n    }\n    .recomendadorV2Area2 {\n        padding: 0px 20px;\n    }\n}\n\n.recomendadorV2Area {\n    background: #eeeeee3d;\n    border-radius: 10px;\n    padding: 15px;\n    display: flex;\n    margin: 15px auto;\n    border: 1px solid #00000014;\n    max-width: 800px;\n}\n\n.recomendadorV2Area1 img {\n    width: 280px;\n    height: auto;\n    border-radius: 8px;\n}\n\n.linkrecomendadorv2 {\n    text-decoration: none !important;\n}\n\n.recomendadorV2Area2 .recomendadorV2Type {\n    text-transform: uppercase;\n    font-weight: 500;\n    font-size: 11px;\n    letter-spacing: 2px;\n    color: #666;\n    margin: 12px 0;\n    display: block;\n}\n\n.recomendadorV2Title h2 {\n    padding-top: 0px !important;\n    margin: 0px !important;\n    border-left: none !important;\n    padding-left: 0px !important;\n    line-height: 1.3;\n    color: #000 !important;\n    font-size: 24px;\n    margin-bottom: 12px !important;\n}\n\n.recomendadorV2Desc {\n    color: #333;\n    margin: 12px 0px !important;\n    font-size: 15px;\n    line-height: 1.5;\n}\n\n.recomendadorV2Button {\n    width: auto;\n    max-width: 200px;\n    margin: 0;\n    display: inline-flex;\n    align-items: center;\n    background: #1D3557;\n    border-radius: 8px;\n    color: #fff;\n    height: 36px;\n    justify-content: center;\n    text-align: center;\n    font-size: 14px;\n    padding: 0 20px;\n    transition: background-color 0.2s ease;\n}\n\n.recomendadorV2Button:hover {\n    background: #2a4d7a;\n}\n\n.recomendadorV2Button:after {\n    margin-top: -2px;\n    content: \"\u2192\";\n    padding: 0px 0px 0px 8px;\n}\n\n.recomendadorV2Alert {\n    text-align: left;\n    font-size: 11px;\n    margin-top: 8px;\n    color: #666;\n}\n\n.recomendadorFixedArea {\n    width: 100%;\n    display: flex;\n    justify-content: center;\n    align-items: center;\n}\n\n@media (min-width: 992px) {\n    #recomendadorFixed {\n        width: 32% !important;\n        left: 5%;\n    }\n    .recomendadorCloseFixed{\n        right: inherit !important;\n        left: 378px !important;\n    }\n}\n\n#recomendadorFixed {\n    width: 90%;\n    box-shadow: 0 10px 20px 0px #00000057;\n    display: none;\n    height: 90px;\n    background: #F6F6F6;\n    position: fixed;\n    flex-direction: row;\n    bottom: 10px;\n    z-index: 9999;\n    border-radius: 16px;\n    padding: 7px 10px;\n}\n\n.recomendadorLeftArea {\n    width: 160px;\n}\n\n.recomendadorRightArea h2 {\n    padding-top: 0px;\n    margin: 2px 0px 4px 0px !important;\n    font-weight: 400;\n    text-align: center;\n    padding-left: 0px !important;\n    color: #000 !important;\n    border-left: none !important;\n    line-height: 20px;\n    font-size: 12px !important;\n}\n\n.recomendadorImgFixed {\n    overflow: hidden;\n    padding: 8px 6px;\n    height: 100%;\n}\n\n.recomendadorImgFixed img {\n    height: 100% !important;\n    border-radius: 16px;\n}\n\n.recomendadorRightArea {\n    padding-top: 6px;\n    display: flex;\n    width: calc(100% - 130px);\n    justify-content: space-between;\n    align-items: center;\n    flex-direction: column;\n}\n\n.recomendadorButtonFixed {\n    margin: 0 auto;\n    background: #1D3557;\n    width: 80%;\n    text-align: center;\n    font-size: 10px;\n    color: #FFF;\n    padding: 2px 10px;\n    border-radius: 3px;\n}\n\n.recomendadorButtonFixed:after {\n    margin-top: -3px;\n    content: \"\u2192\";\n    padding: 0px 0px 0px 10px;\n}\n\n.recomendadorAlertFixed {\n    font-weight: 400;\n    text-align: center;\n    color: #484848;\n    font-size: 8px;\n}\n\n.recomendadorCloseFixed {\n    z-index: 99999;\n    display: none;\n    right: 0px;\n    left: inherit;\n    bottom: 99px;\n    position: fixed;\n    justify-content: center;\n    background: #F6F6F6;\n    width: 25px;\n    align-items: center;\n    height: 25px;\n    font-weight: 800;\n    border-radius: 50%;\n    border: 1px solid #EBEBEB;\n}\n\n.recomendadorV2Desc{\n    color: #000000;\n    margin: 20px 0px;\n}\n\n@media (max-width: 576px) {\n    .recomendadorV2Area {\n      padding: 10px;\n      max-width: 100%;\n    }\n  \n    .recomendadorV2Area1 img {\n      width: 100%;\n      border-radius: 6px;\n    }\n  \n    .recomendadorV2Area2 .recomendadorV2Type {\n      font-size: 9px;\n      letter-spacing: 1px;\n      margin: 8px 0;\n    }\n  \n    .recomendadorV2Title h2 {\n      font-size: 18px !important;\n      margin-bottom: 8px !important;\n      line-height: 1.2;\n    }\n  \n    .recomendadorV2Desc {\n      font-size: 14px;\n      margin: 8px 0 !important;\n      line-height: 1.4;\n    }\n  \n    .recomendadorV2Button {\n      font-size: 14px;\n      height: 40px;\n      padding: 0 12px;\n      max-width: 100%;\n      width: 100%;\n    }\n  \n    .recomendadorV2Button:after {\n      padding-left: 6px;\n    }\n  }\n  <\/style>\n        <div class=\"lazyblock-recomendador-v2-2jDGz wp-block-lazyblock-recomendador-v2\">\n        <a class=\"linkrecomendadorv2\" href=\"https:\/\/diariodocomercio.com.br\/mix\/brasileiros-cometem-esses-5-erros-na-maquina-de-lavar-mas-especialistas-dizem-para-parar-imediatamente\/%20\">\n            <div class=\"recomendadorV2Area\">\n            <div class=\"recomendadorV2Area1\">\n                <div class=\"recomendadorV2Img\">\n                <img width=\"768\" height=\"346\" src=\"https:\/\/diariodocomercio.com.br\/mix\/wp-content\/uploads\/2026\/01\/maquina-de-lavar-768x346.jpg\" class=\"lazyloaded\" alt=\"\" sizes=\"auto, (min-width: 577px) 280px, calc(100vw - 20px)\" decoding=\"async\" loading=\"lazy\" srcset=\"https:\/\/diariodocomercio.com.br\/mix\/wp-content\/uploads\/2026\/01\/maquina-de-lavar-768x346.jpg 768w, https:\/\/diariodocomercio.com.br\/mix\/wp-content\/uploads\/2026\/01\/maquina-de-lavar-300x135.jpg 300w, https:\/\/diariodocomercio.com.br\/mix\/wp-content\/uploads\/2026\/01\/maquina-de-lavar-150x68.jpg 150w, https:\/\/diariodocomercio.com.br\/mix\/wp-content\/uploads\/2026\/01\/maquina-de-lavar-750x338.jpg 750w, https:\/\/diariodocomercio.com.br\/mix\/wp-content\/uploads\/2026\/01\/maquina-de-lavar-1140x513.jpg 1140w, https:\/\/diariodocomercio.com.br\/mix\/wp-content\/uploads\/2026\/01\/maquina-de-lavar.jpg 1200w\" \/>\n                <\/div>\n            <\/div>\n            <div class=\"recomendadorV2Area2\">\n                <div class=\"recomendadorV2Type\">\n                    <span>CASA t\u00edtulo=Brasileiros cometem esses 5 erros na m\u00e1quina de lavar, mas especialistas dizem para parar imediatamente <\/span>\n                <\/div>\n                <div class=\"recomendadorV2Title\">\n                <h2><span><\/span><\/h2>\n                <\/div>\n                <div class=\"recomendadorV2Desc\">\n                <span>A m\u00e1quina de lavar \u00e9 dos eletrodom\u00e9sticos mais comuns nas casas dos brasileiros e a maioria das pessoas provavelmente n\u00e3o \u2026 <\/span>\n                <\/div>\n                <div class=\"recomendadorV2Button\">Leia mais <\/div>\n                <div class=\"recomendadorV2Alert\"><\/div>\n            <\/div>\n            <\/div>\n        <\/a>\n        <div>\n            <div style=\"z-index:99999;\" id=\"buttonClose\" onclick=\"closeRecomendadorFixed()\">\n            <div class=\"recomendadorCloseFixed\">X<\/div>\n            <\/div>\n            <a href=\"https:\/\/diariodocomercio.com.br\/mix\/brasileiros-cometem-esses-5-erros-na-maquina-de-lavar-mas-especialistas-dizem-para-parar-imediatamente\/%20\">\n            <div class=\"recomendadorFixedArea\">\n                <div id=\"recomendadorFixed\">\n                <div class=\"recomendadorLeftArea\">\n                    <div class=\"recomendadorImgFixed\">\n                    <img width=\"300\" height=\"135\" src=\"https:\/\/diariodocomercio.com.br\/mix\/wp-content\/uploads\/2026\/01\/maquina-de-lavar-300x135.jpg\" class=\"lazyload\" alt=\"\" sizes=\"auto, 160px\" decoding=\"async\" loading=\"lazy\" srcset=\"https:\/\/diariodocomercio.com.br\/mix\/wp-content\/uploads\/2026\/01\/maquina-de-lavar-300x135.jpg 300w, https:\/\/diariodocomercio.com.br\/mix\/wp-content\/uploads\/2026\/01\/maquina-de-lavar-768x346.jpg 768w, https:\/\/diariodocomercio.com.br\/mix\/wp-content\/uploads\/2026\/01\/maquina-de-lavar-150x68.jpg 150w, https:\/\/diariodocomercio.com.br\/mix\/wp-content\/uploads\/2026\/01\/maquina-de-lavar-750x338.jpg 750w, https:\/\/diariodocomercio.com.br\/mix\/wp-content\/uploads\/2026\/01\/maquina-de-lavar-1140x513.jpg 1140w, https:\/\/diariodocomercio.com.br\/mix\/wp-content\/uploads\/2026\/01\/maquina-de-lavar.jpg 1200w\" \/>\n                    <\/div>\n                <\/div>\n                <div class=\"recomendadorRightArea\">\n                    <div class=\"recomendadorTitleFixed\">\n                    <h2><span><\/span><\/h2>\n                    <\/div>\n                    <div class=\"recomendadorButtonFixed\">Leia mais <\/div>\n                    <div class=\"recomendadorAlertFixed\"><\/div>\n                <\/div>\n                <\/div>\n            <\/div>\n            <\/a>\n        <\/div>\n        <\/div>\n","protected":false},"excerpt":{"rendered":"<p>E se n\u00f3s pud\u00e9ssemos plantar em outros planetas ou at\u00e9 na Lua? Esse \u00e9 um objetivo de muitos cientistas, inclusive de pesquisadores brasileiros, que fazem parte da Rede Space Farming Brazil. Essa rede \u00e9 uma iniciativa de pesquisa da Embrapa (Empresa Brasileira de Pesquisa Agropecu\u00e1ria) em parceria com a Ag\u00eancia Espacial Brasileira (AEB) que surgiu [&hellip;]<\/p>\n","protected":false},"author":6,"featured_media":57342,"comment_status":"closed","ping_status":"closed","sticky":false,"template":"","format":"standard","meta":{"jnews-multi-image_gallery":[],"jnews_single_post":{"format":"standard"},"jnews_primary_category":[],"jnews_social_meta":[],"jnews_post_split":[],"footnotes":""},"categories":[1],"tags":[],"class_list":["post-57341","post","type-post","status-publish","format-standard","has-post-thumbnail","hentry","category-geral"],"_referencia":"","_links":{"self":[{"href":"https:\/\/diariodocomercio.com.br\/mix\/wp-json\/wp\/v2\/posts\/57341","targetHints":{"allow":["GET"]}}],"collection":[{"href":"https:\/\/diariodocomercio.com.br\/mix\/wp-json\/wp\/v2\/posts"}],"about":[{"href":"https:\/\/diariodocomercio.com.br\/mix\/wp-json\/wp\/v2\/types\/post"}],"author":[{"embeddable":true,"href":"https:\/\/diariodocomercio.com.br\/mix\/wp-json\/wp\/v2\/users\/6"}],"replies":[{"embeddable":true,"href":"https:\/\/diariodocomercio.com.br\/mix\/wp-json\/wp\/v2\/comments?post=57341"}],"version-history":[{"count":2,"href":"https:\/\/diariodocomercio.com.br\/mix\/wp-json\/wp\/v2\/posts\/57341\/revisions"}],"predecessor-version":[{"id":57362,"href":"https:\/\/diariodocomercio.com.br\/mix\/wp-json\/wp\/v2\/posts\/57341\/revisions\/57362"}],"wp:featuredmedia":[{"embeddable":true,"href":"https:\/\/diariodocomercio.com.br\/mix\/wp-json\/wp\/v2\/media\/57342"}],"wp:attachment":[{"href":"https:\/\/diariodocomercio.com.br\/mix\/wp-json\/wp\/v2\/media?parent=57341"}],"wp:term":[{"taxonomy":"category","embeddable":true,"href":"https:\/\/diariodocomercio.com.br\/mix\/wp-json\/wp\/v2\/categories?post=57341"},{"taxonomy":"post_tag","embeddable":true,"href":"https:\/\/diariodocomercio.com.br\/mix\/wp-json\/wp\/v2\/tags?post=57341"}],"curies":[{"name":"wp","href":"https:\/\/api.w.org\/{rel}","templated":true}]}}