{"id":57343,"date":"2026-09-01T01:26:00","date_gmt":"2026-09-01T04:26:00","guid":{"rendered":"https:\/\/diariodocomercio.com.br\/mix\/?p=57343"},"modified":"2026-08-31T17:34:06","modified_gmt":"2026-08-31T20:34:06","slug":"preco-de-alimento-que-praticamente-todo-brasileiro-tem-em-casa-sobe-22-e-vai-pesar-no-bolso-de-quem-faz-mercado","status":"publish","type":"post","link":"https:\/\/diariodocomercio.com.br\/mix\/preco-de-alimento-que-praticamente-todo-brasileiro-tem-em-casa-sobe-22-e-vai-pesar-no-bolso-de-quem-faz-mercado\/","title":{"rendered":"Pre\u00e7o de alimento que praticamente todo brasileiro tem em casa sobe 22% e vai pesar no bolso de quem faz mercado"},"content":{"rendered":"\n<p class=\"wp-block-paragraph\">O pre\u00e7o do <strong>arroz<\/strong> no Rio Grande do Sul registrou <strong>alta de 22%<\/strong> no per\u00edodo entre 1\u00ba de julho e 13 de agosto, conforme levantamento do Agro Mensal, relat\u00f3rio da Consultoria Agro do Ita\u00fa BBA. O valor da saca de 50 quilos passou de 60,33 reais para 73,60 reais, impulsionado pela redu\u00e7\u00e3o da oferta dispon\u00edvel e pela postura mais cautelosa dos produtores em rela\u00e7\u00e3o \u00e0 comercializa\u00e7\u00e3o.<\/p>\n\n\n\n<p class=\"wp-block-paragraph\">Os estoques mais enxutos e a necessidade de reposi\u00e7\u00e3o por parte da ind\u00fastria beneficiadora aumentaram a presen\u00e7a dos compradores no mercado, o que contribuiu para sustentar as cota\u00e7\u00f5es.<\/p>\n\n\n\n<p class=\"wp-block-paragraph\">Paralelamente, o mercado j\u00e1 come\u00e7a a considerar os reflexos da safra 2026\/27, com expectativa de nova queda na produ\u00e7\u00e3o brasileira e menor disponibilidade regional no Mercosul.<\/p>\n\n\n\n<h2 class=\"wp-block-heading\">Exporta\u00e7\u00f5es<\/h2>\n\n\n\n<p class=\"wp-block-paragraph\">As exporta\u00e7\u00f5es tamb\u00e9m exercem influ\u00eancia sobre o mercado interno. Embora os embarques tenham diminu\u00eddo em julho, o volume acumulado desde janeiro alcan\u00e7ou 1,2 milh\u00e3o de toneladas, n\u00famero 25% superior ao registrado no mesmo intervalo de 2025.<\/p>\n\n\n\n<p class=\"wp-block-paragraph\">A desvaloriza\u00e7\u00e3o cambial aumentou a competitividade do arroz brasileiro no exterior, dando suporte adicional aos pre\u00e7os dom\u00e9sticos.<\/p>\n\n\n\n<h2 class=\"wp-block-heading\">Influ\u00eancia do El Ni\u00f1o<\/h2>\n\n\n\n<p class=\"wp-block-paragraph\">Outro fator que passou a pesar nas proje\u00e7\u00f5es \u00e9 o fen\u00f4meno El Ni\u00f1o. A possibilidade de impactos clim\u00e1ticos sobre a produ\u00e7\u00e3o elevou o n\u00edvel de aten\u00e7\u00e3o em rela\u00e7\u00e3o \u00e0 oferta futura e ajudou a sustentar as cota\u00e7\u00f5es no per\u00edodo recente.<\/p>\n\n\n\n<p class=\"wp-block-paragraph\">Diante desse cen\u00e1rio, a Companhia Nacional de Abastecimento anunciou a compra de 310 mil toneladas de arroz por meio da Pol\u00edtica de Garantia de Pre\u00e7os M\u00ednimos. A medida tem como objetivo refor\u00e7ar os estoques p\u00fablicos e criar uma prote\u00e7\u00e3o contra poss\u00edveis efeitos clim\u00e1ticos sobre a produ\u00e7\u00e3o. A retirada desse volume do mercado tende a reduzir o excedente dispon\u00edvel e contribuir para o equil\u00edbrio entre oferta e demanda.<\/p>\n","protected":false},"excerpt":{"rendered":"<p>Outro fator que passou a pesar nas proje\u00e7\u00f5es \u00e9 o fen\u00f4meno El Ni\u00f1o. <\/p>\n","protected":false},"author":12,"featured_media":10783,"comment_status":"closed","ping_status":"closed","sticky":false,"template":"","format":"standard","meta":{"jnews-multi-image_gallery":[],"jnews_single_post":{"format":"standard"},"jnews_primary_category":[],"jnews_social_meta":[],"jnews_post_split":[],"footnotes":""},"categories":[1],"tags":[],"class_list":["post-57343","post","type-post","status-publish","format-standard","has-post-thumbnail","hentry","category-geral"],"_referencia":"","_links":{"self":[{"href":"https:\/\/diariodocomercio.com.br\/mix\/wp-json\/wp\/v2\/posts\/57343","targetHints":{"allow":["GET"]}}],"collection":[{"href":"https:\/\/diariodocomercio.com.br\/mix\/wp-json\/wp\/v2\/posts"}],"about":[{"href":"https:\/\/diariodocomercio.com.br\/mix\/wp-json\/wp\/v2\/types\/post"}],"author":[{"embeddable":true,"href":"https:\/\/diariodocomercio.com.br\/mix\/wp-json\/wp\/v2\/users\/12"}],"replies":[{"embeddable":true,"href":"https:\/\/diariodocomercio.com.br\/mix\/wp-json\/wp\/v2\/comments?post=57343"}],"version-history":[{"count":1,"href":"https:\/\/diariodocomercio.com.br\/mix\/wp-json\/wp\/v2\/posts\/57343\/revisions"}],"predecessor-version":[{"id":57345,"href":"https:\/\/diariodocomercio.com.br\/mix\/wp-json\/wp\/v2\/posts\/57343\/revisions\/57345"}],"wp:featuredmedia":[{"embeddable":true,"href":"https:\/\/diariodocomercio.com.br\/mix\/wp-json\/wp\/v2\/media\/10783"}],"wp:attachment":[{"href":"https:\/\/diariodocomercio.com.br\/mix\/wp-json\/wp\/v2\/media?parent=57343"}],"wp:term":[{"taxonomy":"category","embeddable":true,"href":"https:\/\/diariodocomercio.com.br\/mix\/wp-json\/wp\/v2\/categories?post=57343"},{"taxonomy":"post_tag","embeddable":true,"href":"https:\/\/diariodocomercio.com.br\/mix\/wp-json\/wp\/v2\/tags?post=57343"}],"curies":[{"name":"wp","href":"https:\/\/api.w.org\/{rel}","templated":true}]}}