{"id":57346,"date":"2026-09-01T02:06:00","date_gmt":"2026-09-01T05:06:00","guid":{"rendered":"https:\/\/diariodocomercio.com.br\/mix\/?p=57346"},"modified":"2026-08-31T17:40:58","modified_gmt":"2026-08-31T20:40:58","slug":"especialistas-pedem-que-brasileiros-se-preparem-para-o-que-vai-acontecer-com-o-clima-do-pais-em-setembro","status":"publish","type":"post","link":"https:\/\/diariodocomercio.com.br\/mix\/especialistas-pedem-que-brasileiros-se-preparem-para-o-que-vai-acontecer-com-o-clima-do-pais-em-setembro\/","title":{"rendered":"Especialistas pedem que brasileiros se preparem para o que vai acontecer com o clima do pa\u00eds em setembro"},"content":{"rendered":"\n<p class=\"wp-block-paragraph\">O Instituto Nacional de Meteorologia divulgou a <strong>previs\u00e3o clim\u00e1tica<\/strong> para o m\u00eas de <strong>setembro<\/strong>, indicando chuvas acima da m\u00e9dia hist\u00f3rica em \u00e1reas do Centro-Oeste, Sudeste, Sul e parte da regi\u00e3o Norte. As temperaturas tamb\u00e9m devem ficar elevadas na maior parte do pa\u00eds, com desvios que podem chegar a 2 graus Celsius acima da m\u00e9dia em algumas localidades.<\/p>\n\n\n\n<p class=\"wp-block-paragraph\">No Nordeste, a maior parte da regi\u00e3o ter\u00e1 precipita\u00e7\u00f5es dentro da normalidade, com exce\u00e7\u00e3o da faixa leste, que deve registrar volumes abaixo da m\u00e9dia.&nbsp;<\/p>\n\n\n\n<h2 class=\"wp-block-heading\">Sul<\/h2>\n\n\n\n<p class=\"wp-block-paragraph\">Na regi\u00e3o Sul, a tend\u00eancia \u00e9 de precipita\u00e7\u00f5es acima da m\u00e9dia na maior parte do Rio Grande do Sul. No entanto, nos setores oeste, sudoeste e nordeste do estado, al\u00e9m do leste de Santa Catarina, os acumulados devem ficar pr\u00f3ximos do normal.<\/p>\n\n\n\n<p class=\"wp-block-paragraph\">As temperaturas ficar\u00e3o dentro da m\u00e9dia na maior parte da regi\u00e3o, com exce\u00e7\u00e3o do leste do Paran\u00e1, onde os term\u00f4metros podem registrar at\u00e9 0,6 grau acima da m\u00e9dia.<\/p>\n\n\n\n<h2 class=\"wp-block-heading\">Sudeste<\/h2>\n\n\n\n<p class=\"wp-block-paragraph\">No Sudeste, a previs\u00e3o indica chuvas acima da m\u00e9dia hist\u00f3rica em praticamente toda a regi\u00e3o, com exce\u00e7\u00e3o do extremo norte de Minas Gerais, onde os volumes devem ficar dentro do esperado.<\/p>\n\n\n\n<p class=\"wp-block-paragraph\">As temperaturas tamb\u00e9m devem ficar acima da m\u00e9dia em grande parte da \u00e1rea, especialmente em Minas Gerais, Esp\u00edrito Santo e no Rio de Janeiro, com desvios de at\u00e9 1,5 grau. Em S\u00e3o Paulo, a faixa leste do estado pode registrar at\u00e9 1 grau acima da m\u00e9dia.<\/p>\n\n\n\n<h2 class=\"wp-block-heading\">Centro-Oeste<\/h2>\n\n\n\n<p class=\"wp-block-paragraph\">Para o Centro-Oeste, os acumulados de chuva devem ficar dentro da m\u00e9dia na maior parte da regi\u00e3o. As exce\u00e7\u00f5es s\u00e3o o centro-norte e sudeste de Mato Grosso, o sul, sudoeste e sudeste de Goi\u00e1s, e grande parte de Mato Grosso do Sul, onde as precipita\u00e7\u00f5es podem superar a m\u00e9dia.<\/p>\n\n\n\n<p class=\"wp-block-paragraph\">As temperaturas devem ficar at\u00e9 1,5 grau acima da m\u00e9dia no centro-leste de Mato Grosso e em grande parte de Goi\u00e1s.<\/p>\n\n\n\n<h2 class=\"wp-block-heading\">Nordeste<\/h2>\n\n\n\n<p class=\"wp-block-paragraph\">No Nordeste, os volumes de chuva devem permanecer dentro da normalidade na maior parte da regi\u00e3o. Chuvas acima da m\u00e9dia s\u00e3o esperadas apenas no sul do Piau\u00ed, sudoeste do Maranh\u00e3o e no oeste e sudeste da Bahia.<\/p>\n\n\n\n<p class=\"wp-block-paragraph\">J\u00e1 a faixa leste, que inclui partes do Rio Grande do Norte, Para\u00edba, Sergipe e Alagoas, deve registrar precipita\u00e7\u00f5es abaixo do normal. As temperaturas podem ficar at\u00e9 1,5 grau acima da m\u00e9dia em grande parte do Matopiba e na regi\u00e3o central da Bahia.<\/p>\n\n\n\n<h2 class=\"wp-block-heading\">Norte<\/h2>\n\n\n\n<p class=\"wp-block-paragraph\">Na regi\u00e3o Norte, predominam \u00e1reas com chuvas abaixo da m\u00e9dia, especialmente em Roraima, Amazonas e Par\u00e1. Acumulados pr\u00f3ximos ou acima da m\u00e9dia s\u00e3o esperados em Rond\u00f4nia, oeste do Acre, centro e norte do Amap\u00e1. As temperaturas devem ficar acima da m\u00e9dia em grande parte da regi\u00e3o, com desvios entre 1 e 2 graus, especialmente no centro e sudeste do Par\u00e1 e extremo oeste do Tocantins.<\/p>\n","protected":false},"excerpt":{"rendered":"<p>O Instituto Nacional de Meteorologia divulgou a previs\u00e3o clim\u00e1tica para o m\u00eas de setembro.<\/p>\n","protected":false},"author":12,"featured_media":10069,"comment_status":"closed","ping_status":"closed","sticky":false,"template":"","format":"standard","meta":{"jnews-multi-image_gallery":[],"jnews_single_post":{"format":"standard"},"jnews_primary_category":[],"jnews_social_meta":[],"jnews_post_split":[],"footnotes":""},"categories":[1],"tags":[],"class_list":["post-57346","post","type-post","status-publish","format-standard","has-post-thumbnail","hentry","category-geral"],"_referencia":"","_links":{"self":[{"href":"https:\/\/diariodocomercio.com.br\/mix\/wp-json\/wp\/v2\/posts\/57346","targetHints":{"allow":["GET"]}}],"collection":[{"href":"https:\/\/diariodocomercio.com.br\/mix\/wp-json\/wp\/v2\/posts"}],"about":[{"href":"https:\/\/diariodocomercio.com.br\/mix\/wp-json\/wp\/v2\/types\/post"}],"author":[{"embeddable":true,"href":"https:\/\/diariodocomercio.com.br\/mix\/wp-json\/wp\/v2\/users\/12"}],"replies":[{"embeddable":true,"href":"https:\/\/diariodocomercio.com.br\/mix\/wp-json\/wp\/v2\/comments?post=57346"}],"version-history":[{"count":2,"href":"https:\/\/diariodocomercio.com.br\/mix\/wp-json\/wp\/v2\/posts\/57346\/revisions"}],"predecessor-version":[{"id":57348,"href":"https:\/\/diariodocomercio.com.br\/mix\/wp-json\/wp\/v2\/posts\/57346\/revisions\/57348"}],"wp:featuredmedia":[{"embeddable":true,"href":"https:\/\/diariodocomercio.com.br\/mix\/wp-json\/wp\/v2\/media\/10069"}],"wp:attachment":[{"href":"https:\/\/diariodocomercio.com.br\/mix\/wp-json\/wp\/v2\/media?parent=57346"}],"wp:term":[{"taxonomy":"category","embeddable":true,"href":"https:\/\/diariodocomercio.com.br\/mix\/wp-json\/wp\/v2\/categories?post=57346"},{"taxonomy":"post_tag","embeddable":true,"href":"https:\/\/diariodocomercio.com.br\/mix\/wp-json\/wp\/v2\/tags?post=57346"}],"curies":[{"name":"wp","href":"https:\/\/api.w.org\/{rel}","templated":true}]}}