{"id":57349,"date":"2026-09-01T03:12:00","date_gmt":"2026-09-01T06:12:00","guid":{"rendered":"https:\/\/diariodocomercio.com.br\/mix\/?p=57349"},"modified":"2026-08-31T17:49:13","modified_gmt":"2026-08-31T20:49:13","slug":"preco-de-alimento-importante-para-os-brasileiros-sobe-mais-de-6-em-agosto-e-pode-aumentar-ainda-mais","status":"publish","type":"post","link":"https:\/\/diariodocomercio.com.br\/mix\/preco-de-alimento-importante-para-os-brasileiros-sobe-mais-de-6-em-agosto-e-pode-aumentar-ainda-mais\/","title":{"rendered":"Pre\u00e7o de alimento importante para os brasileiros sobe mais de 6% em agosto e pode aumentar ainda mais"},"content":{"rendered":"\n<p class=\"wp-block-paragraph\">Apesar do avan\u00e7o da colheita da safrinha e das proje\u00e7\u00f5es que apontam para um volume recorde de produ\u00e7\u00e3o, o <strong>milho<\/strong> continua registrando <strong>eleva\u00e7\u00e3o de pre\u00e7os<\/strong> no pa\u00eds. O movimento de alta \u00e9 apontado pelo Centro de Estudos Avan\u00e7ados em Economia Aplicada, que monitora as negocia\u00e7\u00f5es no setor.<\/p>\n\n\n\n<p class=\"wp-block-paragraph\">Levantamento do Cepea mostra que o indicador calculado com base nas transa\u00e7\u00f5es realizadas em Campinas, interior paulista, atingiu 69,51 reais no dia 28 de agosto. O valor representa um crescimento de 6,53% em rela\u00e7\u00e3o ao in\u00edcio do m\u00eas, em um cen\u00e1rio marcado pela cautela entre os agentes do mercado.<\/p>\n\n\n\n<h2 class=\"wp-block-heading\">Reten\u00e7\u00e3o da oferta<\/h2>\n\n\n\n<p class=\"wp-block-paragraph\">De acordo com a an\u00e1lise do centro de pesquisas, os produtores t\u00eam adotado uma postura de <strong>reten\u00e7\u00e3o da oferta,<\/strong> na expectativa de que os pre\u00e7os internacionais continuem em trajet\u00f3ria de alta e ofere\u00e7am melhores oportunidades de neg\u00f3cio. Essa estrat\u00e9gia reduz a quantidade de milho dispon\u00edvel no mercado interno e exerce press\u00e3o sobre as cota\u00e7\u00f5es.<\/p>\n\n\n\n<p class=\"wp-block-paragraph\">Do lado dos compradores, a situa\u00e7\u00e3o \u00e9 de ajuste. Uma parcela dos consumidores, especialmente aqueles com necessidade imediata de reposi\u00e7\u00e3o, tem aceitado pagar os valores mais elevados praticados pelos vendedores. Outros, no entanto, preferem utilizar os estoques j\u00e1 acumulados para evitar aquisi\u00e7\u00f5es no momento atual, com pre\u00e7os mais altos.<\/p>\n\n\n\n<p class=\"wp-block-paragraph\">O comportamento do mercado reflete um descompasso entre oferta e demanda no curto prazo. Embora a produ\u00e7\u00e3o recorde fosse esperada para conter as altas, a combina\u00e7\u00e3o de reten\u00e7\u00e3o de estoques pelos produtores e a busca por reposi\u00e7\u00e3o imediata por parte da ind\u00fastria tem sustentado a tend\u00eancia de valoriza\u00e7\u00e3o.&nbsp;<\/p>\n","protected":false},"excerpt":{"rendered":"<p>Uma parcela dos consumidores tem aceitado pagar os valores mais elevados.<\/p>\n","protected":false},"author":12,"featured_media":29512,"comment_status":"closed","ping_status":"closed","sticky":false,"template":"","format":"standard","meta":{"jnews-multi-image_gallery":[],"jnews_single_post":{"format":"standard"},"jnews_primary_category":[],"jnews_social_meta":[],"jnews_post_split":[],"footnotes":""},"categories":[1],"tags":[],"class_list":["post-57349","post","type-post","status-publish","format-standard","has-post-thumbnail","hentry","category-geral"],"_referencia":"","_links":{"self":[{"href":"https:\/\/diariodocomercio.com.br\/mix\/wp-json\/wp\/v2\/posts\/57349","targetHints":{"allow":["GET"]}}],"collection":[{"href":"https:\/\/diariodocomercio.com.br\/mix\/wp-json\/wp\/v2\/posts"}],"about":[{"href":"https:\/\/diariodocomercio.com.br\/mix\/wp-json\/wp\/v2\/types\/post"}],"author":[{"embeddable":true,"href":"https:\/\/diariodocomercio.com.br\/mix\/wp-json\/wp\/v2\/users\/12"}],"replies":[{"embeddable":true,"href":"https:\/\/diariodocomercio.com.br\/mix\/wp-json\/wp\/v2\/comments?post=57349"}],"version-history":[{"count":2,"href":"https:\/\/diariodocomercio.com.br\/mix\/wp-json\/wp\/v2\/posts\/57349\/revisions"}],"predecessor-version":[{"id":57351,"href":"https:\/\/diariodocomercio.com.br\/mix\/wp-json\/wp\/v2\/posts\/57349\/revisions\/57351"}],"wp:featuredmedia":[{"embeddable":true,"href":"https:\/\/diariodocomercio.com.br\/mix\/wp-json\/wp\/v2\/media\/29512"}],"wp:attachment":[{"href":"https:\/\/diariodocomercio.com.br\/mix\/wp-json\/wp\/v2\/media?parent=57349"}],"wp:term":[{"taxonomy":"category","embeddable":true,"href":"https:\/\/diariodocomercio.com.br\/mix\/wp-json\/wp\/v2\/categories?post=57349"},{"taxonomy":"post_tag","embeddable":true,"href":"https:\/\/diariodocomercio.com.br\/mix\/wp-json\/wp\/v2\/tags?post=57349"}],"curies":[{"name":"wp","href":"https:\/\/api.w.org\/{rel}","templated":true}]}}