{"id":57352,"date":"2026-09-01T04:37:00","date_gmt":"2026-09-01T07:37:00","guid":{"rendered":"https:\/\/diariodocomercio.com.br\/mix\/?p=57352"},"modified":"2026-08-31T18:00:07","modified_gmt":"2026-08-31T21:00:07","slug":"duas-ondas-de-frio-chegam-ao-brasil-e-temperaturas-podem-ficar-abaixo-de-0c-em-setembro","status":"publish","type":"post","link":"https:\/\/diariodocomercio.com.br\/mix\/duas-ondas-de-frio-chegam-ao-brasil-e-temperaturas-podem-ficar-abaixo-de-0c-em-setembro\/","title":{"rendered":"Duas ondas de frio chegam ao Brasil e temperaturas podem ficar abaixo de 0\u00b0C em setembro"},"content":{"rendered":"\n<p class=\"wp-block-paragraph\">O <strong>centro-sul do pa\u00eds<\/strong> ter\u00e1 uma semana de <strong>temperaturas baixas<\/strong> e queda brusca nos term\u00f4metros, com a chegada de duas ondas de ar frio. De acordo com o Meteored, a primeira delas come\u00e7a a atuar j\u00e1 nos primeiros dias de setembro e deve ser intensa para a \u00e9poca. Mas o alerta principal \u00e9 para o per\u00edodo <strong>entre os dias 5 e 6,<\/strong> quando uma massa de ar ainda mais gelada deve atingir a regi\u00e3o e se estender por estados do Sudeste e do Centro-Oeste.<\/p>\n\n\n\n<p class=\"wp-block-paragraph\">A passagem de um <strong>ciclone extratropical<\/strong> no in\u00edcio da semana ajuda a puxar o ar frio para o interior do continente. O sistema avan\u00e7a primeiro sobre Santa Catarina, Paran\u00e1 e Rio Grande do Sul, onde as chuvas e os ventos j\u00e1 d\u00e3o o tom do tempo inst\u00e1vel. A partir da ter\u00e7a-feira, 1\u00ba de setembro, as temperaturas come\u00e7am a cair nessas \u00e1reas, com reflexos em Mato Grosso do Sul e em S\u00e3o Paulo.<\/p>\n\n\n\n<h2 class=\"wp-block-heading\">Dia mais gelado<\/h2>\n\n\n\n<p class=\"wp-block-paragraph\">A quarta-feira, 2, deve ser o dia mais gelado desse primeiro per\u00edodo. Nas serras ga\u00facha e catarinense, os term\u00f4metros podem marcar <strong>abaixo de zero<\/strong>. Na quinta, 3, o frio perde for\u00e7a, mas ainda alcan\u00e7a o sul de Minas Gerais, o Tri\u00e2ngulo Mineiro, o Rio de Janeiro e o sul do Esp\u00edrito Santo.<\/p>\n\n\n\n<p class=\"wp-block-paragraph\">Entre o s\u00e1bado, 5, e o domingo, 6, uma nova frente fria, formada no oceano, deve trazer outra massa de ar polar. Essa segunda onda ser\u00e1 mais intensa e vai se sobrepor \u00e0 primeira, provocando uma queda ainda maior nas temperaturas. O pico do frio est\u00e1 previsto para a segunda-feira, 7, feriado da Independ\u00eancia. Nesse dia, a previs\u00e3o indica negativas no norte ga\u00facho, em Santa Catarina e no sul paranaense.<\/p>\n\n\n\n<p class=\"wp-block-paragraph\">No Sudeste, a expectativa \u00e9 de um frio parecido com o que foi registrado nos dias mais rigorosos do inverno. S\u00e3o Paulo, sul de Minas e Rio de Janeiro devem sentir os efeitos da massa de ar.&nbsp;<\/p>\n","protected":false},"excerpt":{"rendered":"<p>A passagem de um ciclone extratropical no in\u00edcio da semana ajuda a puxar o ar frio para o interior do continente. <\/p>\n","protected":false},"author":12,"featured_media":13451,"comment_status":"closed","ping_status":"closed","sticky":false,"template":"","format":"standard","meta":{"jnews-multi-image_gallery":[],"jnews_single_post":{"format":"standard"},"jnews_primary_category":[],"jnews_social_meta":[],"jnews_post_split":[],"footnotes":""},"categories":[1],"tags":[],"class_list":["post-57352","post","type-post","status-publish","format-standard","has-post-thumbnail","hentry","category-geral"],"_referencia":"","_links":{"self":[{"href":"https:\/\/diariodocomercio.com.br\/mix\/wp-json\/wp\/v2\/posts\/57352","targetHints":{"allow":["GET"]}}],"collection":[{"href":"https:\/\/diariodocomercio.com.br\/mix\/wp-json\/wp\/v2\/posts"}],"about":[{"href":"https:\/\/diariodocomercio.com.br\/mix\/wp-json\/wp\/v2\/types\/post"}],"author":[{"embeddable":true,"href":"https:\/\/diariodocomercio.com.br\/mix\/wp-json\/wp\/v2\/users\/12"}],"replies":[{"embeddable":true,"href":"https:\/\/diariodocomercio.com.br\/mix\/wp-json\/wp\/v2\/comments?post=57352"}],"version-history":[{"count":3,"href":"https:\/\/diariodocomercio.com.br\/mix\/wp-json\/wp\/v2\/posts\/57352\/revisions"}],"predecessor-version":[{"id":57375,"href":"https:\/\/diariodocomercio.com.br\/mix\/wp-json\/wp\/v2\/posts\/57352\/revisions\/57375"}],"wp:featuredmedia":[{"embeddable":true,"href":"https:\/\/diariodocomercio.com.br\/mix\/wp-json\/wp\/v2\/media\/13451"}],"wp:attachment":[{"href":"https:\/\/diariodocomercio.com.br\/mix\/wp-json\/wp\/v2\/media?parent=57352"}],"wp:term":[{"taxonomy":"category","embeddable":true,"href":"https:\/\/diariodocomercio.com.br\/mix\/wp-json\/wp\/v2\/categories?post=57352"},{"taxonomy":"post_tag","embeddable":true,"href":"https:\/\/diariodocomercio.com.br\/mix\/wp-json\/wp\/v2\/tags?post=57352"}],"curies":[{"name":"wp","href":"https:\/\/api.w.org\/{rel}","templated":true}]}}