{"id":57356,"date":"2026-09-05T20:38:00","date_gmt":"2026-09-05T23:38:00","guid":{"rendered":"https:\/\/diariodocomercio.com.br\/mix\/?p=57356"},"modified":"2026-08-31T18:28:17","modified_gmt":"2026-08-31T21:28:17","slug":"governo-confirma-informacao-e-servico-do-inss-tem-data-para-acabar-pagamentos-serao-encerrados-no-dia-08-09","status":"publish","type":"post","link":"https:\/\/diariodocomercio.com.br\/mix\/governo-confirma-informacao-e-servico-do-inss-tem-data-para-acabar-pagamentos-serao-encerrados-no-dia-08-09\/","title":{"rendered":"Governo confirma informa\u00e7\u00e3o e servi\u00e7o do INSS tem data para acabar: pagamentos ser\u00e3o encerrados no dia 08\/09"},"content":{"rendered":"\n<p class=\"wp-block-paragraph\">O <strong>Instituto Nacional do Seguro Social<\/strong> retomou no \u00faltimo dia 31 de agosto os dep\u00f3sitos da folha de pagamento referente ao m\u00eas de agosto. O calend\u00e1rio se estende <strong>at\u00e9 o dia 8 de setembro<\/strong>, quando ser\u00e1 encerrado, e contempla tanto os benefici\u00e1rios que recebem at\u00e9 um sal\u00e1rio m\u00ednimo quanto aqueles com rendimentos acima do piso nacional.<\/p>\n\n\n\n<p class=\"wp-block-paragraph\">Para os segurados com benef\u00edcio de valor <strong>igual ao sal\u00e1rio m\u00ednimo,<\/strong> o cronograma \u00e9 definido pelo \u00faltimo d\u00edgito do cart\u00e3o de benef\u00edcio, desconsiderando-se o n\u00famero ap\u00f3s o tra\u00e7o. O calend\u00e1rio para esse grupo \u00e9 o seguinte:<\/p>\n\n\n\n<ul class=\"wp-block-list\">\n<li>Final 5: 31 de agosto;<\/li>\n\n\n\n<li>Final 6: 1\u00ba de setembro;<\/li>\n\n\n\n<li>Final 7: 2 de setembro;<\/li>\n\n\n\n<li>Final 8: 3 de setembro;<\/li>\n\n\n\n<li>Final 9: 4 de setembro;<\/li>\n\n\n\n<li>Final 0: 8 de setembro.<\/li>\n<\/ul>\n\n\n\n<p class=\"wp-block-paragraph\">J\u00e1 os segurados que recebem valores <strong>acima do sal\u00e1rio m\u00ednimo<\/strong> t\u00eam um calend\u00e1rio com dois finais por dia de pagamento:<\/p>\n\n\n\n<ul class=\"wp-block-list\">\n<li>Finais 1 e 6: 1\u00ba de setembro;<\/li>\n\n\n\n<li>Finais 2 e 7: 2 de setembro;<\/li>\n\n\n\n<li>Finais 3 e 8: 3 de setembro;<\/li>\n\n\n\n<li>Finais 4 e 9: 4 de setembro;<\/li>\n\n\n\n<li>Finais 5 e 0: 8 de setembro.<\/li>\n<\/ul>\n\n\n\n<h2 class=\"wp-block-heading\">Onde encontrar mais informa\u00e7\u00f5es<\/h2>\n\n\n\n<p class=\"wp-block-paragraph\">Os benefici\u00e1rios podem verificar a data exata do dep\u00f3sito por meio do aplicativo ou site <strong>Meu INSS,<\/strong> no servi\u00e7o Extrato de pagamento, que detalha as informa\u00e7\u00f5es do benef\u00edcio e a previs\u00e3o de cr\u00e9dito. Outra op\u00e7\u00e3o \u00e9 o telefone 135, que atende de segunda a s\u00e1bado, das 7h \u00e0s 22h.<\/p>\n\n\n\n<p class=\"wp-block-paragraph\">A programa\u00e7\u00e3o de agosto termina no dia 8 de setembro, quando s\u00e3o pagos os \u00faltimos finais de ambos os grupos. A partir dessa data, o INSS j\u00e1 deve iniciar os preparativos para o calend\u00e1rio do m\u00eas seguinte.<\/p>\n","protected":false},"excerpt":{"rendered":"<p>Benefici\u00e1rios podem verificar datas por meio do aplicativo ou site Meu INSS.<\/p>\n","protected":false},"author":12,"featured_media":15469,"comment_status":"closed","ping_status":"closed","sticky":false,"template":"","format":"standard","meta":{"jnews-multi-image_gallery":[],"jnews_single_post":{"format":"standard"},"jnews_primary_category":[],"jnews_social_meta":[],"jnews_post_split":[],"footnotes":""},"categories":[1],"tags":[],"class_list":["post-57356","post","type-post","status-publish","format-standard","has-post-thumbnail","hentry","category-geral"],"_referencia":"","_links":{"self":[{"href":"https:\/\/diariodocomercio.com.br\/mix\/wp-json\/wp\/v2\/posts\/57356","targetHints":{"allow":["GET"]}}],"collection":[{"href":"https:\/\/diariodocomercio.com.br\/mix\/wp-json\/wp\/v2\/posts"}],"about":[{"href":"https:\/\/diariodocomercio.com.br\/mix\/wp-json\/wp\/v2\/types\/post"}],"author":[{"embeddable":true,"href":"https:\/\/diariodocomercio.com.br\/mix\/wp-json\/wp\/v2\/users\/12"}],"replies":[{"embeddable":true,"href":"https:\/\/diariodocomercio.com.br\/mix\/wp-json\/wp\/v2\/comments?post=57356"}],"version-history":[{"count":2,"href":"https:\/\/diariodocomercio.com.br\/mix\/wp-json\/wp\/v2\/posts\/57356\/revisions"}],"predecessor-version":[{"id":57358,"href":"https:\/\/diariodocomercio.com.br\/mix\/wp-json\/wp\/v2\/posts\/57356\/revisions\/57358"}],"wp:featuredmedia":[{"embeddable":true,"href":"https:\/\/diariodocomercio.com.br\/mix\/wp-json\/wp\/v2\/media\/15469"}],"wp:attachment":[{"href":"https:\/\/diariodocomercio.com.br\/mix\/wp-json\/wp\/v2\/media?parent=57356"}],"wp:term":[{"taxonomy":"category","embeddable":true,"href":"https:\/\/diariodocomercio.com.br\/mix\/wp-json\/wp\/v2\/categories?post=57356"},{"taxonomy":"post_tag","embeddable":true,"href":"https:\/\/diariodocomercio.com.br\/mix\/wp-json\/wp\/v2\/tags?post=57356"}],"curies":[{"name":"wp","href":"https:\/\/api.w.org\/{rel}","templated":true}]}}