{"id":57359,"date":"2026-09-05T21:25:00","date_gmt":"2026-09-06T00:25:00","guid":{"rendered":"https:\/\/diariodocomercio.com.br\/mix\/?p=57359"},"modified":"2026-08-31T18:40:15","modified_gmt":"2026-08-31T21:40:15","slug":"promessa-feita-a-brasileiros-pode-acabar-com-a-cobranca-do-ipva-caso-seja-cumprida","status":"publish","type":"post","link":"https:\/\/diariodocomercio.com.br\/mix\/promessa-feita-a-brasileiros-pode-acabar-com-a-cobranca-do-ipva-caso-seja-cumprida\/","title":{"rendered":"Promessa feita a brasileiros pode acabar com a cobran\u00e7a do IPVA caso seja cumprida"},"content":{"rendered":"\n<p class=\"wp-block-paragraph\">A promessa de <strong>reduzir ou zerar o IPVA para motos de baixa cilindrada<\/strong> ganhou espa\u00e7o nas propostas de candidatos ao governo em pelo menos tr\u00eas estados nas elei\u00e7\u00f5es de 2026.<\/p>\n\n\n\n<p class=\"wp-block-paragraph\">Jo\u00e3o Campos, do PSB, candidato em <strong>Pernambuco<\/strong>; Orleans Brand\u00e3o, do MDB, no <strong>Maranh\u00e3o<\/strong>; e Douglas Ruas, do PL, no <strong>Rio de Janeiro<\/strong>, inclu\u00edram em seus planos de governo medidas que beneficiam motos de at\u00e9 180 cilindradas, modelo amplamente utilizado por entregadores e trabalhadores de aplicativos.<\/p>\n\n\n\n<h2 class=\"wp-block-heading\">Pernambuco<\/h2>\n\n\n\n<p class=\"wp-block-paragraph\">Em Pernambuco, a proposta de Jo\u00e3o Campos prev\u00ea a cria\u00e7\u00e3o de uma pol\u00edtica estadual de apoio aos trabalhadores de duas rodas, com isen\u00e7\u00e3o do IPVA para motos de at\u00e9 180 cilindradas.<\/p>\n\n\n\n<p class=\"wp-block-paragraph\">O plano tamb\u00e9m contempla a expans\u00e3o de pontos de apoio com estrutura para descanso, \u00e1gua, banheiro, internet e carregamento de equipamentos.<\/p>\n\n\n\n<h2 class=\"wp-block-heading\">Maranh\u00e3o<\/h2>\n\n\n\n<p class=\"wp-block-paragraph\">No Maranh\u00e3o, Orleans Brand\u00e3o prop\u00f5e ampliar a faixa de isen\u00e7\u00e3o j\u00e1 existente no estado, que atualmente beneficia ve\u00edculos de at\u00e9 170 cilindradas, para 180 cilindradas.<\/p>\n\n\n\n<h2 class=\"wp-block-heading\">Rio de Janeiro<\/h2>\n\n\n\n<p class=\"wp-block-paragraph\">J\u00e1 no Rio de Janeiro, Douglas Ruas promete zerar o IPVA para a mesma faixa de cilindrada e incluiu a medida em um pacote mais amplo chamado &#8220;RJ na Pista&#8221;, que tamb\u00e9m prev\u00ea linha de cr\u00e9dito para aquisi\u00e7\u00e3o de ve\u00edculos e convers\u00e3o para GNV. O candidato Eduardo Paes, do PSD, que tamb\u00e9m disputa o governo do Rio, anunciou proposta semelhante.<\/p>\n\n\n\n<h2 class=\"wp-block-heading\">Escolha do limite de 180 cilindradas<\/h2>\n\n\n\n<p class=\"wp-block-paragraph\">A escolha do limite de 180 cilindradas n\u00e3o \u00e9 aleat\u00f3ria. Esse corte abrange motos populares como a Honda CG 160, que responde por cerca de 32% das vendas da marca no pa\u00eds e \u00e9 amplamente utilizada por entregadores.<\/p>\n\n\n\n<p class=\"wp-block-paragraph\">Para esses profissionais, a redu\u00e7\u00e3o do IPVA representa uma queda no custo de propriedade, que j\u00e1 inclui combust\u00edvel, manuten\u00e7\u00e3o, equipamentos de seguran\u00e7a e financiamentos.<\/p>\n","protected":false},"excerpt":{"rendered":"<p>A promessa de reduzir ou zerar o IPVA ganhou espa\u00e7o em propostas.<\/p>\n","protected":false},"author":12,"featured_media":30011,"comment_status":"closed","ping_status":"closed","sticky":false,"template":"","format":"standard","meta":{"jnews-multi-image_gallery":[],"jnews_single_post":{"format":"standard"},"jnews_primary_category":[],"jnews_social_meta":[],"jnews_post_split":[],"footnotes":""},"categories":[1],"tags":[],"class_list":["post-57359","post","type-post","status-publish","format-standard","has-post-thumbnail","hentry","category-geral"],"_referencia":"","_links":{"self":[{"href":"https:\/\/diariodocomercio.com.br\/mix\/wp-json\/wp\/v2\/posts\/57359","targetHints":{"allow":["GET"]}}],"collection":[{"href":"https:\/\/diariodocomercio.com.br\/mix\/wp-json\/wp\/v2\/posts"}],"about":[{"href":"https:\/\/diariodocomercio.com.br\/mix\/wp-json\/wp\/v2\/types\/post"}],"author":[{"embeddable":true,"href":"https:\/\/diariodocomercio.com.br\/mix\/wp-json\/wp\/v2\/users\/12"}],"replies":[{"embeddable":true,"href":"https:\/\/diariodocomercio.com.br\/mix\/wp-json\/wp\/v2\/comments?post=57359"}],"version-history":[{"count":2,"href":"https:\/\/diariodocomercio.com.br\/mix\/wp-json\/wp\/v2\/posts\/57359\/revisions"}],"predecessor-version":[{"id":57361,"href":"https:\/\/diariodocomercio.com.br\/mix\/wp-json\/wp\/v2\/posts\/57359\/revisions\/57361"}],"wp:featuredmedia":[{"embeddable":true,"href":"https:\/\/diariodocomercio.com.br\/mix\/wp-json\/wp\/v2\/media\/30011"}],"wp:attachment":[{"href":"https:\/\/diariodocomercio.com.br\/mix\/wp-json\/wp\/v2\/media?parent=57359"}],"wp:term":[{"taxonomy":"category","embeddable":true,"href":"https:\/\/diariodocomercio.com.br\/mix\/wp-json\/wp\/v2\/categories?post=57359"},{"taxonomy":"post_tag","embeddable":true,"href":"https:\/\/diariodocomercio.com.br\/mix\/wp-json\/wp\/v2\/tags?post=57359"}],"curies":[{"name":"wp","href":"https:\/\/api.w.org\/{rel}","templated":true}]}}